{"id":1677,"date":"2010-07-01T11:00:04","date_gmt":"2010-07-01T09:00:04","guid":{"rendered":"http:\/\/blog.zeit.de\/zeit-der-leser\/?p=1677"},"modified":"2010-06-30T13:45:35","modified_gmt":"2010-06-30T11:45:35","slug":"rassismus-an-der-discotur","status":"publish","type":"post","link":"https:\/\/blog.zeit.de\/zeit-der-leser\/2010\/07\/01\/rassismus-an-der-discotur\/","title":{"rendered":"Rassismus an der Discot\u00fcr"},"content":{"rendered":"<p>T\u00fcrsteher m\u00fcssen nicht jede Person in ihren Club lassen, daf\u00fcr gibt es gute Gr\u00fcnde: Vielleicht ist jemand zu jung, nicht gut genug gekleidet, oder der Raum ist einfach \u00fcberf\u00fcllt. Dass bei diesem Auswahlverfahren manchmal aber auch offener Rassismus eine Rolle spielt, das musste ich vor ein paar Wochen vor einem Club in meiner Heimatstadt<br \/>\nerleben. Als ich mit einigen Freunden, zwei davon afrikanischer Herkunft, zum Eingang kam, gab uns einer der T\u00fcrsteher zu verstehen, dass diese beiden drau\u00dfen bleiben m\u00fcssten. Seine Antwort auf die Frage nach einer Begr\u00fcndung lautete: &#8222;Die kommen hier nicht rein. Das ist die Begr\u00fcndung.&#8220; Als ich bemerkte, dass dies rassistisch sei, erntete ich nur Gleichg\u00fcltigkeit, auch von den anderen T\u00fcrstehern. Dieser Vorfall hat mich sehr w\u00fctend gemacht. Ich konnte kaum fassen, mit so offenem Rassismus konfrontiert worden zu sein, und das in Deutschland. Doch einer der Freunde, gegen den er gerichtet war, meinte, ich solle mich nicht \u00e4rgern, das w\u00fcrde \u00f6fter passieren.<br \/>\nMan m\u00fcsse es eben akzeptieren. Aber gerade diese Normalit\u00e4t finde ich ungeheuerlich. In unserer Gesellschaft, die immer multikultureller wird, ist Rassentrennung anscheinend immer noch allt\u00e4glich.<\/p>\n<p><em>Christina Gotter, K\u00f6nigswinter<\/em><\/p>\n","protected":false},"excerpt":{"rendered":"<p>T\u00fcrsteher m\u00fcssen nicht jede Person in ihren Club lassen, daf\u00fcr gibt es gute Gr\u00fcnde: Vielleicht ist jemand zu jung, nicht gut genug gekleidet, oder der Raum ist einfach \u00fcberf\u00fcllt. Dass bei diesem Auswahlverfahren manchmal aber auch offener Rassismus eine Rolle spielt, das musste ich vor ein paar Wochen vor einem Club in meiner Heimatstadt erleben. [&hellip;]<\/p>\n","protected":false},"author":264,"featured_media":0,"comment_status":"open","ping_status":"open","sticky":false,"template":"","format":"standard","meta":{"_jetpack_memberships_contains_paid_content":false,"footnotes":""},"categories":[1869],"tags":[],"class_list":["post-1677","post","type-post","status-publish","format-standard","hentry","category-das-regt-mich-auf"],"yoast_head":"<!-- This site is optimized with the Yoast SEO plugin v21.0 - https:\/\/yoast.com\/wordpress\/plugins\/seo\/ -->\n<title>Rassismus an der Discot\u00fcr - ZEIT der Leser<\/title>\n<meta name=\"robots\" content=\"index, follow, max-snippet:-1, max-image-preview:large, max-video-preview:-1\" \/>\n<link rel=\"canonical\" href=\"https:\/\/blog.zeit.de\/zeit-der-leser\/2010\/07\/01\/rassismus-an-der-discotur\/\" \/>\n<meta property=\"og:locale\" content=\"de_DE\" \/>\n<meta property=\"og:type\" content=\"article\" \/>\n<meta property=\"og:title\" content=\"Rassismus an der Discot\u00fcr - ZEIT der Leser\" \/>\n<meta property=\"og:description\" content=\"T\u00fcrsteher m\u00fcssen nicht jede Person in ihren Club lassen, daf\u00fcr gibt es gute Gr\u00fcnde: Vielleicht ist jemand zu jung, nicht gut genug gekleidet, oder der Raum ist einfach \u00fcberf\u00fcllt. Dass bei diesem Auswahlverfahren manchmal aber auch offener Rassismus eine Rolle spielt, das musste ich vor ein paar Wochen vor einem Club in meiner Heimatstadt erleben. [&hellip;]\" \/>\n<meta property=\"og:url\" content=\"https:\/\/blog.zeit.de\/zeit-der-leser\/2010\/07\/01\/rassismus-an-der-discotur\/\" \/>\n<meta property=\"og:site_name\" content=\"ZEIT der Leser\" \/>\n<meta property=\"article:published_time\" content=\"2010-07-01T09:00:04+00:00\" \/>\n<meta property=\"article:modified_time\" content=\"2010-06-30T11:45:35+00:00\" \/>\n<meta name=\"author\" content=\"Zeit der Leser\" \/>\n<meta name=\"twitter:card\" content=\"summary_large_image\" \/>\n<meta name=\"twitter:label1\" content=\"Geschrieben von\" \/>\n\t<meta name=\"twitter:data1\" content=\"Zeit der Leser\" \/>\n\t<meta name=\"twitter:label2\" content=\"Gesch\u00e4tzte Lesezeit\" \/>\n\t<meta name=\"twitter:data2\" content=\"1\u00a0Minute\" \/>\n<script type=\"application\/ld+json\" class=\"yoast-schema-graph\">{\"@context\":\"https:\/\/schema.org\",\"@graph\":[{\"@type\":\"WebPage\",\"@id\":\"https:\/\/blog.zeit.de\/zeit-der-leser\/2010\/07\/01\/rassismus-an-der-discotur\/\",\"url\":\"https:\/\/blog.zeit.de\/zeit-der-leser\/2010\/07\/01\/rassismus-an-der-discotur\/\",\"name\":\"Rassismus an der Discot\u00fcr - ZEIT der Leser\",\"isPartOf\":{\"@id\":\"https:\/\/blog.zeit.de\/zeit-der-leser\/#website\"},\"datePublished\":\"2010-07-01T09:00:04+00:00\",\"dateModified\":\"2010-06-30T11:45:35+00:00\",\"author\":{\"@id\":\"https:\/\/blog.zeit.de\/zeit-der-leser\/#\/schema\/person\/e248c7ff5a10552f6a3bd5e9385b3667\"},\"breadcrumb\":{\"@id\":\"https:\/\/blog.zeit.de\/zeit-der-leser\/2010\/07\/01\/rassismus-an-der-discotur\/#breadcrumb\"},\"inLanguage\":\"de\",\"potentialAction\":[{\"@type\":\"ReadAction\",\"target\":[\"https:\/\/blog.zeit.de\/zeit-der-leser\/2010\/07\/01\/rassismus-an-der-discotur\/\"]}]},{\"@type\":\"BreadcrumbList\",\"@id\":\"https:\/\/blog.zeit.de\/zeit-der-leser\/2010\/07\/01\/rassismus-an-der-discotur\/#breadcrumb\",\"itemListElement\":[{\"@type\":\"ListItem\",\"position\":1,\"name\":\"Startseite\",\"item\":\"https:\/\/blog.zeit.de\/zeit-der-leser\/\"},{\"@type\":\"ListItem\",\"position\":2,\"name\":\"Rassismus an der Discot\u00fcr\"}]},{\"@type\":\"WebSite\",\"@id\":\"https:\/\/blog.zeit.de\/zeit-der-leser\/#website\",\"url\":\"https:\/\/blog.zeit.de\/zeit-der-leser\/\",\"name\":\"ZEIT der Leser\",\"description\":\"Ein Blog mit Ihren Notizen, Gedichten und Bildern f\u00fcr die gedruckte ZEIT\",\"potentialAction\":[{\"@type\":\"SearchAction\",\"target\":{\"@type\":\"EntryPoint\",\"urlTemplate\":\"https:\/\/blog.zeit.de\/zeit-der-leser\/?s={search_term_string}\"},\"query-input\":\"required name=search_term_string\"}],\"inLanguage\":\"de\"},{\"@type\":\"Person\",\"@id\":\"https:\/\/blog.zeit.de\/zeit-der-leser\/#\/schema\/person\/e248c7ff5a10552f6a3bd5e9385b3667\",\"name\":\"Zeit der Leser\",\"image\":{\"@type\":\"ImageObject\",\"inLanguage\":\"de\",\"@id\":\"https:\/\/blog.zeit.de\/zeit-der-leser\/#\/schema\/person\/image\/\",\"url\":\"https:\/\/secure.gravatar.com\/avatar\/529bb2731085995bda6c8ba0e4da7e528ea8be4e6c7abdd217f176e2309035f6?s=96&d=mm&r=g\",\"contentUrl\":\"https:\/\/secure.gravatar.com\/avatar\/529bb2731085995bda6c8ba0e4da7e528ea8be4e6c7abdd217f176e2309035f6?s=96&d=mm&r=g\",\"caption\":\"Zeit der Leser\"},\"url\":\"https:\/\/blog.zeit.de\/zeit-der-leser\/author\/zeit-der-leser\/\"}]}<\/script>\n<!-- \/ Yoast SEO plugin. -->","yoast_head_json":{"title":"Rassismus an der Discot\u00fcr - ZEIT der Leser","robots":{"index":"index","follow":"follow","max-snippet":"max-snippet:-1","max-image-preview":"max-image-preview:large","max-video-preview":"max-video-preview:-1"},"canonical":"https:\/\/blog.zeit.de\/zeit-der-leser\/2010\/07\/01\/rassismus-an-der-discotur\/","og_locale":"de_DE","og_type":"article","og_title":"Rassismus an der Discot\u00fcr - ZEIT der Leser","og_description":"T\u00fcrsteher m\u00fcssen nicht jede Person in ihren Club lassen, daf\u00fcr gibt es gute Gr\u00fcnde: Vielleicht ist jemand zu jung, nicht gut genug gekleidet, oder der Raum ist einfach \u00fcberf\u00fcllt. Dass bei diesem Auswahlverfahren manchmal aber auch offener Rassismus eine Rolle spielt, das musste ich vor ein paar Wochen vor einem Club in meiner Heimatstadt erleben. [&hellip;]","og_url":"https:\/\/blog.zeit.de\/zeit-der-leser\/2010\/07\/01\/rassismus-an-der-discotur\/","og_site_name":"ZEIT der Leser","article_published_time":"2010-07-01T09:00:04+00:00","article_modified_time":"2010-06-30T11:45:35+00:00","author":"Zeit der Leser","twitter_card":"summary_large_image","twitter_misc":{"Geschrieben von":"Zeit der Leser","Gesch\u00e4tzte Lesezeit":"1\u00a0Minute"},"schema":{"@context":"https:\/\/schema.org","@graph":[{"@type":"WebPage","@id":"https:\/\/blog.zeit.de\/zeit-der-leser\/2010\/07\/01\/rassismus-an-der-discotur\/","url":"https:\/\/blog.zeit.de\/zeit-der-leser\/2010\/07\/01\/rassismus-an-der-discotur\/","name":"Rassismus an der Discot\u00fcr - ZEIT der Leser","isPartOf":{"@id":"https:\/\/blog.zeit.de\/zeit-der-leser\/#website"},"datePublished":"2010-07-01T09:00:04+00:00","dateModified":"2010-06-30T11:45:35+00:00","author":{"@id":"https:\/\/blog.zeit.de\/zeit-der-leser\/#\/schema\/person\/e248c7ff5a10552f6a3bd5e9385b3667"},"breadcrumb":{"@id":"https:\/\/blog.zeit.de\/zeit-der-leser\/2010\/07\/01\/rassismus-an-der-discotur\/#breadcrumb"},"inLanguage":"de","potentialAction":[{"@type":"ReadAction","target":["https:\/\/blog.zeit.de\/zeit-der-leser\/2010\/07\/01\/rassismus-an-der-discotur\/"]}]},{"@type":"BreadcrumbList","@id":"https:\/\/blog.zeit.de\/zeit-der-leser\/2010\/07\/01\/rassismus-an-der-discotur\/#breadcrumb","itemListElement":[{"@type":"ListItem","position":1,"name":"Startseite","item":"https:\/\/blog.zeit.de\/zeit-der-leser\/"},{"@type":"ListItem","position":2,"name":"Rassismus an der Discot\u00fcr"}]},{"@type":"WebSite","@id":"https:\/\/blog.zeit.de\/zeit-der-leser\/#website","url":"https:\/\/blog.zeit.de\/zeit-der-leser\/","name":"ZEIT der Leser","description":"Ein Blog mit Ihren Notizen, Gedichten und Bildern f\u00fcr die gedruckte ZEIT","potentialAction":[{"@type":"SearchAction","target":{"@type":"EntryPoint","urlTemplate":"https:\/\/blog.zeit.de\/zeit-der-leser\/?s={search_term_string}"},"query-input":"required name=search_term_string"}],"inLanguage":"de"},{"@type":"Person","@id":"https:\/\/blog.zeit.de\/zeit-der-leser\/#\/schema\/person\/e248c7ff5a10552f6a3bd5e9385b3667","name":"Zeit der Leser","image":{"@type":"ImageObject","inLanguage":"de","@id":"https:\/\/blog.zeit.de\/zeit-der-leser\/#\/schema\/person\/image\/","url":"https:\/\/secure.gravatar.com\/avatar\/529bb2731085995bda6c8ba0e4da7e528ea8be4e6c7abdd217f176e2309035f6?s=96&d=mm&r=g","contentUrl":"https:\/\/secure.gravatar.com\/avatar\/529bb2731085995bda6c8ba0e4da7e528ea8be4e6c7abdd217f176e2309035f6?s=96&d=mm&r=g","caption":"Zeit der Leser"},"url":"https:\/\/blog.zeit.de\/zeit-der-leser\/author\/zeit-der-leser\/"}]}},"jetpack_featured_media_url":"","jetpack_sharing_enabled":true,"_links":{"self":[{"href":"https:\/\/blog.zeit.de\/zeit-der-leser\/wp-json\/wp\/v2\/posts\/1677","targetHints":{"allow":["GET"]}}],"collection":[{"href":"https:\/\/blog.zeit.de\/zeit-der-leser\/wp-json\/wp\/v2\/posts"}],"about":[{"href":"https:\/\/blog.zeit.de\/zeit-der-leser\/wp-json\/wp\/v2\/types\/post"}],"author":[{"embeddable":true,"href":"https:\/\/blog.zeit.de\/zeit-der-leser\/wp-json\/wp\/v2\/users\/264"}],"replies":[{"embeddable":true,"href":"https:\/\/blog.zeit.de\/zeit-der-leser\/wp-json\/wp\/v2\/comments?post=1677"}],"version-history":[{"count":0,"href":"https:\/\/blog.zeit.de\/zeit-der-leser\/wp-json\/wp\/v2\/posts\/1677\/revisions"}],"wp:attachment":[{"href":"https:\/\/blog.zeit.de\/zeit-der-leser\/wp-json\/wp\/v2\/media?parent=1677"}],"wp:term":[{"taxonomy":"category","embeddable":true,"href":"https:\/\/blog.zeit.de\/zeit-der-leser\/wp-json\/wp\/v2\/categories?post=1677"},{"taxonomy":"post_tag","embeddable":true,"href":"https:\/\/blog.zeit.de\/zeit-der-leser\/wp-json\/wp\/v2\/tags?post=1677"}],"curies":[{"name":"wp","href":"https:\/\/api.w.org\/{rel}","templated":true}]}}