{"id":1708,"date":"2010-07-02T15:00:20","date_gmt":"2010-07-02T13:00:20","guid":{"rendered":"http:\/\/blog.zeit.de\/zeit-der-leser\/?p=1708"},"modified":"2010-06-30T15:00:46","modified_gmt":"2010-06-30T13:00:46","slug":"es-lebe-die-zeitung-aus-papier","status":"publish","type":"post","link":"https:\/\/blog.zeit.de\/zeit-der-leser\/2010\/07\/02\/es-lebe-die-zeitung-aus-papier\/","title":{"rendered":"Es lebe die Zeitung aus Papier!"},"content":{"rendered":"<p>Die gedruckte Zeitung h\u00e4lt mich am Leben, hier in Afrika, intellektuell und kulturell. Was fu\u0308r ein Jammer, wenn sie zugunsten der elektronischen Zeitung verschwinden w\u00fcrde! Elektronik braucht Strom, und den gibt es hier nur unregelm\u00e4\u00dfig, die Internetverbindung ist oft gest\u00f6rt. Auch wenn die Zeitung aus Deutschland hier erst mit drei Wochen Versp\u00e4tung ankommt: Ich kann sie in der Hand halten, kann sie lesefreundlich knicken, mit ins Bett nehmen oder in den Bus. Ich kann gute Artikel ausrei\u00dfen, ausgelesene Seiten weiterschenken. Und nicht zu vergessen: Ich kann das Papier vielf\u00e4ltig verwenden. Zum Feuermachen, als Saugmaterial, als Verpackung. Ein Lob auf die Zeitung<br \/>\naus Papier!<\/p>\n<p><em>Tabea M\u00fcller, Bamenda, Kamerun<\/em><\/p>\n","protected":false},"excerpt":{"rendered":"<p>Die gedruckte Zeitung h\u00e4lt mich am Leben, hier in Afrika, intellektuell und kulturell. Was fu\u0308r ein Jammer, wenn sie zugunsten der elektronischen Zeitung verschwinden w\u00fcrde! Elektronik braucht Strom, und den gibt es hier nur unregelm\u00e4\u00dfig, die Internetverbindung ist oft gest\u00f6rt. Auch wenn die Zeitung aus Deutschland hier erst mit drei Wochen Versp\u00e4tung ankommt: Ich kann [&hellip;]<\/p>\n","protected":false},"author":264,"featured_media":0,"comment_status":"open","ping_status":"open","sticky":false,"template":"","format":"standard","meta":{"_jetpack_memberships_contains_paid_content":false,"footnotes":""},"categories":[1871],"tags":[],"class_list":["post-1708","post","type-post","status-publish","format-standard","hentry","category-was-mein-leben-reicher-macht"],"yoast_head":"<!-- This site is optimized with the Yoast SEO plugin v21.0 - https:\/\/yoast.com\/wordpress\/plugins\/seo\/ -->\n<title>Es lebe die Zeitung aus Papier! - ZEIT der Leser<\/title>\n<meta name=\"robots\" content=\"index, follow, max-snippet:-1, max-image-preview:large, max-video-preview:-1\" \/>\n<link rel=\"canonical\" href=\"https:\/\/blog.zeit.de\/zeit-der-leser\/2010\/07\/02\/es-lebe-die-zeitung-aus-papier\/\" \/>\n<meta property=\"og:locale\" content=\"de_DE\" \/>\n<meta property=\"og:type\" content=\"article\" \/>\n<meta property=\"og:title\" content=\"Es lebe die Zeitung aus Papier! - ZEIT der Leser\" \/>\n<meta property=\"og:description\" content=\"Die gedruckte Zeitung h\u00e4lt mich am Leben, hier in Afrika, intellektuell und kulturell. Was fu\u0308r ein Jammer, wenn sie zugunsten der elektronischen Zeitung verschwinden w\u00fcrde! Elektronik braucht Strom, und den gibt es hier nur unregelm\u00e4\u00dfig, die Internetverbindung ist oft gest\u00f6rt. Auch wenn die Zeitung aus Deutschland hier erst mit drei Wochen Versp\u00e4tung ankommt: Ich kann [&hellip;]\" \/>\n<meta property=\"og:url\" content=\"https:\/\/blog.zeit.de\/zeit-der-leser\/2010\/07\/02\/es-lebe-die-zeitung-aus-papier\/\" \/>\n<meta property=\"og:site_name\" content=\"ZEIT der Leser\" \/>\n<meta property=\"article:published_time\" content=\"2010-07-02T13:00:20+00:00\" \/>\n<meta property=\"article:modified_time\" content=\"2010-06-30T13:00:46+00:00\" \/>\n<meta name=\"author\" content=\"Zeit der Leser\" \/>\n<meta name=\"twitter:card\" content=\"summary_large_image\" \/>\n<meta name=\"twitter:label1\" content=\"Geschrieben von\" \/>\n\t<meta name=\"twitter:data1\" content=\"Zeit der Leser\" \/>\n\t<meta name=\"twitter:label2\" content=\"Gesch\u00e4tzte Lesezeit\" \/>\n\t<meta name=\"twitter:data2\" content=\"1\u00a0Minute\" \/>\n<script type=\"application\/ld+json\" class=\"yoast-schema-graph\">{\"@context\":\"https:\/\/schema.org\",\"@graph\":[{\"@type\":\"WebPage\",\"@id\":\"https:\/\/blog.zeit.de\/zeit-der-leser\/2010\/07\/02\/es-lebe-die-zeitung-aus-papier\/\",\"url\":\"https:\/\/blog.zeit.de\/zeit-der-leser\/2010\/07\/02\/es-lebe-die-zeitung-aus-papier\/\",\"name\":\"Es lebe die Zeitung aus Papier! - ZEIT der Leser\",\"isPartOf\":{\"@id\":\"https:\/\/blog.zeit.de\/zeit-der-leser\/#website\"},\"datePublished\":\"2010-07-02T13:00:20+00:00\",\"dateModified\":\"2010-06-30T13:00:46+00:00\",\"author\":{\"@id\":\"https:\/\/blog.zeit.de\/zeit-der-leser\/#\/schema\/person\/e248c7ff5a10552f6a3bd5e9385b3667\"},\"breadcrumb\":{\"@id\":\"https:\/\/blog.zeit.de\/zeit-der-leser\/2010\/07\/02\/es-lebe-die-zeitung-aus-papier\/#breadcrumb\"},\"inLanguage\":\"de\",\"potentialAction\":[{\"@type\":\"ReadAction\",\"target\":[\"https:\/\/blog.zeit.de\/zeit-der-leser\/2010\/07\/02\/es-lebe-die-zeitung-aus-papier\/\"]}]},{\"@type\":\"BreadcrumbList\",\"@id\":\"https:\/\/blog.zeit.de\/zeit-der-leser\/2010\/07\/02\/es-lebe-die-zeitung-aus-papier\/#breadcrumb\",\"itemListElement\":[{\"@type\":\"ListItem\",\"position\":1,\"name\":\"Startseite\",\"item\":\"https:\/\/blog.zeit.de\/zeit-der-leser\/\"},{\"@type\":\"ListItem\",\"position\":2,\"name\":\"Es lebe die Zeitung aus Papier!\"}]},{\"@type\":\"WebSite\",\"@id\":\"https:\/\/blog.zeit.de\/zeit-der-leser\/#website\",\"url\":\"https:\/\/blog.zeit.de\/zeit-der-leser\/\",\"name\":\"ZEIT der Leser\",\"description\":\"Ein Blog mit Ihren Notizen, Gedichten und Bildern f\u00fcr die gedruckte ZEIT\",\"potentialAction\":[{\"@type\":\"SearchAction\",\"target\":{\"@type\":\"EntryPoint\",\"urlTemplate\":\"https:\/\/blog.zeit.de\/zeit-der-leser\/?s={search_term_string}\"},\"query-input\":\"required name=search_term_string\"}],\"inLanguage\":\"de\"},{\"@type\":\"Person\",\"@id\":\"https:\/\/blog.zeit.de\/zeit-der-leser\/#\/schema\/person\/e248c7ff5a10552f6a3bd5e9385b3667\",\"name\":\"Zeit der Leser\",\"image\":{\"@type\":\"ImageObject\",\"inLanguage\":\"de\",\"@id\":\"https:\/\/blog.zeit.de\/zeit-der-leser\/#\/schema\/person\/image\/\",\"url\":\"https:\/\/secure.gravatar.com\/avatar\/529bb2731085995bda6c8ba0e4da7e528ea8be4e6c7abdd217f176e2309035f6?s=96&d=mm&r=g\",\"contentUrl\":\"https:\/\/secure.gravatar.com\/avatar\/529bb2731085995bda6c8ba0e4da7e528ea8be4e6c7abdd217f176e2309035f6?s=96&d=mm&r=g\",\"caption\":\"Zeit der Leser\"},\"url\":\"https:\/\/blog.zeit.de\/zeit-der-leser\/author\/zeit-der-leser\/\"}]}<\/script>\n<!-- \/ Yoast SEO plugin. -->","yoast_head_json":{"title":"Es lebe die Zeitung aus Papier! - ZEIT der Leser","robots":{"index":"index","follow":"follow","max-snippet":"max-snippet:-1","max-image-preview":"max-image-preview:large","max-video-preview":"max-video-preview:-1"},"canonical":"https:\/\/blog.zeit.de\/zeit-der-leser\/2010\/07\/02\/es-lebe-die-zeitung-aus-papier\/","og_locale":"de_DE","og_type":"article","og_title":"Es lebe die Zeitung aus Papier! - ZEIT der Leser","og_description":"Die gedruckte Zeitung h\u00e4lt mich am Leben, hier in Afrika, intellektuell und kulturell. Was fu\u0308r ein Jammer, wenn sie zugunsten der elektronischen Zeitung verschwinden w\u00fcrde! Elektronik braucht Strom, und den gibt es hier nur unregelm\u00e4\u00dfig, die Internetverbindung ist oft gest\u00f6rt. Auch wenn die Zeitung aus Deutschland hier erst mit drei Wochen Versp\u00e4tung ankommt: Ich kann [&hellip;]","og_url":"https:\/\/blog.zeit.de\/zeit-der-leser\/2010\/07\/02\/es-lebe-die-zeitung-aus-papier\/","og_site_name":"ZEIT der Leser","article_published_time":"2010-07-02T13:00:20+00:00","article_modified_time":"2010-06-30T13:00:46+00:00","author":"Zeit der Leser","twitter_card":"summary_large_image","twitter_misc":{"Geschrieben von":"Zeit der Leser","Gesch\u00e4tzte Lesezeit":"1\u00a0Minute"},"schema":{"@context":"https:\/\/schema.org","@graph":[{"@type":"WebPage","@id":"https:\/\/blog.zeit.de\/zeit-der-leser\/2010\/07\/02\/es-lebe-die-zeitung-aus-papier\/","url":"https:\/\/blog.zeit.de\/zeit-der-leser\/2010\/07\/02\/es-lebe-die-zeitung-aus-papier\/","name":"Es lebe die Zeitung aus Papier! - ZEIT der Leser","isPartOf":{"@id":"https:\/\/blog.zeit.de\/zeit-der-leser\/#website"},"datePublished":"2010-07-02T13:00:20+00:00","dateModified":"2010-06-30T13:00:46+00:00","author":{"@id":"https:\/\/blog.zeit.de\/zeit-der-leser\/#\/schema\/person\/e248c7ff5a10552f6a3bd5e9385b3667"},"breadcrumb":{"@id":"https:\/\/blog.zeit.de\/zeit-der-leser\/2010\/07\/02\/es-lebe-die-zeitung-aus-papier\/#breadcrumb"},"inLanguage":"de","potentialAction":[{"@type":"ReadAction","target":["https:\/\/blog.zeit.de\/zeit-der-leser\/2010\/07\/02\/es-lebe-die-zeitung-aus-papier\/"]}]},{"@type":"BreadcrumbList","@id":"https:\/\/blog.zeit.de\/zeit-der-leser\/2010\/07\/02\/es-lebe-die-zeitung-aus-papier\/#breadcrumb","itemListElement":[{"@type":"ListItem","position":1,"name":"Startseite","item":"https:\/\/blog.zeit.de\/zeit-der-leser\/"},{"@type":"ListItem","position":2,"name":"Es lebe die Zeitung aus Papier!"}]},{"@type":"WebSite","@id":"https:\/\/blog.zeit.de\/zeit-der-leser\/#website","url":"https:\/\/blog.zeit.de\/zeit-der-leser\/","name":"ZEIT der Leser","description":"Ein Blog mit Ihren Notizen, Gedichten und Bildern f\u00fcr die gedruckte ZEIT","potentialAction":[{"@type":"SearchAction","target":{"@type":"EntryPoint","urlTemplate":"https:\/\/blog.zeit.de\/zeit-der-leser\/?s={search_term_string}"},"query-input":"required name=search_term_string"}],"inLanguage":"de"},{"@type":"Person","@id":"https:\/\/blog.zeit.de\/zeit-der-leser\/#\/schema\/person\/e248c7ff5a10552f6a3bd5e9385b3667","name":"Zeit der Leser","image":{"@type":"ImageObject","inLanguage":"de","@id":"https:\/\/blog.zeit.de\/zeit-der-leser\/#\/schema\/person\/image\/","url":"https:\/\/secure.gravatar.com\/avatar\/529bb2731085995bda6c8ba0e4da7e528ea8be4e6c7abdd217f176e2309035f6?s=96&d=mm&r=g","contentUrl":"https:\/\/secure.gravatar.com\/avatar\/529bb2731085995bda6c8ba0e4da7e528ea8be4e6c7abdd217f176e2309035f6?s=96&d=mm&r=g","caption":"Zeit der Leser"},"url":"https:\/\/blog.zeit.de\/zeit-der-leser\/author\/zeit-der-leser\/"}]}},"jetpack_featured_media_url":"","jetpack_sharing_enabled":true,"_links":{"self":[{"href":"https:\/\/blog.zeit.de\/zeit-der-leser\/wp-json\/wp\/v2\/posts\/1708","targetHints":{"allow":["GET"]}}],"collection":[{"href":"https:\/\/blog.zeit.de\/zeit-der-leser\/wp-json\/wp\/v2\/posts"}],"about":[{"href":"https:\/\/blog.zeit.de\/zeit-der-leser\/wp-json\/wp\/v2\/types\/post"}],"author":[{"embeddable":true,"href":"https:\/\/blog.zeit.de\/zeit-der-leser\/wp-json\/wp\/v2\/users\/264"}],"replies":[{"embeddable":true,"href":"https:\/\/blog.zeit.de\/zeit-der-leser\/wp-json\/wp\/v2\/comments?post=1708"}],"version-history":[{"count":0,"href":"https:\/\/blog.zeit.de\/zeit-der-leser\/wp-json\/wp\/v2\/posts\/1708\/revisions"}],"wp:attachment":[{"href":"https:\/\/blog.zeit.de\/zeit-der-leser\/wp-json\/wp\/v2\/media?parent=1708"}],"wp:term":[{"taxonomy":"category","embeddable":true,"href":"https:\/\/blog.zeit.de\/zeit-der-leser\/wp-json\/wp\/v2\/categories?post=1708"},{"taxonomy":"post_tag","embeddable":true,"href":"https:\/\/blog.zeit.de\/zeit-der-leser\/wp-json\/wp\/v2\/tags?post=1708"}],"curies":[{"name":"wp","href":"https:\/\/api.w.org\/{rel}","templated":true}]}}