{"id":1717,"date":"2010-07-03T11:13:55","date_gmt":"2010-07-03T09:13:55","guid":{"rendered":"http:\/\/blog.zeit.de\/zeit-der-leser\/?p=1717"},"modified":"2010-06-30T15:15:06","modified_gmt":"2010-06-30T13:15:06","slug":"zeitsprung-balkonwelt","status":"publish","type":"post","link":"https:\/\/blog.zeit.de\/zeit-der-leser\/2010\/07\/03\/zeitsprung-balkonwelt\/","title":{"rendered":"Zeitsprung: Balkonwelt"},"content":{"rendered":"<p><figure id=\"attachment_1720\" aria-describedby=\"caption-attachment-1720\" style=\"width: 540px\" class=\"wp-caption alignleft\"><a href=\"https:\/\/blog.zeit.de\/zeit-der-leser\/files\/2010\/06\/s80-zeitsprung-vorher.jpg\"><img loading=\"lazy\" decoding=\"async\" src=\"https:\/\/blog.zeit.de\/zeit-der-leser\/files\/2010\/06\/s80-zeitsprung-vorher.jpg\" alt=\"\" title=\"s80-zeitsprung-vorher\" width=\"540\" height=\"360\" class=\"size-full wp-image-1720\" srcset=\"https:\/\/blog.zeit.de\/zeit-der-leser\/files\/2010\/06\/s80-zeitsprung-vorher.jpg 540w, https:\/\/blog.zeit.de\/zeit-der-leser\/files\/2010\/06\/s80-zeitsprung-vorher-300x200.jpg 300w\" sizes=\"auto, (max-width: 540px) 100vw, 540px\" \/><\/a><figcaption id=\"caption-attachment-1720\" class=\"wp-caption-text\">Nachts<\/figcaption><\/figure><\/p>\n<p>Nachts m\u00f6gen alle Katzen grau sein, die Blumen meines Balkonkastens bekommen aus der Wohnung aber ausreichend Licht, um ihre Farben zu zeigen. Der Schnittlauch hat verhei\u00dfungsvolle Knospen, der Lebensbaum im nahen Hintergrund l\u00e4sst sich nur erahnen, alles andere liegt verborgen im Dunkel. <\/p>\n<p><figure id=\"attachment_1722\" aria-describedby=\"caption-attachment-1722\" style=\"width: 540px\" class=\"wp-caption alignleft\"><a href=\"https:\/\/blog.zeit.de\/zeit-der-leser\/files\/2010\/06\/s80-zeitsprung-nachher.jpg\"><img loading=\"lazy\" decoding=\"async\" src=\"https:\/\/blog.zeit.de\/zeit-der-leser\/files\/2010\/06\/s80-zeitsprung-nachher.jpg\" alt=\"\" title=\"s80-zeitsprung-nachher\" width=\"540\" height=\"361\" class=\"size-full wp-image-1722\" srcset=\"https:\/\/blog.zeit.de\/zeit-der-leser\/files\/2010\/06\/s80-zeitsprung-nachher.jpg 540w, https:\/\/blog.zeit.de\/zeit-der-leser\/files\/2010\/06\/s80-zeitsprung-nachher-300x200.jpg 300w\" sizes=\"auto, (max-width: 540px) 100vw, 540px\" \/><\/a><figcaption id=\"caption-attachment-1722\" class=\"wp-caption-text\">Am Tag<\/figcaption><\/figure><\/p>\n<p>Zehn Tage und eine halbe Erdumdrehung sp\u00e4ter ist alles im gr\u00fcnen Bereich. Der Schnittlauch bl\u00fcht und erfreut die Augen mehr als den Gaumen, backstage pr\u00e4sentiert sich der nahe Wald mit pflanzlicher Selbstverst\u00e4ndlichkeit. Und sp\u00e4testens die frisch gepflanzten L\u00f6wenm\u00e4ulchen verraten diskret menschliches Zutun und versprechen neues Wachstum und neue Blu\u0308ten. Nur eine Kleinigkeit, aber eine ganz h\u00fcbsche, finde ich.<\/p>\n<p><em>Christian Voll, Passau<\/em><\/p>\n","protected":false},"excerpt":{"rendered":"<p>Nachts m\u00f6gen alle Katzen grau sein, die Blumen meines Balkonkastens bekommen aus der Wohnung aber ausreichend Licht, um ihre Farben zu zeigen. Der Schnittlauch hat verhei\u00dfungsvolle Knospen, der Lebensbaum im nahen Hintergrund l\u00e4sst sich nur erahnen, alles andere liegt verborgen im Dunkel. Zehn Tage und eine halbe Erdumdrehung sp\u00e4ter ist alles im gr\u00fcnen Bereich. Der [&hellip;]<\/p>\n","protected":false},"author":264,"featured_media":0,"comment_status":"open","ping_status":"open","sticky":false,"template":"","format":"standard","meta":{"_jetpack_memberships_contains_paid_content":false,"footnotes":""},"categories":[1871],"tags":[],"class_list":["post-1717","post","type-post","status-publish","format-standard","hentry","category-was-mein-leben-reicher-macht"],"yoast_head":"<!-- This site is optimized with the Yoast SEO plugin v21.0 - https:\/\/yoast.com\/wordpress\/plugins\/seo\/ -->\n<title>Zeitsprung: Balkonwelt - ZEIT der Leser<\/title>\n<meta name=\"robots\" content=\"index, follow, max-snippet:-1, max-image-preview:large, max-video-preview:-1\" \/>\n<link rel=\"canonical\" href=\"https:\/\/blog.zeit.de\/zeit-der-leser\/2010\/07\/03\/zeitsprung-balkonwelt\/\" \/>\n<meta property=\"og:locale\" content=\"de_DE\" \/>\n<meta property=\"og:type\" content=\"article\" \/>\n<meta property=\"og:title\" content=\"Zeitsprung: Balkonwelt - ZEIT der Leser\" \/>\n<meta property=\"og:description\" content=\"Nachts m\u00f6gen alle Katzen grau sein, die Blumen meines Balkonkastens bekommen aus der Wohnung aber ausreichend Licht, um ihre Farben zu zeigen. Der Schnittlauch hat verhei\u00dfungsvolle Knospen, der Lebensbaum im nahen Hintergrund l\u00e4sst sich nur erahnen, alles andere liegt verborgen im Dunkel. Zehn Tage und eine halbe Erdumdrehung sp\u00e4ter ist alles im gr\u00fcnen Bereich. Der [&hellip;]\" \/>\n<meta property=\"og:url\" content=\"https:\/\/blog.zeit.de\/zeit-der-leser\/2010\/07\/03\/zeitsprung-balkonwelt\/\" \/>\n<meta property=\"og:site_name\" content=\"ZEIT der Leser\" \/>\n<meta property=\"article:published_time\" content=\"2010-07-03T09:13:55+00:00\" \/>\n<meta property=\"article:modified_time\" content=\"2010-06-30T13:15:06+00:00\" \/>\n<meta property=\"og:image\" content=\"https:\/\/blog.zeit.de\/zeit-der-leser\/files\/2010\/06\/s80-zeitsprung-vorher.jpg\" \/>\n<meta name=\"author\" content=\"Zeit der Leser\" \/>\n<meta name=\"twitter:card\" content=\"summary_large_image\" \/>\n<meta name=\"twitter:label1\" content=\"Geschrieben von\" \/>\n\t<meta name=\"twitter:data1\" content=\"Zeit der Leser\" \/>\n\t<meta name=\"twitter:label2\" content=\"Gesch\u00e4tzte Lesezeit\" \/>\n\t<meta name=\"twitter:data2\" content=\"1\u00a0Minute\" \/>\n<script type=\"application\/ld+json\" class=\"yoast-schema-graph\">{\"@context\":\"https:\/\/schema.org\",\"@graph\":[{\"@type\":\"WebPage\",\"@id\":\"https:\/\/blog.zeit.de\/zeit-der-leser\/2010\/07\/03\/zeitsprung-balkonwelt\/\",\"url\":\"https:\/\/blog.zeit.de\/zeit-der-leser\/2010\/07\/03\/zeitsprung-balkonwelt\/\",\"name\":\"Zeitsprung: Balkonwelt - ZEIT der Leser\",\"isPartOf\":{\"@id\":\"https:\/\/blog.zeit.de\/zeit-der-leser\/#website\"},\"datePublished\":\"2010-07-03T09:13:55+00:00\",\"dateModified\":\"2010-06-30T13:15:06+00:00\",\"author\":{\"@id\":\"https:\/\/blog.zeit.de\/zeit-der-leser\/#\/schema\/person\/e248c7ff5a10552f6a3bd5e9385b3667\"},\"breadcrumb\":{\"@id\":\"https:\/\/blog.zeit.de\/zeit-der-leser\/2010\/07\/03\/zeitsprung-balkonwelt\/#breadcrumb\"},\"inLanguage\":\"de\",\"potentialAction\":[{\"@type\":\"ReadAction\",\"target\":[\"https:\/\/blog.zeit.de\/zeit-der-leser\/2010\/07\/03\/zeitsprung-balkonwelt\/\"]}]},{\"@type\":\"BreadcrumbList\",\"@id\":\"https:\/\/blog.zeit.de\/zeit-der-leser\/2010\/07\/03\/zeitsprung-balkonwelt\/#breadcrumb\",\"itemListElement\":[{\"@type\":\"ListItem\",\"position\":1,\"name\":\"Startseite\",\"item\":\"https:\/\/blog.zeit.de\/zeit-der-leser\/\"},{\"@type\":\"ListItem\",\"position\":2,\"name\":\"Zeitsprung: Balkonwelt\"}]},{\"@type\":\"WebSite\",\"@id\":\"https:\/\/blog.zeit.de\/zeit-der-leser\/#website\",\"url\":\"https:\/\/blog.zeit.de\/zeit-der-leser\/\",\"name\":\"ZEIT der Leser\",\"description\":\"Ein Blog mit Ihren Notizen, Gedichten und Bildern f\u00fcr die gedruckte ZEIT\",\"potentialAction\":[{\"@type\":\"SearchAction\",\"target\":{\"@type\":\"EntryPoint\",\"urlTemplate\":\"https:\/\/blog.zeit.de\/zeit-der-leser\/?s={search_term_string}\"},\"query-input\":\"required name=search_term_string\"}],\"inLanguage\":\"de\"},{\"@type\":\"Person\",\"@id\":\"https:\/\/blog.zeit.de\/zeit-der-leser\/#\/schema\/person\/e248c7ff5a10552f6a3bd5e9385b3667\",\"name\":\"Zeit der Leser\",\"image\":{\"@type\":\"ImageObject\",\"inLanguage\":\"de\",\"@id\":\"https:\/\/blog.zeit.de\/zeit-der-leser\/#\/schema\/person\/image\/\",\"url\":\"https:\/\/secure.gravatar.com\/avatar\/529bb2731085995bda6c8ba0e4da7e528ea8be4e6c7abdd217f176e2309035f6?s=96&d=mm&r=g\",\"contentUrl\":\"https:\/\/secure.gravatar.com\/avatar\/529bb2731085995bda6c8ba0e4da7e528ea8be4e6c7abdd217f176e2309035f6?s=96&d=mm&r=g\",\"caption\":\"Zeit der Leser\"},\"url\":\"https:\/\/blog.zeit.de\/zeit-der-leser\/author\/zeit-der-leser\/\"}]}<\/script>\n<!-- \/ Yoast SEO plugin. -->","yoast_head_json":{"title":"Zeitsprung: Balkonwelt - ZEIT der Leser","robots":{"index":"index","follow":"follow","max-snippet":"max-snippet:-1","max-image-preview":"max-image-preview:large","max-video-preview":"max-video-preview:-1"},"canonical":"https:\/\/blog.zeit.de\/zeit-der-leser\/2010\/07\/03\/zeitsprung-balkonwelt\/","og_locale":"de_DE","og_type":"article","og_title":"Zeitsprung: Balkonwelt - ZEIT der Leser","og_description":"Nachts m\u00f6gen alle Katzen grau sein, die Blumen meines Balkonkastens bekommen aus der Wohnung aber ausreichend Licht, um ihre Farben zu zeigen. Der Schnittlauch hat verhei\u00dfungsvolle Knospen, der Lebensbaum im nahen Hintergrund l\u00e4sst sich nur erahnen, alles andere liegt verborgen im Dunkel. Zehn Tage und eine halbe Erdumdrehung sp\u00e4ter ist alles im gr\u00fcnen Bereich. Der [&hellip;]","og_url":"https:\/\/blog.zeit.de\/zeit-der-leser\/2010\/07\/03\/zeitsprung-balkonwelt\/","og_site_name":"ZEIT der Leser","article_published_time":"2010-07-03T09:13:55+00:00","article_modified_time":"2010-06-30T13:15:06+00:00","og_image":[{"url":"https:\/\/blog.zeit.de\/zeit-der-leser\/files\/2010\/06\/s80-zeitsprung-vorher.jpg"}],"author":"Zeit der Leser","twitter_card":"summary_large_image","twitter_misc":{"Geschrieben von":"Zeit der Leser","Gesch\u00e4tzte Lesezeit":"1\u00a0Minute"},"schema":{"@context":"https:\/\/schema.org","@graph":[{"@type":"WebPage","@id":"https:\/\/blog.zeit.de\/zeit-der-leser\/2010\/07\/03\/zeitsprung-balkonwelt\/","url":"https:\/\/blog.zeit.de\/zeit-der-leser\/2010\/07\/03\/zeitsprung-balkonwelt\/","name":"Zeitsprung: Balkonwelt - ZEIT der Leser","isPartOf":{"@id":"https:\/\/blog.zeit.de\/zeit-der-leser\/#website"},"datePublished":"2010-07-03T09:13:55+00:00","dateModified":"2010-06-30T13:15:06+00:00","author":{"@id":"https:\/\/blog.zeit.de\/zeit-der-leser\/#\/schema\/person\/e248c7ff5a10552f6a3bd5e9385b3667"},"breadcrumb":{"@id":"https:\/\/blog.zeit.de\/zeit-der-leser\/2010\/07\/03\/zeitsprung-balkonwelt\/#breadcrumb"},"inLanguage":"de","potentialAction":[{"@type":"ReadAction","target":["https:\/\/blog.zeit.de\/zeit-der-leser\/2010\/07\/03\/zeitsprung-balkonwelt\/"]}]},{"@type":"BreadcrumbList","@id":"https:\/\/blog.zeit.de\/zeit-der-leser\/2010\/07\/03\/zeitsprung-balkonwelt\/#breadcrumb","itemListElement":[{"@type":"ListItem","position":1,"name":"Startseite","item":"https:\/\/blog.zeit.de\/zeit-der-leser\/"},{"@type":"ListItem","position":2,"name":"Zeitsprung: Balkonwelt"}]},{"@type":"WebSite","@id":"https:\/\/blog.zeit.de\/zeit-der-leser\/#website","url":"https:\/\/blog.zeit.de\/zeit-der-leser\/","name":"ZEIT der Leser","description":"Ein Blog mit Ihren Notizen, Gedichten und Bildern f\u00fcr die gedruckte ZEIT","potentialAction":[{"@type":"SearchAction","target":{"@type":"EntryPoint","urlTemplate":"https:\/\/blog.zeit.de\/zeit-der-leser\/?s={search_term_string}"},"query-input":"required name=search_term_string"}],"inLanguage":"de"},{"@type":"Person","@id":"https:\/\/blog.zeit.de\/zeit-der-leser\/#\/schema\/person\/e248c7ff5a10552f6a3bd5e9385b3667","name":"Zeit der Leser","image":{"@type":"ImageObject","inLanguage":"de","@id":"https:\/\/blog.zeit.de\/zeit-der-leser\/#\/schema\/person\/image\/","url":"https:\/\/secure.gravatar.com\/avatar\/529bb2731085995bda6c8ba0e4da7e528ea8be4e6c7abdd217f176e2309035f6?s=96&d=mm&r=g","contentUrl":"https:\/\/secure.gravatar.com\/avatar\/529bb2731085995bda6c8ba0e4da7e528ea8be4e6c7abdd217f176e2309035f6?s=96&d=mm&r=g","caption":"Zeit der Leser"},"url":"https:\/\/blog.zeit.de\/zeit-der-leser\/author\/zeit-der-leser\/"}]}},"jetpack_featured_media_url":"","jetpack_sharing_enabled":true,"_links":{"self":[{"href":"https:\/\/blog.zeit.de\/zeit-der-leser\/wp-json\/wp\/v2\/posts\/1717","targetHints":{"allow":["GET"]}}],"collection":[{"href":"https:\/\/blog.zeit.de\/zeit-der-leser\/wp-json\/wp\/v2\/posts"}],"about":[{"href":"https:\/\/blog.zeit.de\/zeit-der-leser\/wp-json\/wp\/v2\/types\/post"}],"author":[{"embeddable":true,"href":"https:\/\/blog.zeit.de\/zeit-der-leser\/wp-json\/wp\/v2\/users\/264"}],"replies":[{"embeddable":true,"href":"https:\/\/blog.zeit.de\/zeit-der-leser\/wp-json\/wp\/v2\/comments?post=1717"}],"version-history":[{"count":0,"href":"https:\/\/blog.zeit.de\/zeit-der-leser\/wp-json\/wp\/v2\/posts\/1717\/revisions"}],"wp:attachment":[{"href":"https:\/\/blog.zeit.de\/zeit-der-leser\/wp-json\/wp\/v2\/media?parent=1717"}],"wp:term":[{"taxonomy":"category","embeddable":true,"href":"https:\/\/blog.zeit.de\/zeit-der-leser\/wp-json\/wp\/v2\/categories?post=1717"},{"taxonomy":"post_tag","embeddable":true,"href":"https:\/\/blog.zeit.de\/zeit-der-leser\/wp-json\/wp\/v2\/tags?post=1717"}],"curies":[{"name":"wp","href":"https:\/\/api.w.org\/{rel}","templated":true}]}}