{"id":1746,"date":"2010-07-08T05:21:11","date_gmt":"2010-07-08T03:21:11","guid":{"rendered":"http:\/\/blog.zeit.de\/zeit-der-leser\/?p=1746"},"modified":"2010-07-08T10:39:30","modified_gmt":"2010-07-08T08:39:30","slug":"handygezwitscher","status":"publish","type":"post","link":"https:\/\/blog.zeit.de\/zeit-der-leser\/2010\/07\/08\/handygezwitscher\/","title":{"rendered":"Handygezwitscher"},"content":{"rendered":"<p>Endlich Sonne, man kann auf der Terrasse sitzen! Bisher war es einem ja nicht verg\u00f6nnt, man hat schnatternd die Gartenm\u00f6bel fit gemacht und die Geranien gepflanzt. Vom geheizten Wohnzimmer sehnsuchtsvoll nach drau\u00dfen geblickt, nur Regen, Regen, Regen! Aber heute, Sonntagfr\u00fch: angenehme Temperaturen. Und die Sonne wirft die ersten Strahlen auf den Fru\u0308hstu\u0308ckstisch. Erst mal setzen wir uns und blinzeln in das ungewohnte Licht. Kurze Hosen, Sonnenbrille, Beine hochlegen und Zeitung lesen. Wahnsinn, die V\u00f6gel zwitschern, ansonsten ist Stille. <\/p>\n<p>Zehn Uhr, die Kirchenglocken l\u00e4uten, und langsam erwachen auch die Nachbarn und richten sich auf den Balkonen ein. Leises Gemurmel klingt durch den Innenhof der zwanzig Parteien. Doch pl\u00f6tzlich, es ist elf Uhr: Fu\u0308hrt da einer lautstark Selbstgespr\u00e4che? Ein Zweiter, ein Dritter? Kann nicht sein, denke ich mir und schaue mal in die Runde. Da stehen sie alle mit dem Handy am Ohr! Ich muss mir anh\u00f6ren, wie es der Oma so geht, welchen Stress die Freundin mit dem Freund hat, was man bei Aldi alles vers\u00e4umt hat \u2026 Inzwischen haben sich weitere zehn Handys eingeschaltet. Ich schlie\u00dfe die Balkont\u00fcr und verziehe mich ins Wohnzimmer. Liebe Nachbarn, muss das denn sein? K\u00f6nnt Ihr nicht in der K\u00fcche oder auf dem Klo telefonieren? Da geht\u2019s im Winter doch auch!<\/p>\n<p><em>Sabine Kr\u00f6ner, Heidelberg<\/em><\/p>\n","protected":false},"excerpt":{"rendered":"<p>Endlich Sonne, man kann auf der Terrasse sitzen! Bisher war es einem ja nicht verg\u00f6nnt, man hat schnatternd die Gartenm\u00f6bel fit gemacht und die Geranien gepflanzt. Vom geheizten Wohnzimmer sehnsuchtsvoll nach drau\u00dfen geblickt, nur Regen, Regen, Regen! Aber heute, Sonntagfr\u00fch: angenehme Temperaturen. Und die Sonne wirft die ersten Strahlen auf den Fru\u0308hstu\u0308ckstisch. Erst mal setzen [&hellip;]<\/p>\n","protected":false},"author":264,"featured_media":0,"comment_status":"open","ping_status":"open","sticky":false,"template":"","format":"standard","meta":{"_jetpack_memberships_contains_paid_content":false,"footnotes":""},"categories":[1869],"tags":[],"class_list":["post-1746","post","type-post","status-publish","format-standard","hentry","category-das-regt-mich-auf"],"yoast_head":"<!-- This site is optimized with the Yoast SEO plugin v21.0 - https:\/\/yoast.com\/wordpress\/plugins\/seo\/ -->\n<title>Handygezwitscher - ZEIT der Leser<\/title>\n<meta name=\"robots\" content=\"index, follow, max-snippet:-1, max-image-preview:large, max-video-preview:-1\" \/>\n<link rel=\"canonical\" href=\"https:\/\/blog.zeit.de\/zeit-der-leser\/2010\/07\/08\/handygezwitscher\/\" \/>\n<meta property=\"og:locale\" content=\"de_DE\" \/>\n<meta property=\"og:type\" content=\"article\" \/>\n<meta property=\"og:title\" content=\"Handygezwitscher - ZEIT der Leser\" \/>\n<meta property=\"og:description\" content=\"Endlich Sonne, man kann auf der Terrasse sitzen! Bisher war es einem ja nicht verg\u00f6nnt, man hat schnatternd die Gartenm\u00f6bel fit gemacht und die Geranien gepflanzt. Vom geheizten Wohnzimmer sehnsuchtsvoll nach drau\u00dfen geblickt, nur Regen, Regen, Regen! Aber heute, Sonntagfr\u00fch: angenehme Temperaturen. Und die Sonne wirft die ersten Strahlen auf den Fru\u0308hstu\u0308ckstisch. Erst mal setzen [&hellip;]\" \/>\n<meta property=\"og:url\" content=\"https:\/\/blog.zeit.de\/zeit-der-leser\/2010\/07\/08\/handygezwitscher\/\" \/>\n<meta property=\"og:site_name\" content=\"ZEIT der Leser\" \/>\n<meta property=\"article:published_time\" content=\"2010-07-08T03:21:11+00:00\" \/>\n<meta property=\"article:modified_time\" content=\"2010-07-08T08:39:30+00:00\" \/>\n<meta name=\"author\" content=\"Zeit der Leser\" \/>\n<meta name=\"twitter:card\" content=\"summary_large_image\" \/>\n<meta name=\"twitter:label1\" content=\"Geschrieben von\" \/>\n\t<meta name=\"twitter:data1\" content=\"Zeit der Leser\" \/>\n\t<meta name=\"twitter:label2\" content=\"Gesch\u00e4tzte Lesezeit\" \/>\n\t<meta name=\"twitter:data2\" content=\"1\u00a0Minute\" \/>\n<script type=\"application\/ld+json\" class=\"yoast-schema-graph\">{\"@context\":\"https:\/\/schema.org\",\"@graph\":[{\"@type\":\"WebPage\",\"@id\":\"https:\/\/blog.zeit.de\/zeit-der-leser\/2010\/07\/08\/handygezwitscher\/\",\"url\":\"https:\/\/blog.zeit.de\/zeit-der-leser\/2010\/07\/08\/handygezwitscher\/\",\"name\":\"Handygezwitscher - ZEIT der Leser\",\"isPartOf\":{\"@id\":\"https:\/\/blog.zeit.de\/zeit-der-leser\/#website\"},\"datePublished\":\"2010-07-08T03:21:11+00:00\",\"dateModified\":\"2010-07-08T08:39:30+00:00\",\"author\":{\"@id\":\"https:\/\/blog.zeit.de\/zeit-der-leser\/#\/schema\/person\/e248c7ff5a10552f6a3bd5e9385b3667\"},\"breadcrumb\":{\"@id\":\"https:\/\/blog.zeit.de\/zeit-der-leser\/2010\/07\/08\/handygezwitscher\/#breadcrumb\"},\"inLanguage\":\"de\",\"potentialAction\":[{\"@type\":\"ReadAction\",\"target\":[\"https:\/\/blog.zeit.de\/zeit-der-leser\/2010\/07\/08\/handygezwitscher\/\"]}]},{\"@type\":\"BreadcrumbList\",\"@id\":\"https:\/\/blog.zeit.de\/zeit-der-leser\/2010\/07\/08\/handygezwitscher\/#breadcrumb\",\"itemListElement\":[{\"@type\":\"ListItem\",\"position\":1,\"name\":\"Startseite\",\"item\":\"https:\/\/blog.zeit.de\/zeit-der-leser\/\"},{\"@type\":\"ListItem\",\"position\":2,\"name\":\"Handygezwitscher\"}]},{\"@type\":\"WebSite\",\"@id\":\"https:\/\/blog.zeit.de\/zeit-der-leser\/#website\",\"url\":\"https:\/\/blog.zeit.de\/zeit-der-leser\/\",\"name\":\"ZEIT der Leser\",\"description\":\"Ein Blog mit Ihren Notizen, Gedichten und Bildern f\u00fcr die gedruckte ZEIT\",\"potentialAction\":[{\"@type\":\"SearchAction\",\"target\":{\"@type\":\"EntryPoint\",\"urlTemplate\":\"https:\/\/blog.zeit.de\/zeit-der-leser\/?s={search_term_string}\"},\"query-input\":\"required name=search_term_string\"}],\"inLanguage\":\"de\"},{\"@type\":\"Person\",\"@id\":\"https:\/\/blog.zeit.de\/zeit-der-leser\/#\/schema\/person\/e248c7ff5a10552f6a3bd5e9385b3667\",\"name\":\"Zeit der Leser\",\"image\":{\"@type\":\"ImageObject\",\"inLanguage\":\"de\",\"@id\":\"https:\/\/blog.zeit.de\/zeit-der-leser\/#\/schema\/person\/image\/\",\"url\":\"https:\/\/secure.gravatar.com\/avatar\/529bb2731085995bda6c8ba0e4da7e528ea8be4e6c7abdd217f176e2309035f6?s=96&d=mm&r=g\",\"contentUrl\":\"https:\/\/secure.gravatar.com\/avatar\/529bb2731085995bda6c8ba0e4da7e528ea8be4e6c7abdd217f176e2309035f6?s=96&d=mm&r=g\",\"caption\":\"Zeit der Leser\"},\"url\":\"https:\/\/blog.zeit.de\/zeit-der-leser\/author\/zeit-der-leser\/\"}]}<\/script>\n<!-- \/ Yoast SEO plugin. -->","yoast_head_json":{"title":"Handygezwitscher - ZEIT der Leser","robots":{"index":"index","follow":"follow","max-snippet":"max-snippet:-1","max-image-preview":"max-image-preview:large","max-video-preview":"max-video-preview:-1"},"canonical":"https:\/\/blog.zeit.de\/zeit-der-leser\/2010\/07\/08\/handygezwitscher\/","og_locale":"de_DE","og_type":"article","og_title":"Handygezwitscher - ZEIT der Leser","og_description":"Endlich Sonne, man kann auf der Terrasse sitzen! Bisher war es einem ja nicht verg\u00f6nnt, man hat schnatternd die Gartenm\u00f6bel fit gemacht und die Geranien gepflanzt. Vom geheizten Wohnzimmer sehnsuchtsvoll nach drau\u00dfen geblickt, nur Regen, Regen, Regen! Aber heute, Sonntagfr\u00fch: angenehme Temperaturen. Und die Sonne wirft die ersten Strahlen auf den Fru\u0308hstu\u0308ckstisch. Erst mal setzen [&hellip;]","og_url":"https:\/\/blog.zeit.de\/zeit-der-leser\/2010\/07\/08\/handygezwitscher\/","og_site_name":"ZEIT der Leser","article_published_time":"2010-07-08T03:21:11+00:00","article_modified_time":"2010-07-08T08:39:30+00:00","author":"Zeit der Leser","twitter_card":"summary_large_image","twitter_misc":{"Geschrieben von":"Zeit der Leser","Gesch\u00e4tzte Lesezeit":"1\u00a0Minute"},"schema":{"@context":"https:\/\/schema.org","@graph":[{"@type":"WebPage","@id":"https:\/\/blog.zeit.de\/zeit-der-leser\/2010\/07\/08\/handygezwitscher\/","url":"https:\/\/blog.zeit.de\/zeit-der-leser\/2010\/07\/08\/handygezwitscher\/","name":"Handygezwitscher - ZEIT der Leser","isPartOf":{"@id":"https:\/\/blog.zeit.de\/zeit-der-leser\/#website"},"datePublished":"2010-07-08T03:21:11+00:00","dateModified":"2010-07-08T08:39:30+00:00","author":{"@id":"https:\/\/blog.zeit.de\/zeit-der-leser\/#\/schema\/person\/e248c7ff5a10552f6a3bd5e9385b3667"},"breadcrumb":{"@id":"https:\/\/blog.zeit.de\/zeit-der-leser\/2010\/07\/08\/handygezwitscher\/#breadcrumb"},"inLanguage":"de","potentialAction":[{"@type":"ReadAction","target":["https:\/\/blog.zeit.de\/zeit-der-leser\/2010\/07\/08\/handygezwitscher\/"]}]},{"@type":"BreadcrumbList","@id":"https:\/\/blog.zeit.de\/zeit-der-leser\/2010\/07\/08\/handygezwitscher\/#breadcrumb","itemListElement":[{"@type":"ListItem","position":1,"name":"Startseite","item":"https:\/\/blog.zeit.de\/zeit-der-leser\/"},{"@type":"ListItem","position":2,"name":"Handygezwitscher"}]},{"@type":"WebSite","@id":"https:\/\/blog.zeit.de\/zeit-der-leser\/#website","url":"https:\/\/blog.zeit.de\/zeit-der-leser\/","name":"ZEIT der Leser","description":"Ein Blog mit Ihren Notizen, Gedichten und Bildern f\u00fcr die gedruckte ZEIT","potentialAction":[{"@type":"SearchAction","target":{"@type":"EntryPoint","urlTemplate":"https:\/\/blog.zeit.de\/zeit-der-leser\/?s={search_term_string}"},"query-input":"required name=search_term_string"}],"inLanguage":"de"},{"@type":"Person","@id":"https:\/\/blog.zeit.de\/zeit-der-leser\/#\/schema\/person\/e248c7ff5a10552f6a3bd5e9385b3667","name":"Zeit der Leser","image":{"@type":"ImageObject","inLanguage":"de","@id":"https:\/\/blog.zeit.de\/zeit-der-leser\/#\/schema\/person\/image\/","url":"https:\/\/secure.gravatar.com\/avatar\/529bb2731085995bda6c8ba0e4da7e528ea8be4e6c7abdd217f176e2309035f6?s=96&d=mm&r=g","contentUrl":"https:\/\/secure.gravatar.com\/avatar\/529bb2731085995bda6c8ba0e4da7e528ea8be4e6c7abdd217f176e2309035f6?s=96&d=mm&r=g","caption":"Zeit der Leser"},"url":"https:\/\/blog.zeit.de\/zeit-der-leser\/author\/zeit-der-leser\/"}]}},"jetpack_featured_media_url":"","jetpack_sharing_enabled":true,"_links":{"self":[{"href":"https:\/\/blog.zeit.de\/zeit-der-leser\/wp-json\/wp\/v2\/posts\/1746","targetHints":{"allow":["GET"]}}],"collection":[{"href":"https:\/\/blog.zeit.de\/zeit-der-leser\/wp-json\/wp\/v2\/posts"}],"about":[{"href":"https:\/\/blog.zeit.de\/zeit-der-leser\/wp-json\/wp\/v2\/types\/post"}],"author":[{"embeddable":true,"href":"https:\/\/blog.zeit.de\/zeit-der-leser\/wp-json\/wp\/v2\/users\/264"}],"replies":[{"embeddable":true,"href":"https:\/\/blog.zeit.de\/zeit-der-leser\/wp-json\/wp\/v2\/comments?post=1746"}],"version-history":[{"count":0,"href":"https:\/\/blog.zeit.de\/zeit-der-leser\/wp-json\/wp\/v2\/posts\/1746\/revisions"}],"wp:attachment":[{"href":"https:\/\/blog.zeit.de\/zeit-der-leser\/wp-json\/wp\/v2\/media?parent=1746"}],"wp:term":[{"taxonomy":"category","embeddable":true,"href":"https:\/\/blog.zeit.de\/zeit-der-leser\/wp-json\/wp\/v2\/categories?post=1746"},{"taxonomy":"post_tag","embeddable":true,"href":"https:\/\/blog.zeit.de\/zeit-der-leser\/wp-json\/wp\/v2\/tags?post=1746"}],"curies":[{"name":"wp","href":"https:\/\/api.w.org\/{rel}","templated":true}]}}