{"id":17624,"date":"2014-06-01T12:00:32","date_gmt":"2014-06-01T10:00:32","guid":{"rendered":"http:\/\/blog.zeit.de\/zeit-der-leser\/?p=17624"},"modified":"2014-05-22T15:23:36","modified_gmt":"2014-05-22T13:23:36","slug":"tres-chic","status":"publish","type":"post","link":"https:\/\/blog.zeit.de\/zeit-der-leser\/2014\/06\/01\/tres-chic\/","title":{"rendered":"Tr\u00e8s chic"},"content":{"rendered":"<p><img loading=\"lazy\" decoding=\"async\" class=\"alignleft  wp-image-17628\" alt=\"s82-selbstgemacht\" src=\"https:\/\/blog.zeit.de\/zeit-der-leser\/files\/2014\/05\/s82-selbstgemacht.jpg\" width=\"580\" height=\"446\" srcset=\"https:\/\/blog.zeit.de\/zeit-der-leser\/files\/2014\/05\/s82-selbstgemacht.jpg 580w, https:\/\/blog.zeit.de\/zeit-der-leser\/files\/2014\/05\/s82-selbstgemacht-300x230.jpg 300w\" sizes=\"auto, (max-width: 580px) 100vw, 580px\" \/><\/p>\n<p>Charlotte (elf Jahre) hat ihre franz\u00f6sische Gro\u00dfmama gemalt und ihr das Bild geschenkt. Die Oma ist eine gute Freundin von mir. Und weil ich in Handarbeit Puppen nach Kinderzeichnungen herstelle, bat sie mich, ihr eine Puppe zu machen.<br \/>\nOhne mich selbst loben zu wollen, finde ich, \u00bbMadame Chapuis\u00ab sieht tats\u00e4chlich aus, wie man sich eine \u00e4ltere Dame aus S\u00fcdfrankreich vorstellt: <em>tr\u00e8s chic et tr\u00e8s \u00e9l\u00e9gante<\/em>.<\/p>\n<p><strong>Dorothee Thoma<\/strong>, Saarbr\u00fccken<\/p>\n","protected":false},"excerpt":{"rendered":"<p>Charlotte (elf Jahre) hat ihre franz\u00f6sische Gro\u00dfmama gemalt und ihr das Bild geschenkt. Die Oma ist eine gute Freundin von mir. Und weil ich in Handarbeit Puppen nach Kinderzeichnungen herstelle, bat sie mich, ihr eine Puppe zu machen. Ohne mich selbst loben zu wollen, finde ich, \u00bbMadame Chapuis\u00ab sieht tats\u00e4chlich aus, wie man sich eine [&hellip;]<\/p>\n","protected":false},"author":265,"featured_media":0,"comment_status":"open","ping_status":"open","sticky":false,"template":"","format":"standard","meta":{"_jetpack_memberships_contains_paid_content":false,"footnotes":""},"categories":[5693],"tags":[],"class_list":["post-17624","post","type-post","status-publish","format-standard","hentry","category-selbst-gemacht"],"yoast_head":"<!-- This site is optimized with the Yoast SEO plugin v21.0 - https:\/\/yoast.com\/wordpress\/plugins\/seo\/ -->\n<title>Tr\u00e8s chic - ZEIT der Leser<\/title>\n<meta name=\"robots\" content=\"index, follow, max-snippet:-1, max-image-preview:large, max-video-preview:-1\" \/>\n<link rel=\"canonical\" href=\"https:\/\/blog.zeit.de\/zeit-der-leser\/2014\/06\/01\/tres-chic\/\" \/>\n<meta property=\"og:locale\" content=\"de_DE\" \/>\n<meta property=\"og:type\" content=\"article\" \/>\n<meta property=\"og:title\" content=\"Tr\u00e8s chic - ZEIT der Leser\" \/>\n<meta property=\"og:description\" content=\"Charlotte (elf Jahre) hat ihre franz\u00f6sische Gro\u00dfmama gemalt und ihr das Bild geschenkt. Die Oma ist eine gute Freundin von mir. Und weil ich in Handarbeit Puppen nach Kinderzeichnungen herstelle, bat sie mich, ihr eine Puppe zu machen. Ohne mich selbst loben zu wollen, finde ich, \u00bbMadame Chapuis\u00ab sieht tats\u00e4chlich aus, wie man sich eine [&hellip;]\" \/>\n<meta property=\"og:url\" content=\"https:\/\/blog.zeit.de\/zeit-der-leser\/2014\/06\/01\/tres-chic\/\" \/>\n<meta property=\"og:site_name\" content=\"ZEIT der Leser\" \/>\n<meta property=\"article:published_time\" content=\"2014-06-01T10:00:32+00:00\" \/>\n<meta property=\"article:modified_time\" content=\"2014-05-22T13:23:36+00:00\" \/>\n<meta property=\"og:image\" content=\"https:\/\/blog.zeit.de\/zeit-der-leser\/files\/2014\/05\/s82-selbstgemacht.jpg\" \/>\n<meta name=\"author\" content=\"&quot;Zeit der Leser&quot;-Redaktion\" \/>\n<meta name=\"twitter:card\" content=\"summary_large_image\" \/>\n<meta name=\"twitter:label1\" content=\"Geschrieben von\" \/>\n\t<meta name=\"twitter:data1\" content=\"\"Zeit der Leser\"-Redaktion\" \/>\n<script type=\"application\/ld+json\" class=\"yoast-schema-graph\">{\"@context\":\"https:\/\/schema.org\",\"@graph\":[{\"@type\":\"WebPage\",\"@id\":\"https:\/\/blog.zeit.de\/zeit-der-leser\/2014\/06\/01\/tres-chic\/\",\"url\":\"https:\/\/blog.zeit.de\/zeit-der-leser\/2014\/06\/01\/tres-chic\/\",\"name\":\"Tr\u00e8s chic - ZEIT der Leser\",\"isPartOf\":{\"@id\":\"https:\/\/blog.zeit.de\/zeit-der-leser\/#website\"},\"datePublished\":\"2014-06-01T10:00:32+00:00\",\"dateModified\":\"2014-05-22T13:23:36+00:00\",\"author\":{\"@id\":\"https:\/\/blog.zeit.de\/zeit-der-leser\/#\/schema\/person\/583b14e5ad6368c23af846ecbde9f20f\"},\"breadcrumb\":{\"@id\":\"https:\/\/blog.zeit.de\/zeit-der-leser\/2014\/06\/01\/tres-chic\/#breadcrumb\"},\"inLanguage\":\"de\",\"potentialAction\":[{\"@type\":\"ReadAction\",\"target\":[\"https:\/\/blog.zeit.de\/zeit-der-leser\/2014\/06\/01\/tres-chic\/\"]}]},{\"@type\":\"BreadcrumbList\",\"@id\":\"https:\/\/blog.zeit.de\/zeit-der-leser\/2014\/06\/01\/tres-chic\/#breadcrumb\",\"itemListElement\":[{\"@type\":\"ListItem\",\"position\":1,\"name\":\"Startseite\",\"item\":\"https:\/\/blog.zeit.de\/zeit-der-leser\/\"},{\"@type\":\"ListItem\",\"position\":2,\"name\":\"Tr\u00e8s chic\"}]},{\"@type\":\"WebSite\",\"@id\":\"https:\/\/blog.zeit.de\/zeit-der-leser\/#website\",\"url\":\"https:\/\/blog.zeit.de\/zeit-der-leser\/\",\"name\":\"ZEIT der Leser\",\"description\":\"Ein Blog mit Ihren Notizen, Gedichten und Bildern f\u00fcr die gedruckte ZEIT\",\"potentialAction\":[{\"@type\":\"SearchAction\",\"target\":{\"@type\":\"EntryPoint\",\"urlTemplate\":\"https:\/\/blog.zeit.de\/zeit-der-leser\/?s={search_term_string}\"},\"query-input\":\"required name=search_term_string\"}],\"inLanguage\":\"de\"},{\"@type\":\"Person\",\"@id\":\"https:\/\/blog.zeit.de\/zeit-der-leser\/#\/schema\/person\/583b14e5ad6368c23af846ecbde9f20f\",\"name\":\"\\\"Zeit der Leser\\\"-Redaktion\",\"image\":{\"@type\":\"ImageObject\",\"inLanguage\":\"de\",\"@id\":\"https:\/\/blog.zeit.de\/zeit-der-leser\/#\/schema\/person\/image\/\",\"url\":\"https:\/\/secure.gravatar.com\/avatar\/e801a681bd3bbf2345131a815930b48d9f8e0a94de1346b624840dc850f67ad0?s=96&d=mm&r=g\",\"contentUrl\":\"https:\/\/secure.gravatar.com\/avatar\/e801a681bd3bbf2345131a815930b48d9f8e0a94de1346b624840dc850f67ad0?s=96&d=mm&r=g\",\"caption\":\"\\\"Zeit der Leser\\\"-Redaktion\"},\"url\":\"https:\/\/blog.zeit.de\/zeit-der-leser\/author\/zeit-der-leser-redaktion\/\"}]}<\/script>\n<!-- \/ Yoast SEO plugin. -->","yoast_head_json":{"title":"Tr\u00e8s chic - ZEIT der Leser","robots":{"index":"index","follow":"follow","max-snippet":"max-snippet:-1","max-image-preview":"max-image-preview:large","max-video-preview":"max-video-preview:-1"},"canonical":"https:\/\/blog.zeit.de\/zeit-der-leser\/2014\/06\/01\/tres-chic\/","og_locale":"de_DE","og_type":"article","og_title":"Tr\u00e8s chic - ZEIT der Leser","og_description":"Charlotte (elf Jahre) hat ihre franz\u00f6sische Gro\u00dfmama gemalt und ihr das Bild geschenkt. Die Oma ist eine gute Freundin von mir. Und weil ich in Handarbeit Puppen nach Kinderzeichnungen herstelle, bat sie mich, ihr eine Puppe zu machen. Ohne mich selbst loben zu wollen, finde ich, \u00bbMadame Chapuis\u00ab sieht tats\u00e4chlich aus, wie man sich eine [&hellip;]","og_url":"https:\/\/blog.zeit.de\/zeit-der-leser\/2014\/06\/01\/tres-chic\/","og_site_name":"ZEIT der Leser","article_published_time":"2014-06-01T10:00:32+00:00","article_modified_time":"2014-05-22T13:23:36+00:00","og_image":[{"url":"https:\/\/blog.zeit.de\/zeit-der-leser\/files\/2014\/05\/s82-selbstgemacht.jpg"}],"author":"\"Zeit der Leser\"-Redaktion","twitter_card":"summary_large_image","twitter_misc":{"Geschrieben von":"\"Zeit der Leser\"-Redaktion"},"schema":{"@context":"https:\/\/schema.org","@graph":[{"@type":"WebPage","@id":"https:\/\/blog.zeit.de\/zeit-der-leser\/2014\/06\/01\/tres-chic\/","url":"https:\/\/blog.zeit.de\/zeit-der-leser\/2014\/06\/01\/tres-chic\/","name":"Tr\u00e8s chic - ZEIT der Leser","isPartOf":{"@id":"https:\/\/blog.zeit.de\/zeit-der-leser\/#website"},"datePublished":"2014-06-01T10:00:32+00:00","dateModified":"2014-05-22T13:23:36+00:00","author":{"@id":"https:\/\/blog.zeit.de\/zeit-der-leser\/#\/schema\/person\/583b14e5ad6368c23af846ecbde9f20f"},"breadcrumb":{"@id":"https:\/\/blog.zeit.de\/zeit-der-leser\/2014\/06\/01\/tres-chic\/#breadcrumb"},"inLanguage":"de","potentialAction":[{"@type":"ReadAction","target":["https:\/\/blog.zeit.de\/zeit-der-leser\/2014\/06\/01\/tres-chic\/"]}]},{"@type":"BreadcrumbList","@id":"https:\/\/blog.zeit.de\/zeit-der-leser\/2014\/06\/01\/tres-chic\/#breadcrumb","itemListElement":[{"@type":"ListItem","position":1,"name":"Startseite","item":"https:\/\/blog.zeit.de\/zeit-der-leser\/"},{"@type":"ListItem","position":2,"name":"Tr\u00e8s chic"}]},{"@type":"WebSite","@id":"https:\/\/blog.zeit.de\/zeit-der-leser\/#website","url":"https:\/\/blog.zeit.de\/zeit-der-leser\/","name":"ZEIT der Leser","description":"Ein Blog mit Ihren Notizen, Gedichten und Bildern f\u00fcr die gedruckte ZEIT","potentialAction":[{"@type":"SearchAction","target":{"@type":"EntryPoint","urlTemplate":"https:\/\/blog.zeit.de\/zeit-der-leser\/?s={search_term_string}"},"query-input":"required name=search_term_string"}],"inLanguage":"de"},{"@type":"Person","@id":"https:\/\/blog.zeit.de\/zeit-der-leser\/#\/schema\/person\/583b14e5ad6368c23af846ecbde9f20f","name":"\"Zeit der Leser\"-Redaktion","image":{"@type":"ImageObject","inLanguage":"de","@id":"https:\/\/blog.zeit.de\/zeit-der-leser\/#\/schema\/person\/image\/","url":"https:\/\/secure.gravatar.com\/avatar\/e801a681bd3bbf2345131a815930b48d9f8e0a94de1346b624840dc850f67ad0?s=96&d=mm&r=g","contentUrl":"https:\/\/secure.gravatar.com\/avatar\/e801a681bd3bbf2345131a815930b48d9f8e0a94de1346b624840dc850f67ad0?s=96&d=mm&r=g","caption":"\"Zeit der Leser\"-Redaktion"},"url":"https:\/\/blog.zeit.de\/zeit-der-leser\/author\/zeit-der-leser-redaktion\/"}]}},"jetpack_featured_media_url":"","jetpack_sharing_enabled":true,"_links":{"self":[{"href":"https:\/\/blog.zeit.de\/zeit-der-leser\/wp-json\/wp\/v2\/posts\/17624","targetHints":{"allow":["GET"]}}],"collection":[{"href":"https:\/\/blog.zeit.de\/zeit-der-leser\/wp-json\/wp\/v2\/posts"}],"about":[{"href":"https:\/\/blog.zeit.de\/zeit-der-leser\/wp-json\/wp\/v2\/types\/post"}],"author":[{"embeddable":true,"href":"https:\/\/blog.zeit.de\/zeit-der-leser\/wp-json\/wp\/v2\/users\/265"}],"replies":[{"embeddable":true,"href":"https:\/\/blog.zeit.de\/zeit-der-leser\/wp-json\/wp\/v2\/comments?post=17624"}],"version-history":[{"count":1,"href":"https:\/\/blog.zeit.de\/zeit-der-leser\/wp-json\/wp\/v2\/posts\/17624\/revisions"}],"predecessor-version":[{"id":17629,"href":"https:\/\/blog.zeit.de\/zeit-der-leser\/wp-json\/wp\/v2\/posts\/17624\/revisions\/17629"}],"wp:attachment":[{"href":"https:\/\/blog.zeit.de\/zeit-der-leser\/wp-json\/wp\/v2\/media?parent=17624"}],"wp:term":[{"taxonomy":"category","embeddable":true,"href":"https:\/\/blog.zeit.de\/zeit-der-leser\/wp-json\/wp\/v2\/categories?post=17624"},{"taxonomy":"post_tag","embeddable":true,"href":"https:\/\/blog.zeit.de\/zeit-der-leser\/wp-json\/wp\/v2\/tags?post=17624"}],"curies":[{"name":"wp","href":"https:\/\/api.w.org\/{rel}","templated":true}]}}