{"id":17659,"date":"2014-06-04T18:00:10","date_gmt":"2014-06-04T16:00:10","guid":{"rendered":"http:\/\/blog.zeit.de\/zeit-der-leser\/?p=17659"},"modified":"2014-05-22T15:52:46","modified_gmt":"2014-05-22T13:52:46","slug":"zeitsprung-mutterschaft","status":"publish","type":"post","link":"https:\/\/blog.zeit.de\/zeit-der-leser\/2014\/06\/04\/zeitsprung-mutterschaft\/","title":{"rendered":"Zeitsprung: Mutterschaft"},"content":{"rendered":"<p>Wir sind drei Schulfreundinnen aus Franken, die zuf\u00e4llig zur selben Zeit schwanger wurden und sich dabei (ebenso zuf\u00e4llig) im Norden wiederfanden. Zwei von uns kamen schon zum Studieren nach Hamburg, eine erst w\u00e4hrend der Schwangerschaft. Immer wieder verwundert, irritiert und erfreut \u00fcber diesen besonderen Moment im Leben, den wir miteinander teilen konnten, beschlossen wir (Katharina,<br \/>\nSabrina, Katrin) im Juli 2012, ein Foto zu machen. Wie w\u00fcrde das Mutterdasein wohl sein? Und w\u00fcrden wir einen Jobeinstieg beziehungsweise -wiedereinstieg finden? Ein Jahr sp\u00e4ter ein weiteres Bild: Da hatten wir Mateo, Frida und Selma schon auf dem Arm, und wie es so ist im Leben: Antworten kommen mit der Zeit. Allen geht es gut, die Kleinen turnen inzwischen durch die Kitas, die M\u00fctter arbeiten (als Produktionsassistentin, Texterin und Dramaturgin). Was sich ver\u00e4ndert hat? Ziemlich alles \u2013 bis auf unsere Freundschaft.<\/p>\n<p><strong>Katharina Jockusch<\/strong>, Hamburg<\/p>\n","protected":false},"excerpt":{"rendered":"<p>Wir sind drei Schulfreundinnen aus Franken, die zuf\u00e4llig zur selben Zeit schwanger wurden und sich dabei (ebenso zuf\u00e4llig) im Norden wiederfanden. Zwei von uns kamen schon zum Studieren nach Hamburg, eine erst w\u00e4hrend der Schwangerschaft. Immer wieder verwundert, irritiert und erfreut \u00fcber diesen besonderen Moment im Leben, den wir miteinander teilen konnten, beschlossen wir (Katharina, [&hellip;]<\/p>\n","protected":false},"author":265,"featured_media":0,"comment_status":"open","ping_status":"open","sticky":false,"template":"","format":"standard","meta":{"_jetpack_memberships_contains_paid_content":false,"footnotes":""},"categories":[1878],"tags":[],"class_list":["post-17659","post","type-post","status-publish","format-standard","hentry","category-zeitsprung"],"yoast_head":"<!-- This site is optimized with the Yoast SEO plugin v21.0 - https:\/\/yoast.com\/wordpress\/plugins\/seo\/ -->\n<title>Zeitsprung: Mutterschaft - ZEIT der Leser<\/title>\n<meta name=\"robots\" content=\"index, follow, max-snippet:-1, max-image-preview:large, max-video-preview:-1\" \/>\n<link rel=\"canonical\" href=\"https:\/\/blog.zeit.de\/zeit-der-leser\/2014\/06\/04\/zeitsprung-mutterschaft\/\" \/>\n<meta property=\"og:locale\" content=\"de_DE\" \/>\n<meta property=\"og:type\" content=\"article\" \/>\n<meta property=\"og:title\" content=\"Zeitsprung: Mutterschaft - ZEIT der Leser\" \/>\n<meta property=\"og:description\" content=\"Wir sind drei Schulfreundinnen aus Franken, die zuf\u00e4llig zur selben Zeit schwanger wurden und sich dabei (ebenso zuf\u00e4llig) im Norden wiederfanden. Zwei von uns kamen schon zum Studieren nach Hamburg, eine erst w\u00e4hrend der Schwangerschaft. Immer wieder verwundert, irritiert und erfreut \u00fcber diesen besonderen Moment im Leben, den wir miteinander teilen konnten, beschlossen wir (Katharina, [&hellip;]\" \/>\n<meta property=\"og:url\" content=\"https:\/\/blog.zeit.de\/zeit-der-leser\/2014\/06\/04\/zeitsprung-mutterschaft\/\" \/>\n<meta property=\"og:site_name\" content=\"ZEIT der Leser\" \/>\n<meta property=\"article:published_time\" content=\"2014-06-04T16:00:10+00:00\" \/>\n<meta property=\"article:modified_time\" content=\"2014-05-22T13:52:46+00:00\" \/>\n<meta name=\"author\" content=\"&quot;Zeit der Leser&quot;-Redaktion\" \/>\n<meta name=\"twitter:card\" content=\"summary_large_image\" \/>\n<meta name=\"twitter:label1\" content=\"Geschrieben von\" \/>\n\t<meta name=\"twitter:data1\" content=\"\"Zeit der Leser\"-Redaktion\" \/>\n\t<meta name=\"twitter:label2\" content=\"Gesch\u00e4tzte Lesezeit\" \/>\n\t<meta name=\"twitter:data2\" content=\"1\u00a0Minute\" \/>\n<script type=\"application\/ld+json\" class=\"yoast-schema-graph\">{\"@context\":\"https:\/\/schema.org\",\"@graph\":[{\"@type\":\"WebPage\",\"@id\":\"https:\/\/blog.zeit.de\/zeit-der-leser\/2014\/06\/04\/zeitsprung-mutterschaft\/\",\"url\":\"https:\/\/blog.zeit.de\/zeit-der-leser\/2014\/06\/04\/zeitsprung-mutterschaft\/\",\"name\":\"Zeitsprung: Mutterschaft - ZEIT der Leser\",\"isPartOf\":{\"@id\":\"https:\/\/blog.zeit.de\/zeit-der-leser\/#website\"},\"datePublished\":\"2014-06-04T16:00:10+00:00\",\"dateModified\":\"2014-05-22T13:52:46+00:00\",\"author\":{\"@id\":\"https:\/\/blog.zeit.de\/zeit-der-leser\/#\/schema\/person\/583b14e5ad6368c23af846ecbde9f20f\"},\"breadcrumb\":{\"@id\":\"https:\/\/blog.zeit.de\/zeit-der-leser\/2014\/06\/04\/zeitsprung-mutterschaft\/#breadcrumb\"},\"inLanguage\":\"de\",\"potentialAction\":[{\"@type\":\"ReadAction\",\"target\":[\"https:\/\/blog.zeit.de\/zeit-der-leser\/2014\/06\/04\/zeitsprung-mutterschaft\/\"]}]},{\"@type\":\"BreadcrumbList\",\"@id\":\"https:\/\/blog.zeit.de\/zeit-der-leser\/2014\/06\/04\/zeitsprung-mutterschaft\/#breadcrumb\",\"itemListElement\":[{\"@type\":\"ListItem\",\"position\":1,\"name\":\"Startseite\",\"item\":\"https:\/\/blog.zeit.de\/zeit-der-leser\/\"},{\"@type\":\"ListItem\",\"position\":2,\"name\":\"Zeitsprung: Mutterschaft\"}]},{\"@type\":\"WebSite\",\"@id\":\"https:\/\/blog.zeit.de\/zeit-der-leser\/#website\",\"url\":\"https:\/\/blog.zeit.de\/zeit-der-leser\/\",\"name\":\"ZEIT der Leser\",\"description\":\"Ein Blog mit Ihren Notizen, Gedichten und Bildern f\u00fcr die gedruckte ZEIT\",\"potentialAction\":[{\"@type\":\"SearchAction\",\"target\":{\"@type\":\"EntryPoint\",\"urlTemplate\":\"https:\/\/blog.zeit.de\/zeit-der-leser\/?s={search_term_string}\"},\"query-input\":\"required name=search_term_string\"}],\"inLanguage\":\"de\"},{\"@type\":\"Person\",\"@id\":\"https:\/\/blog.zeit.de\/zeit-der-leser\/#\/schema\/person\/583b14e5ad6368c23af846ecbde9f20f\",\"name\":\"\\\"Zeit der Leser\\\"-Redaktion\",\"image\":{\"@type\":\"ImageObject\",\"inLanguage\":\"de\",\"@id\":\"https:\/\/blog.zeit.de\/zeit-der-leser\/#\/schema\/person\/image\/\",\"url\":\"https:\/\/secure.gravatar.com\/avatar\/e801a681bd3bbf2345131a815930b48d9f8e0a94de1346b624840dc850f67ad0?s=96&d=mm&r=g\",\"contentUrl\":\"https:\/\/secure.gravatar.com\/avatar\/e801a681bd3bbf2345131a815930b48d9f8e0a94de1346b624840dc850f67ad0?s=96&d=mm&r=g\",\"caption\":\"\\\"Zeit der Leser\\\"-Redaktion\"},\"url\":\"https:\/\/blog.zeit.de\/zeit-der-leser\/author\/zeit-der-leser-redaktion\/\"}]}<\/script>\n<!-- \/ Yoast SEO plugin. -->","yoast_head_json":{"title":"Zeitsprung: Mutterschaft - ZEIT der Leser","robots":{"index":"index","follow":"follow","max-snippet":"max-snippet:-1","max-image-preview":"max-image-preview:large","max-video-preview":"max-video-preview:-1"},"canonical":"https:\/\/blog.zeit.de\/zeit-der-leser\/2014\/06\/04\/zeitsprung-mutterschaft\/","og_locale":"de_DE","og_type":"article","og_title":"Zeitsprung: Mutterschaft - ZEIT der Leser","og_description":"Wir sind drei Schulfreundinnen aus Franken, die zuf\u00e4llig zur selben Zeit schwanger wurden und sich dabei (ebenso zuf\u00e4llig) im Norden wiederfanden. Zwei von uns kamen schon zum Studieren nach Hamburg, eine erst w\u00e4hrend der Schwangerschaft. Immer wieder verwundert, irritiert und erfreut \u00fcber diesen besonderen Moment im Leben, den wir miteinander teilen konnten, beschlossen wir (Katharina, [&hellip;]","og_url":"https:\/\/blog.zeit.de\/zeit-der-leser\/2014\/06\/04\/zeitsprung-mutterschaft\/","og_site_name":"ZEIT der Leser","article_published_time":"2014-06-04T16:00:10+00:00","article_modified_time":"2014-05-22T13:52:46+00:00","author":"\"Zeit der Leser\"-Redaktion","twitter_card":"summary_large_image","twitter_misc":{"Geschrieben von":"\"Zeit der Leser\"-Redaktion","Gesch\u00e4tzte Lesezeit":"1\u00a0Minute"},"schema":{"@context":"https:\/\/schema.org","@graph":[{"@type":"WebPage","@id":"https:\/\/blog.zeit.de\/zeit-der-leser\/2014\/06\/04\/zeitsprung-mutterschaft\/","url":"https:\/\/blog.zeit.de\/zeit-der-leser\/2014\/06\/04\/zeitsprung-mutterschaft\/","name":"Zeitsprung: Mutterschaft - ZEIT der Leser","isPartOf":{"@id":"https:\/\/blog.zeit.de\/zeit-der-leser\/#website"},"datePublished":"2014-06-04T16:00:10+00:00","dateModified":"2014-05-22T13:52:46+00:00","author":{"@id":"https:\/\/blog.zeit.de\/zeit-der-leser\/#\/schema\/person\/583b14e5ad6368c23af846ecbde9f20f"},"breadcrumb":{"@id":"https:\/\/blog.zeit.de\/zeit-der-leser\/2014\/06\/04\/zeitsprung-mutterschaft\/#breadcrumb"},"inLanguage":"de","potentialAction":[{"@type":"ReadAction","target":["https:\/\/blog.zeit.de\/zeit-der-leser\/2014\/06\/04\/zeitsprung-mutterschaft\/"]}]},{"@type":"BreadcrumbList","@id":"https:\/\/blog.zeit.de\/zeit-der-leser\/2014\/06\/04\/zeitsprung-mutterschaft\/#breadcrumb","itemListElement":[{"@type":"ListItem","position":1,"name":"Startseite","item":"https:\/\/blog.zeit.de\/zeit-der-leser\/"},{"@type":"ListItem","position":2,"name":"Zeitsprung: Mutterschaft"}]},{"@type":"WebSite","@id":"https:\/\/blog.zeit.de\/zeit-der-leser\/#website","url":"https:\/\/blog.zeit.de\/zeit-der-leser\/","name":"ZEIT der Leser","description":"Ein Blog mit Ihren Notizen, Gedichten und Bildern f\u00fcr die gedruckte ZEIT","potentialAction":[{"@type":"SearchAction","target":{"@type":"EntryPoint","urlTemplate":"https:\/\/blog.zeit.de\/zeit-der-leser\/?s={search_term_string}"},"query-input":"required name=search_term_string"}],"inLanguage":"de"},{"@type":"Person","@id":"https:\/\/blog.zeit.de\/zeit-der-leser\/#\/schema\/person\/583b14e5ad6368c23af846ecbde9f20f","name":"\"Zeit der Leser\"-Redaktion","image":{"@type":"ImageObject","inLanguage":"de","@id":"https:\/\/blog.zeit.de\/zeit-der-leser\/#\/schema\/person\/image\/","url":"https:\/\/secure.gravatar.com\/avatar\/e801a681bd3bbf2345131a815930b48d9f8e0a94de1346b624840dc850f67ad0?s=96&d=mm&r=g","contentUrl":"https:\/\/secure.gravatar.com\/avatar\/e801a681bd3bbf2345131a815930b48d9f8e0a94de1346b624840dc850f67ad0?s=96&d=mm&r=g","caption":"\"Zeit der Leser\"-Redaktion"},"url":"https:\/\/blog.zeit.de\/zeit-der-leser\/author\/zeit-der-leser-redaktion\/"}]}},"jetpack_featured_media_url":"","jetpack_sharing_enabled":true,"_links":{"self":[{"href":"https:\/\/blog.zeit.de\/zeit-der-leser\/wp-json\/wp\/v2\/posts\/17659","targetHints":{"allow":["GET"]}}],"collection":[{"href":"https:\/\/blog.zeit.de\/zeit-der-leser\/wp-json\/wp\/v2\/posts"}],"about":[{"href":"https:\/\/blog.zeit.de\/zeit-der-leser\/wp-json\/wp\/v2\/types\/post"}],"author":[{"embeddable":true,"href":"https:\/\/blog.zeit.de\/zeit-der-leser\/wp-json\/wp\/v2\/users\/265"}],"replies":[{"embeddable":true,"href":"https:\/\/blog.zeit.de\/zeit-der-leser\/wp-json\/wp\/v2\/comments?post=17659"}],"version-history":[{"count":1,"href":"https:\/\/blog.zeit.de\/zeit-der-leser\/wp-json\/wp\/v2\/posts\/17659\/revisions"}],"predecessor-version":[{"id":17660,"href":"https:\/\/blog.zeit.de\/zeit-der-leser\/wp-json\/wp\/v2\/posts\/17659\/revisions\/17660"}],"wp:attachment":[{"href":"https:\/\/blog.zeit.de\/zeit-der-leser\/wp-json\/wp\/v2\/media?parent=17659"}],"wp:term":[{"taxonomy":"category","embeddable":true,"href":"https:\/\/blog.zeit.de\/zeit-der-leser\/wp-json\/wp\/v2\/categories?post=17659"},{"taxonomy":"post_tag","embeddable":true,"href":"https:\/\/blog.zeit.de\/zeit-der-leser\/wp-json\/wp\/v2\/tags?post=17659"}],"curies":[{"name":"wp","href":"https:\/\/api.w.org\/{rel}","templated":true}]}}