{"id":1770,"date":"2010-07-11T12:46:06","date_gmt":"2010-07-11T10:46:06","guid":{"rendered":"http:\/\/blog.zeit.de\/zeit-der-leser\/?p=1770"},"modified":"2010-07-06T10:46:24","modified_gmt":"2010-07-06T08:46:24","slug":"junge-freunde-der-vergangenheit","status":"publish","type":"post","link":"https:\/\/blog.zeit.de\/zeit-der-leser\/2010\/07\/11\/junge-freunde-der-vergangenheit\/","title":{"rendered":"Junge Freunde der Vergangenheit"},"content":{"rendered":"<p>Ich stehe im Westerwald am offenen Fenster eines Dampfzuges. Gleich wird er abfahren. Eine sanfte Wolke weht von der Lok her\u00fcber und tr\u00e4gt deren unnachahmlichen Geruch von Rauch, \u00d6l und Wasserdampf zu einem vielleicht F\u00fcnfj\u00e4hrigen neben mir. &#8222;Mmmh, was riecht das gut!&#8220;, ert\u00f6nt es voller Emphase. Sch\u00f6n, dass die Vergangenheit<br \/>\nso junge Freunde hat!<\/p>\n<p><em>Gu\u0308nther Steinhauer, Dortmund<\/em><\/p>\n","protected":false},"excerpt":{"rendered":"<p>Ich stehe im Westerwald am offenen Fenster eines Dampfzuges. Gleich wird er abfahren. Eine sanfte Wolke weht von der Lok her\u00fcber und tr\u00e4gt deren unnachahmlichen Geruch von Rauch, \u00d6l und Wasserdampf zu einem vielleicht F\u00fcnfj\u00e4hrigen neben mir. &#8222;Mmmh, was riecht das gut!&#8220;, ert\u00f6nt es voller Emphase. Sch\u00f6n, dass die Vergangenheit so junge Freunde hat! Gu\u0308nther [&hellip;]<\/p>\n","protected":false},"author":264,"featured_media":0,"comment_status":"open","ping_status":"open","sticky":false,"template":"","format":"standard","meta":{"_jetpack_memberships_contains_paid_content":false,"footnotes":""},"categories":[1871],"tags":[],"class_list":["post-1770","post","type-post","status-publish","format-standard","hentry","category-was-mein-leben-reicher-macht"],"yoast_head":"<!-- This site is optimized with the Yoast SEO plugin v21.0 - https:\/\/yoast.com\/wordpress\/plugins\/seo\/ -->\n<title>Junge Freunde der Vergangenheit - ZEIT der Leser<\/title>\n<meta name=\"robots\" content=\"index, follow, max-snippet:-1, max-image-preview:large, max-video-preview:-1\" \/>\n<link rel=\"canonical\" href=\"https:\/\/blog.zeit.de\/zeit-der-leser\/2010\/07\/11\/junge-freunde-der-vergangenheit\/\" \/>\n<meta property=\"og:locale\" content=\"de_DE\" \/>\n<meta property=\"og:type\" content=\"article\" \/>\n<meta property=\"og:title\" content=\"Junge Freunde der Vergangenheit - ZEIT der Leser\" \/>\n<meta property=\"og:description\" content=\"Ich stehe im Westerwald am offenen Fenster eines Dampfzuges. Gleich wird er abfahren. Eine sanfte Wolke weht von der Lok her\u00fcber und tr\u00e4gt deren unnachahmlichen Geruch von Rauch, \u00d6l und Wasserdampf zu einem vielleicht F\u00fcnfj\u00e4hrigen neben mir. &#8222;Mmmh, was riecht das gut!&#8220;, ert\u00f6nt es voller Emphase. Sch\u00f6n, dass die Vergangenheit so junge Freunde hat! Gu\u0308nther [&hellip;]\" \/>\n<meta property=\"og:url\" content=\"https:\/\/blog.zeit.de\/zeit-der-leser\/2010\/07\/11\/junge-freunde-der-vergangenheit\/\" \/>\n<meta property=\"og:site_name\" content=\"ZEIT der Leser\" \/>\n<meta property=\"article:published_time\" content=\"2010-07-11T10:46:06+00:00\" \/>\n<meta property=\"article:modified_time\" content=\"2010-07-06T08:46:24+00:00\" \/>\n<meta name=\"author\" content=\"Zeit der Leser\" \/>\n<meta name=\"twitter:card\" content=\"summary_large_image\" \/>\n<meta name=\"twitter:label1\" content=\"Geschrieben von\" \/>\n\t<meta name=\"twitter:data1\" content=\"Zeit der Leser\" \/>\n<script type=\"application\/ld+json\" class=\"yoast-schema-graph\">{\"@context\":\"https:\/\/schema.org\",\"@graph\":[{\"@type\":\"WebPage\",\"@id\":\"https:\/\/blog.zeit.de\/zeit-der-leser\/2010\/07\/11\/junge-freunde-der-vergangenheit\/\",\"url\":\"https:\/\/blog.zeit.de\/zeit-der-leser\/2010\/07\/11\/junge-freunde-der-vergangenheit\/\",\"name\":\"Junge Freunde der Vergangenheit - ZEIT der Leser\",\"isPartOf\":{\"@id\":\"https:\/\/blog.zeit.de\/zeit-der-leser\/#website\"},\"datePublished\":\"2010-07-11T10:46:06+00:00\",\"dateModified\":\"2010-07-06T08:46:24+00:00\",\"author\":{\"@id\":\"https:\/\/blog.zeit.de\/zeit-der-leser\/#\/schema\/person\/e248c7ff5a10552f6a3bd5e9385b3667\"},\"breadcrumb\":{\"@id\":\"https:\/\/blog.zeit.de\/zeit-der-leser\/2010\/07\/11\/junge-freunde-der-vergangenheit\/#breadcrumb\"},\"inLanguage\":\"de\",\"potentialAction\":[{\"@type\":\"ReadAction\",\"target\":[\"https:\/\/blog.zeit.de\/zeit-der-leser\/2010\/07\/11\/junge-freunde-der-vergangenheit\/\"]}]},{\"@type\":\"BreadcrumbList\",\"@id\":\"https:\/\/blog.zeit.de\/zeit-der-leser\/2010\/07\/11\/junge-freunde-der-vergangenheit\/#breadcrumb\",\"itemListElement\":[{\"@type\":\"ListItem\",\"position\":1,\"name\":\"Startseite\",\"item\":\"https:\/\/blog.zeit.de\/zeit-der-leser\/\"},{\"@type\":\"ListItem\",\"position\":2,\"name\":\"Junge Freunde der Vergangenheit\"}]},{\"@type\":\"WebSite\",\"@id\":\"https:\/\/blog.zeit.de\/zeit-der-leser\/#website\",\"url\":\"https:\/\/blog.zeit.de\/zeit-der-leser\/\",\"name\":\"ZEIT der Leser\",\"description\":\"Ein Blog mit Ihren Notizen, Gedichten und Bildern f\u00fcr die gedruckte ZEIT\",\"potentialAction\":[{\"@type\":\"SearchAction\",\"target\":{\"@type\":\"EntryPoint\",\"urlTemplate\":\"https:\/\/blog.zeit.de\/zeit-der-leser\/?s={search_term_string}\"},\"query-input\":\"required name=search_term_string\"}],\"inLanguage\":\"de\"},{\"@type\":\"Person\",\"@id\":\"https:\/\/blog.zeit.de\/zeit-der-leser\/#\/schema\/person\/e248c7ff5a10552f6a3bd5e9385b3667\",\"name\":\"Zeit der Leser\",\"image\":{\"@type\":\"ImageObject\",\"inLanguage\":\"de\",\"@id\":\"https:\/\/blog.zeit.de\/zeit-der-leser\/#\/schema\/person\/image\/\",\"url\":\"https:\/\/secure.gravatar.com\/avatar\/529bb2731085995bda6c8ba0e4da7e528ea8be4e6c7abdd217f176e2309035f6?s=96&d=mm&r=g\",\"contentUrl\":\"https:\/\/secure.gravatar.com\/avatar\/529bb2731085995bda6c8ba0e4da7e528ea8be4e6c7abdd217f176e2309035f6?s=96&d=mm&r=g\",\"caption\":\"Zeit der Leser\"},\"url\":\"https:\/\/blog.zeit.de\/zeit-der-leser\/author\/zeit-der-leser\/\"}]}<\/script>\n<!-- \/ Yoast SEO plugin. -->","yoast_head_json":{"title":"Junge Freunde der Vergangenheit - ZEIT der Leser","robots":{"index":"index","follow":"follow","max-snippet":"max-snippet:-1","max-image-preview":"max-image-preview:large","max-video-preview":"max-video-preview:-1"},"canonical":"https:\/\/blog.zeit.de\/zeit-der-leser\/2010\/07\/11\/junge-freunde-der-vergangenheit\/","og_locale":"de_DE","og_type":"article","og_title":"Junge Freunde der Vergangenheit - ZEIT der Leser","og_description":"Ich stehe im Westerwald am offenen Fenster eines Dampfzuges. Gleich wird er abfahren. Eine sanfte Wolke weht von der Lok her\u00fcber und tr\u00e4gt deren unnachahmlichen Geruch von Rauch, \u00d6l und Wasserdampf zu einem vielleicht F\u00fcnfj\u00e4hrigen neben mir. &#8222;Mmmh, was riecht das gut!&#8220;, ert\u00f6nt es voller Emphase. Sch\u00f6n, dass die Vergangenheit so junge Freunde hat! Gu\u0308nther [&hellip;]","og_url":"https:\/\/blog.zeit.de\/zeit-der-leser\/2010\/07\/11\/junge-freunde-der-vergangenheit\/","og_site_name":"ZEIT der Leser","article_published_time":"2010-07-11T10:46:06+00:00","article_modified_time":"2010-07-06T08:46:24+00:00","author":"Zeit der Leser","twitter_card":"summary_large_image","twitter_misc":{"Geschrieben von":"Zeit der Leser"},"schema":{"@context":"https:\/\/schema.org","@graph":[{"@type":"WebPage","@id":"https:\/\/blog.zeit.de\/zeit-der-leser\/2010\/07\/11\/junge-freunde-der-vergangenheit\/","url":"https:\/\/blog.zeit.de\/zeit-der-leser\/2010\/07\/11\/junge-freunde-der-vergangenheit\/","name":"Junge Freunde der Vergangenheit - ZEIT der Leser","isPartOf":{"@id":"https:\/\/blog.zeit.de\/zeit-der-leser\/#website"},"datePublished":"2010-07-11T10:46:06+00:00","dateModified":"2010-07-06T08:46:24+00:00","author":{"@id":"https:\/\/blog.zeit.de\/zeit-der-leser\/#\/schema\/person\/e248c7ff5a10552f6a3bd5e9385b3667"},"breadcrumb":{"@id":"https:\/\/blog.zeit.de\/zeit-der-leser\/2010\/07\/11\/junge-freunde-der-vergangenheit\/#breadcrumb"},"inLanguage":"de","potentialAction":[{"@type":"ReadAction","target":["https:\/\/blog.zeit.de\/zeit-der-leser\/2010\/07\/11\/junge-freunde-der-vergangenheit\/"]}]},{"@type":"BreadcrumbList","@id":"https:\/\/blog.zeit.de\/zeit-der-leser\/2010\/07\/11\/junge-freunde-der-vergangenheit\/#breadcrumb","itemListElement":[{"@type":"ListItem","position":1,"name":"Startseite","item":"https:\/\/blog.zeit.de\/zeit-der-leser\/"},{"@type":"ListItem","position":2,"name":"Junge Freunde der Vergangenheit"}]},{"@type":"WebSite","@id":"https:\/\/blog.zeit.de\/zeit-der-leser\/#website","url":"https:\/\/blog.zeit.de\/zeit-der-leser\/","name":"ZEIT der Leser","description":"Ein Blog mit Ihren Notizen, Gedichten und Bildern f\u00fcr die gedruckte ZEIT","potentialAction":[{"@type":"SearchAction","target":{"@type":"EntryPoint","urlTemplate":"https:\/\/blog.zeit.de\/zeit-der-leser\/?s={search_term_string}"},"query-input":"required name=search_term_string"}],"inLanguage":"de"},{"@type":"Person","@id":"https:\/\/blog.zeit.de\/zeit-der-leser\/#\/schema\/person\/e248c7ff5a10552f6a3bd5e9385b3667","name":"Zeit der Leser","image":{"@type":"ImageObject","inLanguage":"de","@id":"https:\/\/blog.zeit.de\/zeit-der-leser\/#\/schema\/person\/image\/","url":"https:\/\/secure.gravatar.com\/avatar\/529bb2731085995bda6c8ba0e4da7e528ea8be4e6c7abdd217f176e2309035f6?s=96&d=mm&r=g","contentUrl":"https:\/\/secure.gravatar.com\/avatar\/529bb2731085995bda6c8ba0e4da7e528ea8be4e6c7abdd217f176e2309035f6?s=96&d=mm&r=g","caption":"Zeit der Leser"},"url":"https:\/\/blog.zeit.de\/zeit-der-leser\/author\/zeit-der-leser\/"}]}},"jetpack_featured_media_url":"","jetpack_sharing_enabled":true,"_links":{"self":[{"href":"https:\/\/blog.zeit.de\/zeit-der-leser\/wp-json\/wp\/v2\/posts\/1770","targetHints":{"allow":["GET"]}}],"collection":[{"href":"https:\/\/blog.zeit.de\/zeit-der-leser\/wp-json\/wp\/v2\/posts"}],"about":[{"href":"https:\/\/blog.zeit.de\/zeit-der-leser\/wp-json\/wp\/v2\/types\/post"}],"author":[{"embeddable":true,"href":"https:\/\/blog.zeit.de\/zeit-der-leser\/wp-json\/wp\/v2\/users\/264"}],"replies":[{"embeddable":true,"href":"https:\/\/blog.zeit.de\/zeit-der-leser\/wp-json\/wp\/v2\/comments?post=1770"}],"version-history":[{"count":0,"href":"https:\/\/blog.zeit.de\/zeit-der-leser\/wp-json\/wp\/v2\/posts\/1770\/revisions"}],"wp:attachment":[{"href":"https:\/\/blog.zeit.de\/zeit-der-leser\/wp-json\/wp\/v2\/media?parent=1770"}],"wp:term":[{"taxonomy":"category","embeddable":true,"href":"https:\/\/blog.zeit.de\/zeit-der-leser\/wp-json\/wp\/v2\/categories?post=1770"},{"taxonomy":"post_tag","embeddable":true,"href":"https:\/\/blog.zeit.de\/zeit-der-leser\/wp-json\/wp\/v2\/tags?post=1770"}],"curies":[{"name":"wp","href":"https:\/\/api.w.org\/{rel}","templated":true}]}}