{"id":1784,"date":"2010-07-14T05:03:23","date_gmt":"2010-07-14T03:03:23","guid":{"rendered":"http:\/\/blog.zeit.de\/zeit-der-leser\/?p=1784"},"modified":"2010-07-14T16:13:07","modified_gmt":"2010-07-14T14:13:07","slug":"die-lieben-teufelsbraten","status":"publish","type":"post","link":"https:\/\/blog.zeit.de\/zeit-der-leser\/2010\/07\/14\/die-lieben-teufelsbraten\/","title":{"rendered":"Die lieben Teufelsbraten"},"content":{"rendered":"<p>Donnerstag, 7 Uhr: Teufelsbraten Nummer 1 (3\u00bd): &#8222;Mama, ich bin waaaaach!&#8220; Aufstehen. Teufelsbraten Nummer 2 (4 Monate) hat Hunger. Stillen. Wickeln. Anziehen. Fr\u00fchst\u00fcck machen. &#8222;Mama, ich mag aber das blaue TShirt!&#8220; Kindergarten. Schnell wieder nach Hause, umziehen: Teufelsbraten Nummer 2 hat die Milch auf mein Oberteil gespuckt. Ab ins Bu\u0308ro (regelm\u00e4\u00dfige Besuche erleichtern den Wiedereinstieg \u2013 ich freu mich drauf). Stillen. Einkaufen. Treppen hoch mit Kinderwagentasche, Einkaufst\u00fcten. Essen. Stillen, Teufelsbraten Nummer 2 macht ein Nickerchen. Schnell Aufgaben am Computer erledigen. W\u00e4sche aufh\u00e4ngen. Oma anrufen (heute nur 34 Minuten). Nickerchen zu Ende. Stillen. Kindergarten. \u00dcberf\u00e4lliges Buch in der B\u00fccherei abgeben. Spielplatz. Treppen hoch mit Kinderwagentasche rechts, Teufelsbraten Nummer 1 links, &#8222;Mama, kannst du mich auch tragen?&#8220;. Stillen und neu ausgeliehenes Buch vorlesen. Einen Teufelsbraten auf dem Arm, einer h\u00e4ngt am Bein, ich r\u00fchre Eierkuchenteig. Zufriedenes Schmatzen. Auf zur letzten Runde: ausziehen, duschen, Z\u00e4hne putzen, stillen, wickeln, &#8222;Die Bl\u00fcmelein, sie schlafen&#8230;&#8220; \u2013 &#8222;Mama, ich hab noch Durst.&#8220; Endlich: Stille. Ich schleiche m\u00fcde ins dunkle Kinderzimmer, h\u00f6re den ruhigen Atem meiner Kinder und fu\u0308hle mich unendlich reich.<\/p>\n<p><em>Tina Weiler, Berlin<\/em><\/p>\n","protected":false},"excerpt":{"rendered":"<p>Donnerstag, 7 Uhr: Teufelsbraten Nummer 1 (3\u00bd): &#8222;Mama, ich bin waaaaach!&#8220; Aufstehen. Teufelsbraten Nummer 2 (4 Monate) hat Hunger. Stillen. Wickeln. Anziehen. Fr\u00fchst\u00fcck machen. &#8222;Mama, ich mag aber das blaue TShirt!&#8220; Kindergarten. Schnell wieder nach Hause, umziehen: Teufelsbraten Nummer 2 hat die Milch auf mein Oberteil gespuckt. Ab ins Bu\u0308ro (regelm\u00e4\u00dfige Besuche erleichtern den Wiedereinstieg [&hellip;]<\/p>\n","protected":false},"author":264,"featured_media":0,"comment_status":"open","ping_status":"open","sticky":false,"template":"","format":"standard","meta":{"_jetpack_memberships_contains_paid_content":false,"footnotes":""},"categories":[1871],"tags":[],"class_list":["post-1784","post","type-post","status-publish","format-standard","hentry","category-was-mein-leben-reicher-macht"],"yoast_head":"<!-- This site is optimized with the Yoast SEO plugin v21.0 - https:\/\/yoast.com\/wordpress\/plugins\/seo\/ -->\n<title>Die lieben Teufelsbraten - ZEIT der Leser<\/title>\n<meta name=\"robots\" content=\"index, follow, max-snippet:-1, max-image-preview:large, max-video-preview:-1\" \/>\n<link rel=\"canonical\" href=\"https:\/\/blog.zeit.de\/zeit-der-leser\/2010\/07\/14\/die-lieben-teufelsbraten\/\" \/>\n<meta property=\"og:locale\" content=\"de_DE\" \/>\n<meta property=\"og:type\" content=\"article\" \/>\n<meta property=\"og:title\" content=\"Die lieben Teufelsbraten - ZEIT der Leser\" \/>\n<meta property=\"og:description\" content=\"Donnerstag, 7 Uhr: Teufelsbraten Nummer 1 (3\u00bd): &#8222;Mama, ich bin waaaaach!&#8220; Aufstehen. Teufelsbraten Nummer 2 (4 Monate) hat Hunger. Stillen. Wickeln. Anziehen. Fr\u00fchst\u00fcck machen. &#8222;Mama, ich mag aber das blaue TShirt!&#8220; Kindergarten. Schnell wieder nach Hause, umziehen: Teufelsbraten Nummer 2 hat die Milch auf mein Oberteil gespuckt. Ab ins Bu\u0308ro (regelm\u00e4\u00dfige Besuche erleichtern den Wiedereinstieg [&hellip;]\" \/>\n<meta property=\"og:url\" content=\"https:\/\/blog.zeit.de\/zeit-der-leser\/2010\/07\/14\/die-lieben-teufelsbraten\/\" \/>\n<meta property=\"og:site_name\" content=\"ZEIT der Leser\" \/>\n<meta property=\"article:published_time\" content=\"2010-07-14T03:03:23+00:00\" \/>\n<meta property=\"article:modified_time\" content=\"2010-07-14T14:13:07+00:00\" \/>\n<meta name=\"author\" content=\"Zeit der Leser\" \/>\n<meta name=\"twitter:card\" content=\"summary_large_image\" \/>\n<meta name=\"twitter:label1\" content=\"Geschrieben von\" \/>\n\t<meta name=\"twitter:data1\" content=\"Zeit der Leser\" \/>\n\t<meta name=\"twitter:label2\" content=\"Gesch\u00e4tzte Lesezeit\" \/>\n\t<meta name=\"twitter:data2\" content=\"1\u00a0Minute\" \/>\n<script type=\"application\/ld+json\" class=\"yoast-schema-graph\">{\"@context\":\"https:\/\/schema.org\",\"@graph\":[{\"@type\":\"WebPage\",\"@id\":\"https:\/\/blog.zeit.de\/zeit-der-leser\/2010\/07\/14\/die-lieben-teufelsbraten\/\",\"url\":\"https:\/\/blog.zeit.de\/zeit-der-leser\/2010\/07\/14\/die-lieben-teufelsbraten\/\",\"name\":\"Die lieben Teufelsbraten - ZEIT der Leser\",\"isPartOf\":{\"@id\":\"https:\/\/blog.zeit.de\/zeit-der-leser\/#website\"},\"datePublished\":\"2010-07-14T03:03:23+00:00\",\"dateModified\":\"2010-07-14T14:13:07+00:00\",\"author\":{\"@id\":\"https:\/\/blog.zeit.de\/zeit-der-leser\/#\/schema\/person\/e248c7ff5a10552f6a3bd5e9385b3667\"},\"breadcrumb\":{\"@id\":\"https:\/\/blog.zeit.de\/zeit-der-leser\/2010\/07\/14\/die-lieben-teufelsbraten\/#breadcrumb\"},\"inLanguage\":\"de\",\"potentialAction\":[{\"@type\":\"ReadAction\",\"target\":[\"https:\/\/blog.zeit.de\/zeit-der-leser\/2010\/07\/14\/die-lieben-teufelsbraten\/\"]}]},{\"@type\":\"BreadcrumbList\",\"@id\":\"https:\/\/blog.zeit.de\/zeit-der-leser\/2010\/07\/14\/die-lieben-teufelsbraten\/#breadcrumb\",\"itemListElement\":[{\"@type\":\"ListItem\",\"position\":1,\"name\":\"Startseite\",\"item\":\"https:\/\/blog.zeit.de\/zeit-der-leser\/\"},{\"@type\":\"ListItem\",\"position\":2,\"name\":\"Die lieben Teufelsbraten\"}]},{\"@type\":\"WebSite\",\"@id\":\"https:\/\/blog.zeit.de\/zeit-der-leser\/#website\",\"url\":\"https:\/\/blog.zeit.de\/zeit-der-leser\/\",\"name\":\"ZEIT der Leser\",\"description\":\"Ein Blog mit Ihren Notizen, Gedichten und Bildern f\u00fcr die gedruckte ZEIT\",\"potentialAction\":[{\"@type\":\"SearchAction\",\"target\":{\"@type\":\"EntryPoint\",\"urlTemplate\":\"https:\/\/blog.zeit.de\/zeit-der-leser\/?s={search_term_string}\"},\"query-input\":\"required name=search_term_string\"}],\"inLanguage\":\"de\"},{\"@type\":\"Person\",\"@id\":\"https:\/\/blog.zeit.de\/zeit-der-leser\/#\/schema\/person\/e248c7ff5a10552f6a3bd5e9385b3667\",\"name\":\"Zeit der Leser\",\"image\":{\"@type\":\"ImageObject\",\"inLanguage\":\"de\",\"@id\":\"https:\/\/blog.zeit.de\/zeit-der-leser\/#\/schema\/person\/image\/\",\"url\":\"https:\/\/secure.gravatar.com\/avatar\/529bb2731085995bda6c8ba0e4da7e528ea8be4e6c7abdd217f176e2309035f6?s=96&d=mm&r=g\",\"contentUrl\":\"https:\/\/secure.gravatar.com\/avatar\/529bb2731085995bda6c8ba0e4da7e528ea8be4e6c7abdd217f176e2309035f6?s=96&d=mm&r=g\",\"caption\":\"Zeit der Leser\"},\"url\":\"https:\/\/blog.zeit.de\/zeit-der-leser\/author\/zeit-der-leser\/\"}]}<\/script>\n<!-- \/ Yoast SEO plugin. -->","yoast_head_json":{"title":"Die lieben Teufelsbraten - ZEIT der Leser","robots":{"index":"index","follow":"follow","max-snippet":"max-snippet:-1","max-image-preview":"max-image-preview:large","max-video-preview":"max-video-preview:-1"},"canonical":"https:\/\/blog.zeit.de\/zeit-der-leser\/2010\/07\/14\/die-lieben-teufelsbraten\/","og_locale":"de_DE","og_type":"article","og_title":"Die lieben Teufelsbraten - ZEIT der Leser","og_description":"Donnerstag, 7 Uhr: Teufelsbraten Nummer 1 (3\u00bd): &#8222;Mama, ich bin waaaaach!&#8220; Aufstehen. Teufelsbraten Nummer 2 (4 Monate) hat Hunger. Stillen. Wickeln. Anziehen. Fr\u00fchst\u00fcck machen. &#8222;Mama, ich mag aber das blaue TShirt!&#8220; Kindergarten. Schnell wieder nach Hause, umziehen: Teufelsbraten Nummer 2 hat die Milch auf mein Oberteil gespuckt. Ab ins Bu\u0308ro (regelm\u00e4\u00dfige Besuche erleichtern den Wiedereinstieg [&hellip;]","og_url":"https:\/\/blog.zeit.de\/zeit-der-leser\/2010\/07\/14\/die-lieben-teufelsbraten\/","og_site_name":"ZEIT der Leser","article_published_time":"2010-07-14T03:03:23+00:00","article_modified_time":"2010-07-14T14:13:07+00:00","author":"Zeit der Leser","twitter_card":"summary_large_image","twitter_misc":{"Geschrieben von":"Zeit der Leser","Gesch\u00e4tzte Lesezeit":"1\u00a0Minute"},"schema":{"@context":"https:\/\/schema.org","@graph":[{"@type":"WebPage","@id":"https:\/\/blog.zeit.de\/zeit-der-leser\/2010\/07\/14\/die-lieben-teufelsbraten\/","url":"https:\/\/blog.zeit.de\/zeit-der-leser\/2010\/07\/14\/die-lieben-teufelsbraten\/","name":"Die lieben Teufelsbraten - ZEIT der Leser","isPartOf":{"@id":"https:\/\/blog.zeit.de\/zeit-der-leser\/#website"},"datePublished":"2010-07-14T03:03:23+00:00","dateModified":"2010-07-14T14:13:07+00:00","author":{"@id":"https:\/\/blog.zeit.de\/zeit-der-leser\/#\/schema\/person\/e248c7ff5a10552f6a3bd5e9385b3667"},"breadcrumb":{"@id":"https:\/\/blog.zeit.de\/zeit-der-leser\/2010\/07\/14\/die-lieben-teufelsbraten\/#breadcrumb"},"inLanguage":"de","potentialAction":[{"@type":"ReadAction","target":["https:\/\/blog.zeit.de\/zeit-der-leser\/2010\/07\/14\/die-lieben-teufelsbraten\/"]}]},{"@type":"BreadcrumbList","@id":"https:\/\/blog.zeit.de\/zeit-der-leser\/2010\/07\/14\/die-lieben-teufelsbraten\/#breadcrumb","itemListElement":[{"@type":"ListItem","position":1,"name":"Startseite","item":"https:\/\/blog.zeit.de\/zeit-der-leser\/"},{"@type":"ListItem","position":2,"name":"Die lieben Teufelsbraten"}]},{"@type":"WebSite","@id":"https:\/\/blog.zeit.de\/zeit-der-leser\/#website","url":"https:\/\/blog.zeit.de\/zeit-der-leser\/","name":"ZEIT der Leser","description":"Ein Blog mit Ihren Notizen, Gedichten und Bildern f\u00fcr die gedruckte ZEIT","potentialAction":[{"@type":"SearchAction","target":{"@type":"EntryPoint","urlTemplate":"https:\/\/blog.zeit.de\/zeit-der-leser\/?s={search_term_string}"},"query-input":"required name=search_term_string"}],"inLanguage":"de"},{"@type":"Person","@id":"https:\/\/blog.zeit.de\/zeit-der-leser\/#\/schema\/person\/e248c7ff5a10552f6a3bd5e9385b3667","name":"Zeit der Leser","image":{"@type":"ImageObject","inLanguage":"de","@id":"https:\/\/blog.zeit.de\/zeit-der-leser\/#\/schema\/person\/image\/","url":"https:\/\/secure.gravatar.com\/avatar\/529bb2731085995bda6c8ba0e4da7e528ea8be4e6c7abdd217f176e2309035f6?s=96&d=mm&r=g","contentUrl":"https:\/\/secure.gravatar.com\/avatar\/529bb2731085995bda6c8ba0e4da7e528ea8be4e6c7abdd217f176e2309035f6?s=96&d=mm&r=g","caption":"Zeit der Leser"},"url":"https:\/\/blog.zeit.de\/zeit-der-leser\/author\/zeit-der-leser\/"}]}},"jetpack_featured_media_url":"","jetpack_sharing_enabled":true,"_links":{"self":[{"href":"https:\/\/blog.zeit.de\/zeit-der-leser\/wp-json\/wp\/v2\/posts\/1784","targetHints":{"allow":["GET"]}}],"collection":[{"href":"https:\/\/blog.zeit.de\/zeit-der-leser\/wp-json\/wp\/v2\/posts"}],"about":[{"href":"https:\/\/blog.zeit.de\/zeit-der-leser\/wp-json\/wp\/v2\/types\/post"}],"author":[{"embeddable":true,"href":"https:\/\/blog.zeit.de\/zeit-der-leser\/wp-json\/wp\/v2\/users\/264"}],"replies":[{"embeddable":true,"href":"https:\/\/blog.zeit.de\/zeit-der-leser\/wp-json\/wp\/v2\/comments?post=1784"}],"version-history":[{"count":0,"href":"https:\/\/blog.zeit.de\/zeit-der-leser\/wp-json\/wp\/v2\/posts\/1784\/revisions"}],"wp:attachment":[{"href":"https:\/\/blog.zeit.de\/zeit-der-leser\/wp-json\/wp\/v2\/media?parent=1784"}],"wp:term":[{"taxonomy":"category","embeddable":true,"href":"https:\/\/blog.zeit.de\/zeit-der-leser\/wp-json\/wp\/v2\/categories?post=1784"},{"taxonomy":"post_tag","embeddable":true,"href":"https:\/\/blog.zeit.de\/zeit-der-leser\/wp-json\/wp\/v2\/tags?post=1784"}],"curies":[{"name":"wp","href":"https:\/\/api.w.org\/{rel}","templated":true}]}}