{"id":17841,"date":"2014-07-02T15:00:35","date_gmt":"2014-07-02T13:00:35","guid":{"rendered":"http:\/\/blog.zeit.de\/zeit-der-leser\/?p=17841"},"modified":"2014-06-24T11:57:53","modified_gmt":"2014-06-24T09:57:53","slug":"zeitsprung-fussball","status":"publish","type":"post","link":"https:\/\/blog.zeit.de\/zeit-der-leser\/2014\/07\/02\/zeitsprung-fussball\/","title":{"rendered":"Zeitsprung: Fu\u00dfball"},"content":{"rendered":"<div>\n<div>\n<div>\n<p><div id='gallery-1' class='gallery galleryid-17841 gallery-columns-3 gallery-size-thumbnail'><figure class='gallery-item'>\n\t\t\t<div class='gallery-icon landscape'>\n\t\t\t\t<a href='https:\/\/blog.zeit.de\/zeit-der-leser\/2014\/06\/28\/ballwechsel\/s82-alter-ball\/'><img loading=\"lazy\" decoding=\"async\" width=\"150\" height=\"150\" src=\"https:\/\/blog.zeit.de\/zeit-der-leser\/files\/2014\/06\/s82-alter-ball-150x150.jpg\" class=\"attachment-thumbnail size-thumbnail\" alt=\"\" aria-describedby=\"gallery-1-17819\" \/><\/a>\n\t\t\t<\/div>\n\t\t\t\t<figcaption class='wp-caption-text gallery-caption' id='gallery-1-17819'>\n\t\t\t\t1959\n\t\t\t\t<\/figcaption><\/figure><figure class='gallery-item'>\n\t\t\t<div class='gallery-icon landscape'>\n\t\t\t\t<a href='https:\/\/blog.zeit.de\/zeit-der-leser\/2014\/06\/28\/ballwechsel\/s82-neuer-ball\/'><img loading=\"lazy\" decoding=\"async\" width=\"150\" height=\"150\" src=\"https:\/\/blog.zeit.de\/zeit-der-leser\/files\/2014\/06\/s82-neuer-ball-150x150.jpg\" class=\"attachment-thumbnail size-thumbnail\" alt=\"\" aria-describedby=\"gallery-1-17818\" \/><\/a>\n\t\t\t<\/div>\n\t\t\t\t<figcaption class='wp-caption-text gallery-caption' id='gallery-1-17818'>\n\t\t\t\t1994\n\t\t\t\t<\/figcaption><\/figure>\n\t\t<\/div>\n<\/p>\n<p>Als mein Vater (Jahrgang 1949) zehn Jahre alt war, schenkte ihm meine Gro\u00dfmutter einen Fu\u00dfball aus echtem Leder (links) \u2013 ein wahrer Schatz fu\u0308r ein fu\u00dfballbegeistertes Kind. Damit der Ball sich nicht mit Wasser vollsog (was ihn unbrauchbar gemacht ha\u0308tte), musste er regelma\u0308\u00dfig gefettet werden. Als mein Vater zum Wehrdienst eingezogen wurde und schlie\u00dflich\u00a0meine Mutter kennenlernte, wanderte der Fu\u00dfball in den Keller. Trotz der sich lo\u0308senden Na\u0308hte brachte meine Gro\u00dfmutter es nicht u\u0308bers Herz, ihn wegzuwerfen. Den Ball rechts daneben schenkte mir meine Mutter, als wiederum ich etwa zehn Jahre alt war, und zwar zur Fu\u00dfball-Weltmeisterschaft 1994. Er ist bereits aus modernem Kunstleder, allerdings sind die einzelnen\u00a0Stu\u0308cke auch hier noch mit der Hand zusammengena\u0308ht. Anders als die heutigen Ba\u0308lle haben beide weder aufwendiges Design noch hochtrabende Namen, dafu\u0308r aber die Spuren von vielen glu\u0308cklichen Momenten auf dem gru\u0308nen Rasen.<\/p>\n<div>\n<div>\n<div>\n<div>\n<div>\n<div>\n<p><strong>Stefanie Mayer<\/strong>, Reichertshausen, Bayern<\/p>\n<\/div>\n<\/div>\n<\/div>\n<\/div>\n<\/div>\n<\/div>\n<\/div>\n<\/div>\n<\/div>\n","protected":false},"excerpt":{"rendered":"<p>Als mein Vater (Jahrgang 1949) zehn Jahre alt war, schenkte ihm meine Gro\u00dfmutter einen Fu\u00dfball aus echtem Leder (links) \u2013 ein wahrer Schatz fu\u0308r ein fu\u00dfballbegeistertes Kind. Damit der Ball sich nicht mit Wasser vollsog (was ihn unbrauchbar gemacht ha\u0308tte), musste er regelma\u0308\u00dfig gefettet werden. Als mein Vater zum Wehrdienst eingezogen wurde und schlie\u00dflich\u00a0meine Mutter [&hellip;]<\/p>\n","protected":false},"author":265,"featured_media":0,"comment_status":"open","ping_status":"open","sticky":false,"template":"","format":"standard","meta":{"_jetpack_memberships_contains_paid_content":false,"footnotes":""},"categories":[1878],"tags":[],"class_list":["post-17841","post","type-post","status-publish","format-standard","hentry","category-zeitsprung"],"yoast_head":"<!-- This site is optimized with the Yoast SEO plugin v21.0 - https:\/\/yoast.com\/wordpress\/plugins\/seo\/ -->\n<title>Zeitsprung: Fu\u00dfball - ZEIT der Leser<\/title>\n<meta name=\"robots\" content=\"index, follow, max-snippet:-1, max-image-preview:large, max-video-preview:-1\" \/>\n<link rel=\"canonical\" href=\"https:\/\/blog.zeit.de\/zeit-der-leser\/2014\/07\/02\/zeitsprung-fussball\/\" \/>\n<meta property=\"og:locale\" content=\"de_DE\" \/>\n<meta property=\"og:type\" content=\"article\" \/>\n<meta property=\"og:title\" content=\"Zeitsprung: Fu\u00dfball - ZEIT der Leser\" \/>\n<meta property=\"og:description\" content=\"Als mein Vater (Jahrgang 1949) zehn Jahre alt war, schenkte ihm meine Gro\u00dfmutter einen Fu\u00dfball aus echtem Leder (links) \u2013 ein wahrer Schatz fu\u0308r ein fu\u00dfballbegeistertes Kind. Damit der Ball sich nicht mit Wasser vollsog (was ihn unbrauchbar gemacht ha\u0308tte), musste er regelma\u0308\u00dfig gefettet werden. Als mein Vater zum Wehrdienst eingezogen wurde und schlie\u00dflich\u00a0meine Mutter [&hellip;]\" \/>\n<meta property=\"og:url\" content=\"https:\/\/blog.zeit.de\/zeit-der-leser\/2014\/07\/02\/zeitsprung-fussball\/\" \/>\n<meta property=\"og:site_name\" content=\"ZEIT der Leser\" \/>\n<meta property=\"article:published_time\" content=\"2014-07-02T13:00:35+00:00\" \/>\n<meta property=\"article:modified_time\" content=\"2014-06-24T09:57:53+00:00\" \/>\n<meta property=\"og:image\" content=\"https:\/\/blog.zeit.de\/zeit-der-leser\/files\/2014\/06\/s82-alter-ball-150x150.jpg\" \/>\n<meta name=\"author\" content=\"&quot;Zeit der Leser&quot;-Redaktion\" \/>\n<meta name=\"twitter:card\" content=\"summary_large_image\" \/>\n<meta name=\"twitter:label1\" content=\"Geschrieben von\" \/>\n\t<meta name=\"twitter:data1\" content=\"\"Zeit der Leser\"-Redaktion\" \/>\n\t<meta name=\"twitter:label2\" content=\"Gesch\u00e4tzte Lesezeit\" \/>\n\t<meta name=\"twitter:data2\" content=\"1\u00a0Minute\" \/>\n<script type=\"application\/ld+json\" class=\"yoast-schema-graph\">{\"@context\":\"https:\/\/schema.org\",\"@graph\":[{\"@type\":\"WebPage\",\"@id\":\"https:\/\/blog.zeit.de\/zeit-der-leser\/2014\/07\/02\/zeitsprung-fussball\/\",\"url\":\"https:\/\/blog.zeit.de\/zeit-der-leser\/2014\/07\/02\/zeitsprung-fussball\/\",\"name\":\"Zeitsprung: Fu\u00dfball - ZEIT der Leser\",\"isPartOf\":{\"@id\":\"https:\/\/blog.zeit.de\/zeit-der-leser\/#website\"},\"datePublished\":\"2014-07-02T13:00:35+00:00\",\"dateModified\":\"2014-06-24T09:57:53+00:00\",\"author\":{\"@id\":\"https:\/\/blog.zeit.de\/zeit-der-leser\/#\/schema\/person\/583b14e5ad6368c23af846ecbde9f20f\"},\"breadcrumb\":{\"@id\":\"https:\/\/blog.zeit.de\/zeit-der-leser\/2014\/07\/02\/zeitsprung-fussball\/#breadcrumb\"},\"inLanguage\":\"de\",\"potentialAction\":[{\"@type\":\"ReadAction\",\"target\":[\"https:\/\/blog.zeit.de\/zeit-der-leser\/2014\/07\/02\/zeitsprung-fussball\/\"]}]},{\"@type\":\"BreadcrumbList\",\"@id\":\"https:\/\/blog.zeit.de\/zeit-der-leser\/2014\/07\/02\/zeitsprung-fussball\/#breadcrumb\",\"itemListElement\":[{\"@type\":\"ListItem\",\"position\":1,\"name\":\"Startseite\",\"item\":\"https:\/\/blog.zeit.de\/zeit-der-leser\/\"},{\"@type\":\"ListItem\",\"position\":2,\"name\":\"Zeitsprung: Fu\u00dfball\"}]},{\"@type\":\"WebSite\",\"@id\":\"https:\/\/blog.zeit.de\/zeit-der-leser\/#website\",\"url\":\"https:\/\/blog.zeit.de\/zeit-der-leser\/\",\"name\":\"ZEIT der Leser\",\"description\":\"Ein Blog mit Ihren Notizen, Gedichten und Bildern f\u00fcr die gedruckte ZEIT\",\"potentialAction\":[{\"@type\":\"SearchAction\",\"target\":{\"@type\":\"EntryPoint\",\"urlTemplate\":\"https:\/\/blog.zeit.de\/zeit-der-leser\/?s={search_term_string}\"},\"query-input\":\"required name=search_term_string\"}],\"inLanguage\":\"de\"},{\"@type\":\"Person\",\"@id\":\"https:\/\/blog.zeit.de\/zeit-der-leser\/#\/schema\/person\/583b14e5ad6368c23af846ecbde9f20f\",\"name\":\"\\\"Zeit der Leser\\\"-Redaktion\",\"image\":{\"@type\":\"ImageObject\",\"inLanguage\":\"de\",\"@id\":\"https:\/\/blog.zeit.de\/zeit-der-leser\/#\/schema\/person\/image\/\",\"url\":\"https:\/\/secure.gravatar.com\/avatar\/e801a681bd3bbf2345131a815930b48d9f8e0a94de1346b624840dc850f67ad0?s=96&d=mm&r=g\",\"contentUrl\":\"https:\/\/secure.gravatar.com\/avatar\/e801a681bd3bbf2345131a815930b48d9f8e0a94de1346b624840dc850f67ad0?s=96&d=mm&r=g\",\"caption\":\"\\\"Zeit der Leser\\\"-Redaktion\"},\"url\":\"https:\/\/blog.zeit.de\/zeit-der-leser\/author\/zeit-der-leser-redaktion\/\"}]}<\/script>\n<!-- \/ Yoast SEO plugin. -->","yoast_head_json":{"title":"Zeitsprung: Fu\u00dfball - ZEIT der Leser","robots":{"index":"index","follow":"follow","max-snippet":"max-snippet:-1","max-image-preview":"max-image-preview:large","max-video-preview":"max-video-preview:-1"},"canonical":"https:\/\/blog.zeit.de\/zeit-der-leser\/2014\/07\/02\/zeitsprung-fussball\/","og_locale":"de_DE","og_type":"article","og_title":"Zeitsprung: Fu\u00dfball - ZEIT der Leser","og_description":"Als mein Vater (Jahrgang 1949) zehn Jahre alt war, schenkte ihm meine Gro\u00dfmutter einen Fu\u00dfball aus echtem Leder (links) \u2013 ein wahrer Schatz fu\u0308r ein fu\u00dfballbegeistertes Kind. Damit der Ball sich nicht mit Wasser vollsog (was ihn unbrauchbar gemacht ha\u0308tte), musste er regelma\u0308\u00dfig gefettet werden. Als mein Vater zum Wehrdienst eingezogen wurde und schlie\u00dflich\u00a0meine Mutter [&hellip;]","og_url":"https:\/\/blog.zeit.de\/zeit-der-leser\/2014\/07\/02\/zeitsprung-fussball\/","og_site_name":"ZEIT der Leser","article_published_time":"2014-07-02T13:00:35+00:00","article_modified_time":"2014-06-24T09:57:53+00:00","og_image":[{"url":"https:\/\/blog.zeit.de\/zeit-der-leser\/files\/2014\/06\/s82-alter-ball-150x150.jpg"}],"author":"\"Zeit der Leser\"-Redaktion","twitter_card":"summary_large_image","twitter_misc":{"Geschrieben von":"\"Zeit der Leser\"-Redaktion","Gesch\u00e4tzte Lesezeit":"1\u00a0Minute"},"schema":{"@context":"https:\/\/schema.org","@graph":[{"@type":"WebPage","@id":"https:\/\/blog.zeit.de\/zeit-der-leser\/2014\/07\/02\/zeitsprung-fussball\/","url":"https:\/\/blog.zeit.de\/zeit-der-leser\/2014\/07\/02\/zeitsprung-fussball\/","name":"Zeitsprung: Fu\u00dfball - ZEIT der Leser","isPartOf":{"@id":"https:\/\/blog.zeit.de\/zeit-der-leser\/#website"},"datePublished":"2014-07-02T13:00:35+00:00","dateModified":"2014-06-24T09:57:53+00:00","author":{"@id":"https:\/\/blog.zeit.de\/zeit-der-leser\/#\/schema\/person\/583b14e5ad6368c23af846ecbde9f20f"},"breadcrumb":{"@id":"https:\/\/blog.zeit.de\/zeit-der-leser\/2014\/07\/02\/zeitsprung-fussball\/#breadcrumb"},"inLanguage":"de","potentialAction":[{"@type":"ReadAction","target":["https:\/\/blog.zeit.de\/zeit-der-leser\/2014\/07\/02\/zeitsprung-fussball\/"]}]},{"@type":"BreadcrumbList","@id":"https:\/\/blog.zeit.de\/zeit-der-leser\/2014\/07\/02\/zeitsprung-fussball\/#breadcrumb","itemListElement":[{"@type":"ListItem","position":1,"name":"Startseite","item":"https:\/\/blog.zeit.de\/zeit-der-leser\/"},{"@type":"ListItem","position":2,"name":"Zeitsprung: Fu\u00dfball"}]},{"@type":"WebSite","@id":"https:\/\/blog.zeit.de\/zeit-der-leser\/#website","url":"https:\/\/blog.zeit.de\/zeit-der-leser\/","name":"ZEIT der Leser","description":"Ein Blog mit Ihren Notizen, Gedichten und Bildern f\u00fcr die gedruckte ZEIT","potentialAction":[{"@type":"SearchAction","target":{"@type":"EntryPoint","urlTemplate":"https:\/\/blog.zeit.de\/zeit-der-leser\/?s={search_term_string}"},"query-input":"required name=search_term_string"}],"inLanguage":"de"},{"@type":"Person","@id":"https:\/\/blog.zeit.de\/zeit-der-leser\/#\/schema\/person\/583b14e5ad6368c23af846ecbde9f20f","name":"\"Zeit der Leser\"-Redaktion","image":{"@type":"ImageObject","inLanguage":"de","@id":"https:\/\/blog.zeit.de\/zeit-der-leser\/#\/schema\/person\/image\/","url":"https:\/\/secure.gravatar.com\/avatar\/e801a681bd3bbf2345131a815930b48d9f8e0a94de1346b624840dc850f67ad0?s=96&d=mm&r=g","contentUrl":"https:\/\/secure.gravatar.com\/avatar\/e801a681bd3bbf2345131a815930b48d9f8e0a94de1346b624840dc850f67ad0?s=96&d=mm&r=g","caption":"\"Zeit der Leser\"-Redaktion"},"url":"https:\/\/blog.zeit.de\/zeit-der-leser\/author\/zeit-der-leser-redaktion\/"}]}},"jetpack_featured_media_url":"","jetpack_sharing_enabled":true,"_links":{"self":[{"href":"https:\/\/blog.zeit.de\/zeit-der-leser\/wp-json\/wp\/v2\/posts\/17841","targetHints":{"allow":["GET"]}}],"collection":[{"href":"https:\/\/blog.zeit.de\/zeit-der-leser\/wp-json\/wp\/v2\/posts"}],"about":[{"href":"https:\/\/blog.zeit.de\/zeit-der-leser\/wp-json\/wp\/v2\/types\/post"}],"author":[{"embeddable":true,"href":"https:\/\/blog.zeit.de\/zeit-der-leser\/wp-json\/wp\/v2\/users\/265"}],"replies":[{"embeddable":true,"href":"https:\/\/blog.zeit.de\/zeit-der-leser\/wp-json\/wp\/v2\/comments?post=17841"}],"version-history":[{"count":1,"href":"https:\/\/blog.zeit.de\/zeit-der-leser\/wp-json\/wp\/v2\/posts\/17841\/revisions"}],"predecessor-version":[{"id":17842,"href":"https:\/\/blog.zeit.de\/zeit-der-leser\/wp-json\/wp\/v2\/posts\/17841\/revisions\/17842"}],"wp:attachment":[{"href":"https:\/\/blog.zeit.de\/zeit-der-leser\/wp-json\/wp\/v2\/media?parent=17841"}],"wp:term":[{"taxonomy":"category","embeddable":true,"href":"https:\/\/blog.zeit.de\/zeit-der-leser\/wp-json\/wp\/v2\/categories?post=17841"},{"taxonomy":"post_tag","embeddable":true,"href":"https:\/\/blog.zeit.de\/zeit-der-leser\/wp-json\/wp\/v2\/tags?post=17841"}],"curies":[{"name":"wp","href":"https:\/\/api.w.org\/{rel}","templated":true}]}}