{"id":1815,"date":"2010-07-18T06:00:21","date_gmt":"2010-07-18T04:00:21","guid":{"rendered":"http:\/\/blog.zeit.de\/zeit-der-leser\/?p=1815"},"modified":"2010-07-14T16:41:54","modified_gmt":"2010-07-14T14:41:54","slug":"das-wetter-ist-kein-grund-zum-jubeln","status":"publish","type":"post","link":"https:\/\/blog.zeit.de\/zeit-der-leser\/2010\/07\/18\/das-wetter-ist-kein-grund-zum-jubeln\/","title":{"rendered":"Das Wetter ist kein Grund zum Jubeln!"},"content":{"rendered":"<p>Das Sommerm\u00e4rchen ist vor\u00fcber, aber der Sommer dreht noch einmal so richtig auf und versucht die 40-Grad-Marke zu knacken. Eine riesige Hitze legt sich \u00fcber das Land, und fu\u0308r den Osten und Norden des Landes ist immer noch kein Regen in Sicht. Dennoch \u00fcberschlagen sich die Massenmedien, verk\u00fcnden jubelnd jede weitere Temperatursteigerung und freuen sich u\u0308ber ausbleibende Regenrisiken. Als F\u00f6rster in Brandenburg hat man da so eine ganz andere Sicht auf die Dinge. Der Wald trocknet aus, B\u00e4ume werfen bereits ihr Laub ab, Waldgew\u00e4sser verlanden, und die Waldbrandgefahr steigt ins Unermessliche. An den besorgniserregenden Szenarien der Klimaforscher scheint etwas dran zu sein, man merkt es hier ganz deutlich. \u00c4hnlich geht es auch den Landwirten<br \/>\nund all den Menschen, die es nicht so hei\u00df und trocken m\u00f6gen. Doch das Trommelfeuer aus dem Radio, selbst bei \u00f6ffentlich-rechtlichen Sendern, geht munter weiter: &#8222;keine Regengefahr, nur geringes Gewitterrisiko, tolle Tropenn\u00e4chte&#8220;. W\u00e4hrenddessen klappen die ersten Senioren ab, Server-Farmen geben den Geist auf, und Bauarbeiter wechseln die Farbe ins Schwarze.<\/p>\n<p>Nun, wir werden das Wetter so hinnehmen mu\u0308ssen, wie es ist. Doch, liebe Morgenshow-Moderatoren und E-Mail-Poeten (&#8222;ein super sonniges Wochenende!&#8220;), lasst mich bitte selbst entscheiden, wie ich das Wetter zu finden habe.<br \/>\nIch lasse Euch im November ja auch in Ruhe.<\/p>\n<p><em>Jan Engel, Chorin<\/em><\/p>\n","protected":false},"excerpt":{"rendered":"<p>Das Sommerm\u00e4rchen ist vor\u00fcber, aber der Sommer dreht noch einmal so richtig auf und versucht die 40-Grad-Marke zu knacken. Eine riesige Hitze legt sich \u00fcber das Land, und fu\u0308r den Osten und Norden des Landes ist immer noch kein Regen in Sicht. Dennoch \u00fcberschlagen sich die Massenmedien, verk\u00fcnden jubelnd jede weitere Temperatursteigerung und freuen sich [&hellip;]<\/p>\n","protected":false},"author":264,"featured_media":0,"comment_status":"open","ping_status":"open","sticky":false,"template":"","format":"standard","meta":{"_jetpack_memberships_contains_paid_content":false,"footnotes":""},"categories":[1869],"tags":[],"class_list":["post-1815","post","type-post","status-publish","format-standard","hentry","category-das-regt-mich-auf"],"yoast_head":"<!-- This site is optimized with the Yoast SEO plugin v21.0 - https:\/\/yoast.com\/wordpress\/plugins\/seo\/ -->\n<title>Das Wetter ist kein Grund zum Jubeln! - ZEIT der Leser<\/title>\n<meta name=\"robots\" content=\"index, follow, max-snippet:-1, max-image-preview:large, max-video-preview:-1\" \/>\n<link rel=\"canonical\" href=\"https:\/\/blog.zeit.de\/zeit-der-leser\/2010\/07\/18\/das-wetter-ist-kein-grund-zum-jubeln\/\" \/>\n<meta property=\"og:locale\" content=\"de_DE\" \/>\n<meta property=\"og:type\" content=\"article\" \/>\n<meta property=\"og:title\" content=\"Das Wetter ist kein Grund zum Jubeln! - ZEIT der Leser\" \/>\n<meta property=\"og:description\" content=\"Das Sommerm\u00e4rchen ist vor\u00fcber, aber der Sommer dreht noch einmal so richtig auf und versucht die 40-Grad-Marke zu knacken. Eine riesige Hitze legt sich \u00fcber das Land, und fu\u0308r den Osten und Norden des Landes ist immer noch kein Regen in Sicht. Dennoch \u00fcberschlagen sich die Massenmedien, verk\u00fcnden jubelnd jede weitere Temperatursteigerung und freuen sich [&hellip;]\" \/>\n<meta property=\"og:url\" content=\"https:\/\/blog.zeit.de\/zeit-der-leser\/2010\/07\/18\/das-wetter-ist-kein-grund-zum-jubeln\/\" \/>\n<meta property=\"og:site_name\" content=\"ZEIT der Leser\" \/>\n<meta property=\"article:published_time\" content=\"2010-07-18T04:00:21+00:00\" \/>\n<meta property=\"article:modified_time\" content=\"2010-07-14T14:41:54+00:00\" \/>\n<meta name=\"author\" content=\"Zeit der Leser\" \/>\n<meta name=\"twitter:card\" content=\"summary_large_image\" \/>\n<meta name=\"twitter:label1\" content=\"Geschrieben von\" \/>\n\t<meta name=\"twitter:data1\" content=\"Zeit der Leser\" \/>\n\t<meta name=\"twitter:label2\" content=\"Gesch\u00e4tzte Lesezeit\" \/>\n\t<meta name=\"twitter:data2\" content=\"1\u00a0Minute\" \/>\n<script type=\"application\/ld+json\" class=\"yoast-schema-graph\">{\"@context\":\"https:\/\/schema.org\",\"@graph\":[{\"@type\":\"WebPage\",\"@id\":\"https:\/\/blog.zeit.de\/zeit-der-leser\/2010\/07\/18\/das-wetter-ist-kein-grund-zum-jubeln\/\",\"url\":\"https:\/\/blog.zeit.de\/zeit-der-leser\/2010\/07\/18\/das-wetter-ist-kein-grund-zum-jubeln\/\",\"name\":\"Das Wetter ist kein Grund zum Jubeln! - ZEIT der Leser\",\"isPartOf\":{\"@id\":\"https:\/\/blog.zeit.de\/zeit-der-leser\/#website\"},\"datePublished\":\"2010-07-18T04:00:21+00:00\",\"dateModified\":\"2010-07-14T14:41:54+00:00\",\"author\":{\"@id\":\"https:\/\/blog.zeit.de\/zeit-der-leser\/#\/schema\/person\/e248c7ff5a10552f6a3bd5e9385b3667\"},\"breadcrumb\":{\"@id\":\"https:\/\/blog.zeit.de\/zeit-der-leser\/2010\/07\/18\/das-wetter-ist-kein-grund-zum-jubeln\/#breadcrumb\"},\"inLanguage\":\"de\",\"potentialAction\":[{\"@type\":\"ReadAction\",\"target\":[\"https:\/\/blog.zeit.de\/zeit-der-leser\/2010\/07\/18\/das-wetter-ist-kein-grund-zum-jubeln\/\"]}]},{\"@type\":\"BreadcrumbList\",\"@id\":\"https:\/\/blog.zeit.de\/zeit-der-leser\/2010\/07\/18\/das-wetter-ist-kein-grund-zum-jubeln\/#breadcrumb\",\"itemListElement\":[{\"@type\":\"ListItem\",\"position\":1,\"name\":\"Startseite\",\"item\":\"https:\/\/blog.zeit.de\/zeit-der-leser\/\"},{\"@type\":\"ListItem\",\"position\":2,\"name\":\"Das Wetter ist kein Grund zum Jubeln!\"}]},{\"@type\":\"WebSite\",\"@id\":\"https:\/\/blog.zeit.de\/zeit-der-leser\/#website\",\"url\":\"https:\/\/blog.zeit.de\/zeit-der-leser\/\",\"name\":\"ZEIT der Leser\",\"description\":\"Ein Blog mit Ihren Notizen, Gedichten und Bildern f\u00fcr die gedruckte ZEIT\",\"potentialAction\":[{\"@type\":\"SearchAction\",\"target\":{\"@type\":\"EntryPoint\",\"urlTemplate\":\"https:\/\/blog.zeit.de\/zeit-der-leser\/?s={search_term_string}\"},\"query-input\":\"required name=search_term_string\"}],\"inLanguage\":\"de\"},{\"@type\":\"Person\",\"@id\":\"https:\/\/blog.zeit.de\/zeit-der-leser\/#\/schema\/person\/e248c7ff5a10552f6a3bd5e9385b3667\",\"name\":\"Zeit der Leser\",\"image\":{\"@type\":\"ImageObject\",\"inLanguage\":\"de\",\"@id\":\"https:\/\/blog.zeit.de\/zeit-der-leser\/#\/schema\/person\/image\/\",\"url\":\"https:\/\/secure.gravatar.com\/avatar\/529bb2731085995bda6c8ba0e4da7e528ea8be4e6c7abdd217f176e2309035f6?s=96&d=mm&r=g\",\"contentUrl\":\"https:\/\/secure.gravatar.com\/avatar\/529bb2731085995bda6c8ba0e4da7e528ea8be4e6c7abdd217f176e2309035f6?s=96&d=mm&r=g\",\"caption\":\"Zeit der Leser\"},\"url\":\"https:\/\/blog.zeit.de\/zeit-der-leser\/author\/zeit-der-leser\/\"}]}<\/script>\n<!-- \/ Yoast SEO plugin. -->","yoast_head_json":{"title":"Das Wetter ist kein Grund zum Jubeln! - ZEIT der Leser","robots":{"index":"index","follow":"follow","max-snippet":"max-snippet:-1","max-image-preview":"max-image-preview:large","max-video-preview":"max-video-preview:-1"},"canonical":"https:\/\/blog.zeit.de\/zeit-der-leser\/2010\/07\/18\/das-wetter-ist-kein-grund-zum-jubeln\/","og_locale":"de_DE","og_type":"article","og_title":"Das Wetter ist kein Grund zum Jubeln! - ZEIT der Leser","og_description":"Das Sommerm\u00e4rchen ist vor\u00fcber, aber der Sommer dreht noch einmal so richtig auf und versucht die 40-Grad-Marke zu knacken. Eine riesige Hitze legt sich \u00fcber das Land, und fu\u0308r den Osten und Norden des Landes ist immer noch kein Regen in Sicht. Dennoch \u00fcberschlagen sich die Massenmedien, verk\u00fcnden jubelnd jede weitere Temperatursteigerung und freuen sich [&hellip;]","og_url":"https:\/\/blog.zeit.de\/zeit-der-leser\/2010\/07\/18\/das-wetter-ist-kein-grund-zum-jubeln\/","og_site_name":"ZEIT der Leser","article_published_time":"2010-07-18T04:00:21+00:00","article_modified_time":"2010-07-14T14:41:54+00:00","author":"Zeit der Leser","twitter_card":"summary_large_image","twitter_misc":{"Geschrieben von":"Zeit der Leser","Gesch\u00e4tzte Lesezeit":"1\u00a0Minute"},"schema":{"@context":"https:\/\/schema.org","@graph":[{"@type":"WebPage","@id":"https:\/\/blog.zeit.de\/zeit-der-leser\/2010\/07\/18\/das-wetter-ist-kein-grund-zum-jubeln\/","url":"https:\/\/blog.zeit.de\/zeit-der-leser\/2010\/07\/18\/das-wetter-ist-kein-grund-zum-jubeln\/","name":"Das Wetter ist kein Grund zum Jubeln! - ZEIT der Leser","isPartOf":{"@id":"https:\/\/blog.zeit.de\/zeit-der-leser\/#website"},"datePublished":"2010-07-18T04:00:21+00:00","dateModified":"2010-07-14T14:41:54+00:00","author":{"@id":"https:\/\/blog.zeit.de\/zeit-der-leser\/#\/schema\/person\/e248c7ff5a10552f6a3bd5e9385b3667"},"breadcrumb":{"@id":"https:\/\/blog.zeit.de\/zeit-der-leser\/2010\/07\/18\/das-wetter-ist-kein-grund-zum-jubeln\/#breadcrumb"},"inLanguage":"de","potentialAction":[{"@type":"ReadAction","target":["https:\/\/blog.zeit.de\/zeit-der-leser\/2010\/07\/18\/das-wetter-ist-kein-grund-zum-jubeln\/"]}]},{"@type":"BreadcrumbList","@id":"https:\/\/blog.zeit.de\/zeit-der-leser\/2010\/07\/18\/das-wetter-ist-kein-grund-zum-jubeln\/#breadcrumb","itemListElement":[{"@type":"ListItem","position":1,"name":"Startseite","item":"https:\/\/blog.zeit.de\/zeit-der-leser\/"},{"@type":"ListItem","position":2,"name":"Das Wetter ist kein Grund zum Jubeln!"}]},{"@type":"WebSite","@id":"https:\/\/blog.zeit.de\/zeit-der-leser\/#website","url":"https:\/\/blog.zeit.de\/zeit-der-leser\/","name":"ZEIT der Leser","description":"Ein Blog mit Ihren Notizen, Gedichten und Bildern f\u00fcr die gedruckte ZEIT","potentialAction":[{"@type":"SearchAction","target":{"@type":"EntryPoint","urlTemplate":"https:\/\/blog.zeit.de\/zeit-der-leser\/?s={search_term_string}"},"query-input":"required name=search_term_string"}],"inLanguage":"de"},{"@type":"Person","@id":"https:\/\/blog.zeit.de\/zeit-der-leser\/#\/schema\/person\/e248c7ff5a10552f6a3bd5e9385b3667","name":"Zeit der Leser","image":{"@type":"ImageObject","inLanguage":"de","@id":"https:\/\/blog.zeit.de\/zeit-der-leser\/#\/schema\/person\/image\/","url":"https:\/\/secure.gravatar.com\/avatar\/529bb2731085995bda6c8ba0e4da7e528ea8be4e6c7abdd217f176e2309035f6?s=96&d=mm&r=g","contentUrl":"https:\/\/secure.gravatar.com\/avatar\/529bb2731085995bda6c8ba0e4da7e528ea8be4e6c7abdd217f176e2309035f6?s=96&d=mm&r=g","caption":"Zeit der Leser"},"url":"https:\/\/blog.zeit.de\/zeit-der-leser\/author\/zeit-der-leser\/"}]}},"jetpack_featured_media_url":"","jetpack_sharing_enabled":true,"_links":{"self":[{"href":"https:\/\/blog.zeit.de\/zeit-der-leser\/wp-json\/wp\/v2\/posts\/1815","targetHints":{"allow":["GET"]}}],"collection":[{"href":"https:\/\/blog.zeit.de\/zeit-der-leser\/wp-json\/wp\/v2\/posts"}],"about":[{"href":"https:\/\/blog.zeit.de\/zeit-der-leser\/wp-json\/wp\/v2\/types\/post"}],"author":[{"embeddable":true,"href":"https:\/\/blog.zeit.de\/zeit-der-leser\/wp-json\/wp\/v2\/users\/264"}],"replies":[{"embeddable":true,"href":"https:\/\/blog.zeit.de\/zeit-der-leser\/wp-json\/wp\/v2\/comments?post=1815"}],"version-history":[{"count":0,"href":"https:\/\/blog.zeit.de\/zeit-der-leser\/wp-json\/wp\/v2\/posts\/1815\/revisions"}],"wp:attachment":[{"href":"https:\/\/blog.zeit.de\/zeit-der-leser\/wp-json\/wp\/v2\/media?parent=1815"}],"wp:term":[{"taxonomy":"category","embeddable":true,"href":"https:\/\/blog.zeit.de\/zeit-der-leser\/wp-json\/wp\/v2\/categories?post=1815"},{"taxonomy":"post_tag","embeddable":true,"href":"https:\/\/blog.zeit.de\/zeit-der-leser\/wp-json\/wp\/v2\/tags?post=1815"}],"curies":[{"name":"wp","href":"https:\/\/api.w.org\/{rel}","templated":true}]}}