{"id":1846,"date":"2010-07-19T06:30:56","date_gmt":"2010-07-19T04:30:56","guid":{"rendered":"http:\/\/blog.zeit.de\/zeit-der-leser\/?p=1846"},"modified":"2010-07-14T17:34:31","modified_gmt":"2010-07-14T15:34:31","slug":"deutsch-franzosische-freundschaft","status":"publish","type":"post","link":"https:\/\/blog.zeit.de\/zeit-der-leser\/2010\/07\/19\/deutsch-franzosische-freundschaft\/","title":{"rendered":"Deutsch-franz\u00f6sische Freundschaft"},"content":{"rendered":"<p>Ende Juni fuhren meine Freundin und ich nach S\u00fcdfrankreich in ein kleines Dorf bei Lyon. Vor 30 Jahren wurde die Partnerschaft zwischen der deutschen und der franz\u00f6sischen Gemeinde begru\u0308ndet, sie besteht immer noch, auch die Jungen treffen sich gern, hier wie dort. Wir aber wollen D\u00e9d\u00e9 besuchen, eine alte Dame, sie ist 86, fast blind, lebt allein in ihrem gro\u00dfen Haus. Der alten Dame geht es nicht gut, doch sie freut sich sehr \u00fcber unseren Besuch. Jeden Morgen beim Fr\u00fchst\u00fcck macht sie einen Plan, was sie uns an franz\u00f6sischen K\u00f6stlichkeiten zubereiten kann. Am Abend vor unserer Abreise \u2013 wir sitzen bei einer Flasche Champagner zusammen \u2013 gesteht sie uns, dass sie, bevor ihr Mann dem Partnerschaftskomitee beitrat, sich geschworen hatte, niemals wieder einem Deutschen die Hand zu sch\u00fctteln. Jetzt beim Abschied umarmt und k\u00fcsst sie uns, sagt, dass ihr Haus immer fu\u0308r uns offen sei und sie uns als Freunde, ja sogar als ihre T\u00f6chter betrachte.<\/p>\n<p><em>Ulrike N\u00f6th, Schwabach, Mittelfranken<\/em><\/p>\n","protected":false},"excerpt":{"rendered":"<p>Ende Juni fuhren meine Freundin und ich nach S\u00fcdfrankreich in ein kleines Dorf bei Lyon. Vor 30 Jahren wurde die Partnerschaft zwischen der deutschen und der franz\u00f6sischen Gemeinde begru\u0308ndet, sie besteht immer noch, auch die Jungen treffen sich gern, hier wie dort. Wir aber wollen D\u00e9d\u00e9 besuchen, eine alte Dame, sie ist 86, fast blind, [&hellip;]<\/p>\n","protected":false},"author":264,"featured_media":0,"comment_status":"open","ping_status":"open","sticky":false,"template":"","format":"standard","meta":{"_jetpack_memberships_contains_paid_content":false,"footnotes":""},"categories":[1871],"tags":[],"class_list":["post-1846","post","type-post","status-publish","format-standard","hentry","category-was-mein-leben-reicher-macht"],"yoast_head":"<!-- This site is optimized with the Yoast SEO plugin v21.0 - https:\/\/yoast.com\/wordpress\/plugins\/seo\/ -->\n<title>Deutsch-franz\u00f6sische Freundschaft - ZEIT der Leser<\/title>\n<meta name=\"robots\" content=\"index, follow, max-snippet:-1, max-image-preview:large, max-video-preview:-1\" \/>\n<link rel=\"canonical\" href=\"https:\/\/blog.zeit.de\/zeit-der-leser\/2010\/07\/19\/deutsch-franzosische-freundschaft\/\" \/>\n<meta property=\"og:locale\" content=\"de_DE\" \/>\n<meta property=\"og:type\" content=\"article\" \/>\n<meta property=\"og:title\" content=\"Deutsch-franz\u00f6sische Freundschaft - ZEIT der Leser\" \/>\n<meta property=\"og:description\" content=\"Ende Juni fuhren meine Freundin und ich nach S\u00fcdfrankreich in ein kleines Dorf bei Lyon. Vor 30 Jahren wurde die Partnerschaft zwischen der deutschen und der franz\u00f6sischen Gemeinde begru\u0308ndet, sie besteht immer noch, auch die Jungen treffen sich gern, hier wie dort. Wir aber wollen D\u00e9d\u00e9 besuchen, eine alte Dame, sie ist 86, fast blind, [&hellip;]\" \/>\n<meta property=\"og:url\" content=\"https:\/\/blog.zeit.de\/zeit-der-leser\/2010\/07\/19\/deutsch-franzosische-freundschaft\/\" \/>\n<meta property=\"og:site_name\" content=\"ZEIT der Leser\" \/>\n<meta property=\"article:published_time\" content=\"2010-07-19T04:30:56+00:00\" \/>\n<meta property=\"article:modified_time\" content=\"2010-07-14T15:34:31+00:00\" \/>\n<meta name=\"author\" content=\"Zeit der Leser\" \/>\n<meta name=\"twitter:card\" content=\"summary_large_image\" \/>\n<meta name=\"twitter:label1\" content=\"Geschrieben von\" \/>\n\t<meta name=\"twitter:data1\" content=\"Zeit der Leser\" \/>\n\t<meta name=\"twitter:label2\" content=\"Gesch\u00e4tzte Lesezeit\" \/>\n\t<meta name=\"twitter:data2\" content=\"1\u00a0Minute\" \/>\n<script type=\"application\/ld+json\" class=\"yoast-schema-graph\">{\"@context\":\"https:\/\/schema.org\",\"@graph\":[{\"@type\":\"WebPage\",\"@id\":\"https:\/\/blog.zeit.de\/zeit-der-leser\/2010\/07\/19\/deutsch-franzosische-freundschaft\/\",\"url\":\"https:\/\/blog.zeit.de\/zeit-der-leser\/2010\/07\/19\/deutsch-franzosische-freundschaft\/\",\"name\":\"Deutsch-franz\u00f6sische Freundschaft - ZEIT der Leser\",\"isPartOf\":{\"@id\":\"https:\/\/blog.zeit.de\/zeit-der-leser\/#website\"},\"datePublished\":\"2010-07-19T04:30:56+00:00\",\"dateModified\":\"2010-07-14T15:34:31+00:00\",\"author\":{\"@id\":\"https:\/\/blog.zeit.de\/zeit-der-leser\/#\/schema\/person\/e248c7ff5a10552f6a3bd5e9385b3667\"},\"breadcrumb\":{\"@id\":\"https:\/\/blog.zeit.de\/zeit-der-leser\/2010\/07\/19\/deutsch-franzosische-freundschaft\/#breadcrumb\"},\"inLanguage\":\"de\",\"potentialAction\":[{\"@type\":\"ReadAction\",\"target\":[\"https:\/\/blog.zeit.de\/zeit-der-leser\/2010\/07\/19\/deutsch-franzosische-freundschaft\/\"]}]},{\"@type\":\"BreadcrumbList\",\"@id\":\"https:\/\/blog.zeit.de\/zeit-der-leser\/2010\/07\/19\/deutsch-franzosische-freundschaft\/#breadcrumb\",\"itemListElement\":[{\"@type\":\"ListItem\",\"position\":1,\"name\":\"Startseite\",\"item\":\"https:\/\/blog.zeit.de\/zeit-der-leser\/\"},{\"@type\":\"ListItem\",\"position\":2,\"name\":\"Deutsch-franz\u00f6sische Freundschaft\"}]},{\"@type\":\"WebSite\",\"@id\":\"https:\/\/blog.zeit.de\/zeit-der-leser\/#website\",\"url\":\"https:\/\/blog.zeit.de\/zeit-der-leser\/\",\"name\":\"ZEIT der Leser\",\"description\":\"Ein Blog mit Ihren Notizen, Gedichten und Bildern f\u00fcr die gedruckte ZEIT\",\"potentialAction\":[{\"@type\":\"SearchAction\",\"target\":{\"@type\":\"EntryPoint\",\"urlTemplate\":\"https:\/\/blog.zeit.de\/zeit-der-leser\/?s={search_term_string}\"},\"query-input\":\"required name=search_term_string\"}],\"inLanguage\":\"de\"},{\"@type\":\"Person\",\"@id\":\"https:\/\/blog.zeit.de\/zeit-der-leser\/#\/schema\/person\/e248c7ff5a10552f6a3bd5e9385b3667\",\"name\":\"Zeit der Leser\",\"image\":{\"@type\":\"ImageObject\",\"inLanguage\":\"de\",\"@id\":\"https:\/\/blog.zeit.de\/zeit-der-leser\/#\/schema\/person\/image\/\",\"url\":\"https:\/\/secure.gravatar.com\/avatar\/529bb2731085995bda6c8ba0e4da7e528ea8be4e6c7abdd217f176e2309035f6?s=96&d=mm&r=g\",\"contentUrl\":\"https:\/\/secure.gravatar.com\/avatar\/529bb2731085995bda6c8ba0e4da7e528ea8be4e6c7abdd217f176e2309035f6?s=96&d=mm&r=g\",\"caption\":\"Zeit der Leser\"},\"url\":\"https:\/\/blog.zeit.de\/zeit-der-leser\/author\/zeit-der-leser\/\"}]}<\/script>\n<!-- \/ Yoast SEO plugin. -->","yoast_head_json":{"title":"Deutsch-franz\u00f6sische Freundschaft - ZEIT der Leser","robots":{"index":"index","follow":"follow","max-snippet":"max-snippet:-1","max-image-preview":"max-image-preview:large","max-video-preview":"max-video-preview:-1"},"canonical":"https:\/\/blog.zeit.de\/zeit-der-leser\/2010\/07\/19\/deutsch-franzosische-freundschaft\/","og_locale":"de_DE","og_type":"article","og_title":"Deutsch-franz\u00f6sische Freundschaft - ZEIT der Leser","og_description":"Ende Juni fuhren meine Freundin und ich nach S\u00fcdfrankreich in ein kleines Dorf bei Lyon. Vor 30 Jahren wurde die Partnerschaft zwischen der deutschen und der franz\u00f6sischen Gemeinde begru\u0308ndet, sie besteht immer noch, auch die Jungen treffen sich gern, hier wie dort. Wir aber wollen D\u00e9d\u00e9 besuchen, eine alte Dame, sie ist 86, fast blind, [&hellip;]","og_url":"https:\/\/blog.zeit.de\/zeit-der-leser\/2010\/07\/19\/deutsch-franzosische-freundschaft\/","og_site_name":"ZEIT der Leser","article_published_time":"2010-07-19T04:30:56+00:00","article_modified_time":"2010-07-14T15:34:31+00:00","author":"Zeit der Leser","twitter_card":"summary_large_image","twitter_misc":{"Geschrieben von":"Zeit der Leser","Gesch\u00e4tzte Lesezeit":"1\u00a0Minute"},"schema":{"@context":"https:\/\/schema.org","@graph":[{"@type":"WebPage","@id":"https:\/\/blog.zeit.de\/zeit-der-leser\/2010\/07\/19\/deutsch-franzosische-freundschaft\/","url":"https:\/\/blog.zeit.de\/zeit-der-leser\/2010\/07\/19\/deutsch-franzosische-freundschaft\/","name":"Deutsch-franz\u00f6sische Freundschaft - ZEIT der Leser","isPartOf":{"@id":"https:\/\/blog.zeit.de\/zeit-der-leser\/#website"},"datePublished":"2010-07-19T04:30:56+00:00","dateModified":"2010-07-14T15:34:31+00:00","author":{"@id":"https:\/\/blog.zeit.de\/zeit-der-leser\/#\/schema\/person\/e248c7ff5a10552f6a3bd5e9385b3667"},"breadcrumb":{"@id":"https:\/\/blog.zeit.de\/zeit-der-leser\/2010\/07\/19\/deutsch-franzosische-freundschaft\/#breadcrumb"},"inLanguage":"de","potentialAction":[{"@type":"ReadAction","target":["https:\/\/blog.zeit.de\/zeit-der-leser\/2010\/07\/19\/deutsch-franzosische-freundschaft\/"]}]},{"@type":"BreadcrumbList","@id":"https:\/\/blog.zeit.de\/zeit-der-leser\/2010\/07\/19\/deutsch-franzosische-freundschaft\/#breadcrumb","itemListElement":[{"@type":"ListItem","position":1,"name":"Startseite","item":"https:\/\/blog.zeit.de\/zeit-der-leser\/"},{"@type":"ListItem","position":2,"name":"Deutsch-franz\u00f6sische Freundschaft"}]},{"@type":"WebSite","@id":"https:\/\/blog.zeit.de\/zeit-der-leser\/#website","url":"https:\/\/blog.zeit.de\/zeit-der-leser\/","name":"ZEIT der Leser","description":"Ein Blog mit Ihren Notizen, Gedichten und Bildern f\u00fcr die gedruckte ZEIT","potentialAction":[{"@type":"SearchAction","target":{"@type":"EntryPoint","urlTemplate":"https:\/\/blog.zeit.de\/zeit-der-leser\/?s={search_term_string}"},"query-input":"required name=search_term_string"}],"inLanguage":"de"},{"@type":"Person","@id":"https:\/\/blog.zeit.de\/zeit-der-leser\/#\/schema\/person\/e248c7ff5a10552f6a3bd5e9385b3667","name":"Zeit der Leser","image":{"@type":"ImageObject","inLanguage":"de","@id":"https:\/\/blog.zeit.de\/zeit-der-leser\/#\/schema\/person\/image\/","url":"https:\/\/secure.gravatar.com\/avatar\/529bb2731085995bda6c8ba0e4da7e528ea8be4e6c7abdd217f176e2309035f6?s=96&d=mm&r=g","contentUrl":"https:\/\/secure.gravatar.com\/avatar\/529bb2731085995bda6c8ba0e4da7e528ea8be4e6c7abdd217f176e2309035f6?s=96&d=mm&r=g","caption":"Zeit der Leser"},"url":"https:\/\/blog.zeit.de\/zeit-der-leser\/author\/zeit-der-leser\/"}]}},"jetpack_featured_media_url":"","jetpack_sharing_enabled":true,"_links":{"self":[{"href":"https:\/\/blog.zeit.de\/zeit-der-leser\/wp-json\/wp\/v2\/posts\/1846","targetHints":{"allow":["GET"]}}],"collection":[{"href":"https:\/\/blog.zeit.de\/zeit-der-leser\/wp-json\/wp\/v2\/posts"}],"about":[{"href":"https:\/\/blog.zeit.de\/zeit-der-leser\/wp-json\/wp\/v2\/types\/post"}],"author":[{"embeddable":true,"href":"https:\/\/blog.zeit.de\/zeit-der-leser\/wp-json\/wp\/v2\/users\/264"}],"replies":[{"embeddable":true,"href":"https:\/\/blog.zeit.de\/zeit-der-leser\/wp-json\/wp\/v2\/comments?post=1846"}],"version-history":[{"count":0,"href":"https:\/\/blog.zeit.de\/zeit-der-leser\/wp-json\/wp\/v2\/posts\/1846\/revisions"}],"wp:attachment":[{"href":"https:\/\/blog.zeit.de\/zeit-der-leser\/wp-json\/wp\/v2\/media?parent=1846"}],"wp:term":[{"taxonomy":"category","embeddable":true,"href":"https:\/\/blog.zeit.de\/zeit-der-leser\/wp-json\/wp\/v2\/categories?post=1846"},{"taxonomy":"post_tag","embeddable":true,"href":"https:\/\/blog.zeit.de\/zeit-der-leser\/wp-json\/wp\/v2\/tags?post=1846"}],"curies":[{"name":"wp","href":"https:\/\/api.w.org\/{rel}","templated":true}]}}