{"id":1857,"date":"2010-07-21T14:42:53","date_gmt":"2010-07-21T12:42:53","guid":{"rendered":"http:\/\/blog.zeit.de\/zeit-der-leser\/?p=1857"},"modified":"2010-07-14T17:45:54","modified_gmt":"2010-07-14T15:45:54","slug":"schonheit-am-stehpult","status":"publish","type":"post","link":"https:\/\/blog.zeit.de\/zeit-der-leser\/2010\/07\/21\/schonheit-am-stehpult\/","title":{"rendered":"Sch\u00f6nheit am Stehpult"},"content":{"rendered":"<p>Wie viele Kunst- und Fotob\u00e4nde wohl eingepresst zwischen anderen B\u00fcchern im Regal stehen? Und niemand hat etwas davon. Die blaugru\u0308ne Herrlichkeit der Naturfotos und die goldene und farbige Himmelslust der Barockkirchen verschwinden in der B\u00fccherwand. Ich hatte das Glu\u0308ck, beim Antiquit\u00e4tenh\u00e4ndler ein Stehpult zu finden. Und so stehen auch meine &#8222;Bilderb\u00fccher&#8220; wieder aus dem Grabe auf, liegen aufgeschlagen und beim Vor\u00fcbergehen zum Bl\u00e4ttern bereit, und ich wundere mich, was ich alles an Sch\u00f6nem besitze und bisher versteckt habe.<\/p>\n<p><em>Laurenz Thekook-Terhalle, Wesel<\/em><\/p>\n","protected":false},"excerpt":{"rendered":"<p>Wie viele Kunst- und Fotob\u00e4nde wohl eingepresst zwischen anderen B\u00fcchern im Regal stehen? Und niemand hat etwas davon. Die blaugru\u0308ne Herrlichkeit der Naturfotos und die goldene und farbige Himmelslust der Barockkirchen verschwinden in der B\u00fccherwand. Ich hatte das Glu\u0308ck, beim Antiquit\u00e4tenh\u00e4ndler ein Stehpult zu finden. Und so stehen auch meine &#8222;Bilderb\u00fccher&#8220; wieder aus dem Grabe [&hellip;]<\/p>\n","protected":false},"author":264,"featured_media":0,"comment_status":"open","ping_status":"open","sticky":false,"template":"","format":"standard","meta":{"_jetpack_memberships_contains_paid_content":false,"footnotes":""},"categories":[1871],"tags":[],"class_list":["post-1857","post","type-post","status-publish","format-standard","hentry","category-was-mein-leben-reicher-macht"],"yoast_head":"<!-- This site is optimized with the Yoast SEO plugin v21.0 - https:\/\/yoast.com\/wordpress\/plugins\/seo\/ -->\n<title>Sch\u00f6nheit am Stehpult - ZEIT der Leser<\/title>\n<meta name=\"robots\" content=\"index, follow, max-snippet:-1, max-image-preview:large, max-video-preview:-1\" \/>\n<link rel=\"canonical\" href=\"https:\/\/blog.zeit.de\/zeit-der-leser\/2010\/07\/21\/schonheit-am-stehpult\/\" \/>\n<meta property=\"og:locale\" content=\"de_DE\" \/>\n<meta property=\"og:type\" content=\"article\" \/>\n<meta property=\"og:title\" content=\"Sch\u00f6nheit am Stehpult - ZEIT der Leser\" \/>\n<meta property=\"og:description\" content=\"Wie viele Kunst- und Fotob\u00e4nde wohl eingepresst zwischen anderen B\u00fcchern im Regal stehen? Und niemand hat etwas davon. Die blaugru\u0308ne Herrlichkeit der Naturfotos und die goldene und farbige Himmelslust der Barockkirchen verschwinden in der B\u00fccherwand. Ich hatte das Glu\u0308ck, beim Antiquit\u00e4tenh\u00e4ndler ein Stehpult zu finden. Und so stehen auch meine &#8222;Bilderb\u00fccher&#8220; wieder aus dem Grabe [&hellip;]\" \/>\n<meta property=\"og:url\" content=\"https:\/\/blog.zeit.de\/zeit-der-leser\/2010\/07\/21\/schonheit-am-stehpult\/\" \/>\n<meta property=\"og:site_name\" content=\"ZEIT der Leser\" \/>\n<meta property=\"article:published_time\" content=\"2010-07-21T12:42:53+00:00\" \/>\n<meta property=\"article:modified_time\" content=\"2010-07-14T15:45:54+00:00\" \/>\n<meta name=\"author\" content=\"Zeit der Leser\" \/>\n<meta name=\"twitter:card\" content=\"summary_large_image\" \/>\n<meta name=\"twitter:label1\" content=\"Geschrieben von\" \/>\n\t<meta name=\"twitter:data1\" content=\"Zeit der Leser\" \/>\n<script type=\"application\/ld+json\" class=\"yoast-schema-graph\">{\"@context\":\"https:\/\/schema.org\",\"@graph\":[{\"@type\":\"WebPage\",\"@id\":\"https:\/\/blog.zeit.de\/zeit-der-leser\/2010\/07\/21\/schonheit-am-stehpult\/\",\"url\":\"https:\/\/blog.zeit.de\/zeit-der-leser\/2010\/07\/21\/schonheit-am-stehpult\/\",\"name\":\"Sch\u00f6nheit am Stehpult - ZEIT der Leser\",\"isPartOf\":{\"@id\":\"https:\/\/blog.zeit.de\/zeit-der-leser\/#website\"},\"datePublished\":\"2010-07-21T12:42:53+00:00\",\"dateModified\":\"2010-07-14T15:45:54+00:00\",\"author\":{\"@id\":\"https:\/\/blog.zeit.de\/zeit-der-leser\/#\/schema\/person\/e248c7ff5a10552f6a3bd5e9385b3667\"},\"breadcrumb\":{\"@id\":\"https:\/\/blog.zeit.de\/zeit-der-leser\/2010\/07\/21\/schonheit-am-stehpult\/#breadcrumb\"},\"inLanguage\":\"de\",\"potentialAction\":[{\"@type\":\"ReadAction\",\"target\":[\"https:\/\/blog.zeit.de\/zeit-der-leser\/2010\/07\/21\/schonheit-am-stehpult\/\"]}]},{\"@type\":\"BreadcrumbList\",\"@id\":\"https:\/\/blog.zeit.de\/zeit-der-leser\/2010\/07\/21\/schonheit-am-stehpult\/#breadcrumb\",\"itemListElement\":[{\"@type\":\"ListItem\",\"position\":1,\"name\":\"Startseite\",\"item\":\"https:\/\/blog.zeit.de\/zeit-der-leser\/\"},{\"@type\":\"ListItem\",\"position\":2,\"name\":\"Sch\u00f6nheit am Stehpult\"}]},{\"@type\":\"WebSite\",\"@id\":\"https:\/\/blog.zeit.de\/zeit-der-leser\/#website\",\"url\":\"https:\/\/blog.zeit.de\/zeit-der-leser\/\",\"name\":\"ZEIT der Leser\",\"description\":\"Ein Blog mit Ihren Notizen, Gedichten und Bildern f\u00fcr die gedruckte ZEIT\",\"potentialAction\":[{\"@type\":\"SearchAction\",\"target\":{\"@type\":\"EntryPoint\",\"urlTemplate\":\"https:\/\/blog.zeit.de\/zeit-der-leser\/?s={search_term_string}\"},\"query-input\":\"required name=search_term_string\"}],\"inLanguage\":\"de\"},{\"@type\":\"Person\",\"@id\":\"https:\/\/blog.zeit.de\/zeit-der-leser\/#\/schema\/person\/e248c7ff5a10552f6a3bd5e9385b3667\",\"name\":\"Zeit der Leser\",\"image\":{\"@type\":\"ImageObject\",\"inLanguage\":\"de\",\"@id\":\"https:\/\/blog.zeit.de\/zeit-der-leser\/#\/schema\/person\/image\/\",\"url\":\"https:\/\/secure.gravatar.com\/avatar\/529bb2731085995bda6c8ba0e4da7e528ea8be4e6c7abdd217f176e2309035f6?s=96&d=mm&r=g\",\"contentUrl\":\"https:\/\/secure.gravatar.com\/avatar\/529bb2731085995bda6c8ba0e4da7e528ea8be4e6c7abdd217f176e2309035f6?s=96&d=mm&r=g\",\"caption\":\"Zeit der Leser\"},\"url\":\"https:\/\/blog.zeit.de\/zeit-der-leser\/author\/zeit-der-leser\/\"}]}<\/script>\n<!-- \/ Yoast SEO plugin. -->","yoast_head_json":{"title":"Sch\u00f6nheit am Stehpult - ZEIT der Leser","robots":{"index":"index","follow":"follow","max-snippet":"max-snippet:-1","max-image-preview":"max-image-preview:large","max-video-preview":"max-video-preview:-1"},"canonical":"https:\/\/blog.zeit.de\/zeit-der-leser\/2010\/07\/21\/schonheit-am-stehpult\/","og_locale":"de_DE","og_type":"article","og_title":"Sch\u00f6nheit am Stehpult - ZEIT der Leser","og_description":"Wie viele Kunst- und Fotob\u00e4nde wohl eingepresst zwischen anderen B\u00fcchern im Regal stehen? Und niemand hat etwas davon. Die blaugru\u0308ne Herrlichkeit der Naturfotos und die goldene und farbige Himmelslust der Barockkirchen verschwinden in der B\u00fccherwand. Ich hatte das Glu\u0308ck, beim Antiquit\u00e4tenh\u00e4ndler ein Stehpult zu finden. Und so stehen auch meine &#8222;Bilderb\u00fccher&#8220; wieder aus dem Grabe [&hellip;]","og_url":"https:\/\/blog.zeit.de\/zeit-der-leser\/2010\/07\/21\/schonheit-am-stehpult\/","og_site_name":"ZEIT der Leser","article_published_time":"2010-07-21T12:42:53+00:00","article_modified_time":"2010-07-14T15:45:54+00:00","author":"Zeit der Leser","twitter_card":"summary_large_image","twitter_misc":{"Geschrieben von":"Zeit der Leser"},"schema":{"@context":"https:\/\/schema.org","@graph":[{"@type":"WebPage","@id":"https:\/\/blog.zeit.de\/zeit-der-leser\/2010\/07\/21\/schonheit-am-stehpult\/","url":"https:\/\/blog.zeit.de\/zeit-der-leser\/2010\/07\/21\/schonheit-am-stehpult\/","name":"Sch\u00f6nheit am Stehpult - ZEIT der Leser","isPartOf":{"@id":"https:\/\/blog.zeit.de\/zeit-der-leser\/#website"},"datePublished":"2010-07-21T12:42:53+00:00","dateModified":"2010-07-14T15:45:54+00:00","author":{"@id":"https:\/\/blog.zeit.de\/zeit-der-leser\/#\/schema\/person\/e248c7ff5a10552f6a3bd5e9385b3667"},"breadcrumb":{"@id":"https:\/\/blog.zeit.de\/zeit-der-leser\/2010\/07\/21\/schonheit-am-stehpult\/#breadcrumb"},"inLanguage":"de","potentialAction":[{"@type":"ReadAction","target":["https:\/\/blog.zeit.de\/zeit-der-leser\/2010\/07\/21\/schonheit-am-stehpult\/"]}]},{"@type":"BreadcrumbList","@id":"https:\/\/blog.zeit.de\/zeit-der-leser\/2010\/07\/21\/schonheit-am-stehpult\/#breadcrumb","itemListElement":[{"@type":"ListItem","position":1,"name":"Startseite","item":"https:\/\/blog.zeit.de\/zeit-der-leser\/"},{"@type":"ListItem","position":2,"name":"Sch\u00f6nheit am Stehpult"}]},{"@type":"WebSite","@id":"https:\/\/blog.zeit.de\/zeit-der-leser\/#website","url":"https:\/\/blog.zeit.de\/zeit-der-leser\/","name":"ZEIT der Leser","description":"Ein Blog mit Ihren Notizen, Gedichten und Bildern f\u00fcr die gedruckte ZEIT","potentialAction":[{"@type":"SearchAction","target":{"@type":"EntryPoint","urlTemplate":"https:\/\/blog.zeit.de\/zeit-der-leser\/?s={search_term_string}"},"query-input":"required name=search_term_string"}],"inLanguage":"de"},{"@type":"Person","@id":"https:\/\/blog.zeit.de\/zeit-der-leser\/#\/schema\/person\/e248c7ff5a10552f6a3bd5e9385b3667","name":"Zeit der Leser","image":{"@type":"ImageObject","inLanguage":"de","@id":"https:\/\/blog.zeit.de\/zeit-der-leser\/#\/schema\/person\/image\/","url":"https:\/\/secure.gravatar.com\/avatar\/529bb2731085995bda6c8ba0e4da7e528ea8be4e6c7abdd217f176e2309035f6?s=96&d=mm&r=g","contentUrl":"https:\/\/secure.gravatar.com\/avatar\/529bb2731085995bda6c8ba0e4da7e528ea8be4e6c7abdd217f176e2309035f6?s=96&d=mm&r=g","caption":"Zeit der Leser"},"url":"https:\/\/blog.zeit.de\/zeit-der-leser\/author\/zeit-der-leser\/"}]}},"jetpack_featured_media_url":"","jetpack_sharing_enabled":true,"_links":{"self":[{"href":"https:\/\/blog.zeit.de\/zeit-der-leser\/wp-json\/wp\/v2\/posts\/1857","targetHints":{"allow":["GET"]}}],"collection":[{"href":"https:\/\/blog.zeit.de\/zeit-der-leser\/wp-json\/wp\/v2\/posts"}],"about":[{"href":"https:\/\/blog.zeit.de\/zeit-der-leser\/wp-json\/wp\/v2\/types\/post"}],"author":[{"embeddable":true,"href":"https:\/\/blog.zeit.de\/zeit-der-leser\/wp-json\/wp\/v2\/users\/264"}],"replies":[{"embeddable":true,"href":"https:\/\/blog.zeit.de\/zeit-der-leser\/wp-json\/wp\/v2\/comments?post=1857"}],"version-history":[{"count":0,"href":"https:\/\/blog.zeit.de\/zeit-der-leser\/wp-json\/wp\/v2\/posts\/1857\/revisions"}],"wp:attachment":[{"href":"https:\/\/blog.zeit.de\/zeit-der-leser\/wp-json\/wp\/v2\/media?parent=1857"}],"wp:term":[{"taxonomy":"category","embeddable":true,"href":"https:\/\/blog.zeit.de\/zeit-der-leser\/wp-json\/wp\/v2\/categories?post=1857"},{"taxonomy":"post_tag","embeddable":true,"href":"https:\/\/blog.zeit.de\/zeit-der-leser\/wp-json\/wp\/v2\/tags?post=1857"}],"curies":[{"name":"wp","href":"https:\/\/api.w.org\/{rel}","templated":true}]}}