{"id":1875,"date":"2010-07-23T05:27:41","date_gmt":"2010-07-23T03:27:41","guid":{"rendered":"http:\/\/blog.zeit.de\/zeit-der-leser\/?p=1875"},"modified":"2010-07-19T17:27:51","modified_gmt":"2010-07-19T15:27:51","slug":"csu-ein-quengeliges-kind","status":"publish","type":"post","link":"https:\/\/blog.zeit.de\/zeit-der-leser\/2010\/07\/23\/csu-ein-quengeliges-kind\/","title":{"rendered":"CSU: ein quengeliges Kind"},"content":{"rendered":"<p>Die CSU war mir mal so richtig sympathisch. Eigenbr\u00f6tlerisch war sie eben, typisch bayerisch. Dann die Abstrafung bei der letzten Landtagswahl. Mir taten die CSUler richtig leid.<br \/>\nDoch seit die CSU mit CDU und FDP auf Bundesebene regiert, habe ich kein Mitleid mehr. Diese CSU benimmt sich gerade wie ein quengeliges Kind. Die Mehrwertsteuersenkung f\u00fcr Hoteliers und Skiliftbetreiber geht auch auf ihre Kappe. Doch die meisten B\u00fcrger besitzen kein Hotel und keinen Skilift, um diese Verg\u00fcnstigung zu nutzen. &#8222;Happy Hour&#8220;, aber f\u00fcr wen? Erschreckend, diese &#8222;Wir wollen&#8220;- oder &#8222;Wir wollen nicht&#8220;-Mentalit\u00e4t der CSU! Herr Seehofer wettert aus seiner Festung zu Bayern heftigst gegen alle Vorschl\u00e4ge, die ihm nicht passen. <\/p>\n<p>Politik besteht aus Diskussionen und auch aus verschiedenen Standpunkten, doch vor allem besteht Politik aus Kompromissen. Es geht nicht um die eigenen Parteiziele und die eigenen Vorstellungen, sondern um das Beste fu\u0308r jeden B\u00fcrger. Querschl\u00e4ger sind hier eher kontraproduktiv. Hoffentlich setzt sich diese Sicht irgendwann auch bei der CSU durch. Denn zwei Diven in einer Regierung sind einfach zu viel. <\/p>\n<p><em>Valeska B\u00f6ger, Beilstein, Baden-Wu\u0308rttemberg<\/em><\/p>\n","protected":false},"excerpt":{"rendered":"<p>Die CSU war mir mal so richtig sympathisch. Eigenbr\u00f6tlerisch war sie eben, typisch bayerisch. Dann die Abstrafung bei der letzten Landtagswahl. Mir taten die CSUler richtig leid. Doch seit die CSU mit CDU und FDP auf Bundesebene regiert, habe ich kein Mitleid mehr. Diese CSU benimmt sich gerade wie ein quengeliges Kind. Die Mehrwertsteuersenkung f\u00fcr [&hellip;]<\/p>\n","protected":false},"author":264,"featured_media":0,"comment_status":"open","ping_status":"open","sticky":false,"template":"","format":"standard","meta":{"_jetpack_memberships_contains_paid_content":false,"footnotes":""},"categories":[1869],"tags":[],"class_list":["post-1875","post","type-post","status-publish","format-standard","hentry","category-das-regt-mich-auf"],"yoast_head":"<!-- This site is optimized with the Yoast SEO plugin v21.0 - https:\/\/yoast.com\/wordpress\/plugins\/seo\/ -->\n<title>CSU: ein quengeliges Kind - ZEIT der Leser<\/title>\n<meta name=\"robots\" content=\"index, follow, max-snippet:-1, max-image-preview:large, max-video-preview:-1\" \/>\n<link rel=\"canonical\" href=\"https:\/\/blog.zeit.de\/zeit-der-leser\/2010\/07\/23\/csu-ein-quengeliges-kind\/\" \/>\n<meta property=\"og:locale\" content=\"de_DE\" \/>\n<meta property=\"og:type\" content=\"article\" \/>\n<meta property=\"og:title\" content=\"CSU: ein quengeliges Kind - ZEIT der Leser\" \/>\n<meta property=\"og:description\" content=\"Die CSU war mir mal so richtig sympathisch. Eigenbr\u00f6tlerisch war sie eben, typisch bayerisch. Dann die Abstrafung bei der letzten Landtagswahl. Mir taten die CSUler richtig leid. Doch seit die CSU mit CDU und FDP auf Bundesebene regiert, habe ich kein Mitleid mehr. Diese CSU benimmt sich gerade wie ein quengeliges Kind. Die Mehrwertsteuersenkung f\u00fcr [&hellip;]\" \/>\n<meta property=\"og:url\" content=\"https:\/\/blog.zeit.de\/zeit-der-leser\/2010\/07\/23\/csu-ein-quengeliges-kind\/\" \/>\n<meta property=\"og:site_name\" content=\"ZEIT der Leser\" \/>\n<meta property=\"article:published_time\" content=\"2010-07-23T03:27:41+00:00\" \/>\n<meta property=\"article:modified_time\" content=\"2010-07-19T15:27:51+00:00\" \/>\n<meta name=\"author\" content=\"Zeit der Leser\" \/>\n<meta name=\"twitter:card\" content=\"summary_large_image\" \/>\n<meta name=\"twitter:label1\" content=\"Geschrieben von\" \/>\n\t<meta name=\"twitter:data1\" content=\"Zeit der Leser\" \/>\n\t<meta name=\"twitter:label2\" content=\"Gesch\u00e4tzte Lesezeit\" \/>\n\t<meta name=\"twitter:data2\" content=\"1\u00a0Minute\" \/>\n<script type=\"application\/ld+json\" class=\"yoast-schema-graph\">{\"@context\":\"https:\/\/schema.org\",\"@graph\":[{\"@type\":\"WebPage\",\"@id\":\"https:\/\/blog.zeit.de\/zeit-der-leser\/2010\/07\/23\/csu-ein-quengeliges-kind\/\",\"url\":\"https:\/\/blog.zeit.de\/zeit-der-leser\/2010\/07\/23\/csu-ein-quengeliges-kind\/\",\"name\":\"CSU: ein quengeliges Kind - ZEIT der Leser\",\"isPartOf\":{\"@id\":\"https:\/\/blog.zeit.de\/zeit-der-leser\/#website\"},\"datePublished\":\"2010-07-23T03:27:41+00:00\",\"dateModified\":\"2010-07-19T15:27:51+00:00\",\"author\":{\"@id\":\"https:\/\/blog.zeit.de\/zeit-der-leser\/#\/schema\/person\/e248c7ff5a10552f6a3bd5e9385b3667\"},\"breadcrumb\":{\"@id\":\"https:\/\/blog.zeit.de\/zeit-der-leser\/2010\/07\/23\/csu-ein-quengeliges-kind\/#breadcrumb\"},\"inLanguage\":\"de\",\"potentialAction\":[{\"@type\":\"ReadAction\",\"target\":[\"https:\/\/blog.zeit.de\/zeit-der-leser\/2010\/07\/23\/csu-ein-quengeliges-kind\/\"]}]},{\"@type\":\"BreadcrumbList\",\"@id\":\"https:\/\/blog.zeit.de\/zeit-der-leser\/2010\/07\/23\/csu-ein-quengeliges-kind\/#breadcrumb\",\"itemListElement\":[{\"@type\":\"ListItem\",\"position\":1,\"name\":\"Startseite\",\"item\":\"https:\/\/blog.zeit.de\/zeit-der-leser\/\"},{\"@type\":\"ListItem\",\"position\":2,\"name\":\"CSU: ein quengeliges Kind\"}]},{\"@type\":\"WebSite\",\"@id\":\"https:\/\/blog.zeit.de\/zeit-der-leser\/#website\",\"url\":\"https:\/\/blog.zeit.de\/zeit-der-leser\/\",\"name\":\"ZEIT der Leser\",\"description\":\"Ein Blog mit Ihren Notizen, Gedichten und Bildern f\u00fcr die gedruckte ZEIT\",\"potentialAction\":[{\"@type\":\"SearchAction\",\"target\":{\"@type\":\"EntryPoint\",\"urlTemplate\":\"https:\/\/blog.zeit.de\/zeit-der-leser\/?s={search_term_string}\"},\"query-input\":\"required name=search_term_string\"}],\"inLanguage\":\"de\"},{\"@type\":\"Person\",\"@id\":\"https:\/\/blog.zeit.de\/zeit-der-leser\/#\/schema\/person\/e248c7ff5a10552f6a3bd5e9385b3667\",\"name\":\"Zeit der Leser\",\"image\":{\"@type\":\"ImageObject\",\"inLanguage\":\"de\",\"@id\":\"https:\/\/blog.zeit.de\/zeit-der-leser\/#\/schema\/person\/image\/\",\"url\":\"https:\/\/secure.gravatar.com\/avatar\/529bb2731085995bda6c8ba0e4da7e528ea8be4e6c7abdd217f176e2309035f6?s=96&d=mm&r=g\",\"contentUrl\":\"https:\/\/secure.gravatar.com\/avatar\/529bb2731085995bda6c8ba0e4da7e528ea8be4e6c7abdd217f176e2309035f6?s=96&d=mm&r=g\",\"caption\":\"Zeit der Leser\"},\"url\":\"https:\/\/blog.zeit.de\/zeit-der-leser\/author\/zeit-der-leser\/\"}]}<\/script>\n<!-- \/ Yoast SEO plugin. -->","yoast_head_json":{"title":"CSU: ein quengeliges Kind - ZEIT der Leser","robots":{"index":"index","follow":"follow","max-snippet":"max-snippet:-1","max-image-preview":"max-image-preview:large","max-video-preview":"max-video-preview:-1"},"canonical":"https:\/\/blog.zeit.de\/zeit-der-leser\/2010\/07\/23\/csu-ein-quengeliges-kind\/","og_locale":"de_DE","og_type":"article","og_title":"CSU: ein quengeliges Kind - ZEIT der Leser","og_description":"Die CSU war mir mal so richtig sympathisch. Eigenbr\u00f6tlerisch war sie eben, typisch bayerisch. Dann die Abstrafung bei der letzten Landtagswahl. Mir taten die CSUler richtig leid. Doch seit die CSU mit CDU und FDP auf Bundesebene regiert, habe ich kein Mitleid mehr. Diese CSU benimmt sich gerade wie ein quengeliges Kind. Die Mehrwertsteuersenkung f\u00fcr [&hellip;]","og_url":"https:\/\/blog.zeit.de\/zeit-der-leser\/2010\/07\/23\/csu-ein-quengeliges-kind\/","og_site_name":"ZEIT der Leser","article_published_time":"2010-07-23T03:27:41+00:00","article_modified_time":"2010-07-19T15:27:51+00:00","author":"Zeit der Leser","twitter_card":"summary_large_image","twitter_misc":{"Geschrieben von":"Zeit der Leser","Gesch\u00e4tzte Lesezeit":"1\u00a0Minute"},"schema":{"@context":"https:\/\/schema.org","@graph":[{"@type":"WebPage","@id":"https:\/\/blog.zeit.de\/zeit-der-leser\/2010\/07\/23\/csu-ein-quengeliges-kind\/","url":"https:\/\/blog.zeit.de\/zeit-der-leser\/2010\/07\/23\/csu-ein-quengeliges-kind\/","name":"CSU: ein quengeliges Kind - ZEIT der Leser","isPartOf":{"@id":"https:\/\/blog.zeit.de\/zeit-der-leser\/#website"},"datePublished":"2010-07-23T03:27:41+00:00","dateModified":"2010-07-19T15:27:51+00:00","author":{"@id":"https:\/\/blog.zeit.de\/zeit-der-leser\/#\/schema\/person\/e248c7ff5a10552f6a3bd5e9385b3667"},"breadcrumb":{"@id":"https:\/\/blog.zeit.de\/zeit-der-leser\/2010\/07\/23\/csu-ein-quengeliges-kind\/#breadcrumb"},"inLanguage":"de","potentialAction":[{"@type":"ReadAction","target":["https:\/\/blog.zeit.de\/zeit-der-leser\/2010\/07\/23\/csu-ein-quengeliges-kind\/"]}]},{"@type":"BreadcrumbList","@id":"https:\/\/blog.zeit.de\/zeit-der-leser\/2010\/07\/23\/csu-ein-quengeliges-kind\/#breadcrumb","itemListElement":[{"@type":"ListItem","position":1,"name":"Startseite","item":"https:\/\/blog.zeit.de\/zeit-der-leser\/"},{"@type":"ListItem","position":2,"name":"CSU: ein quengeliges Kind"}]},{"@type":"WebSite","@id":"https:\/\/blog.zeit.de\/zeit-der-leser\/#website","url":"https:\/\/blog.zeit.de\/zeit-der-leser\/","name":"ZEIT der Leser","description":"Ein Blog mit Ihren Notizen, Gedichten und Bildern f\u00fcr die gedruckte ZEIT","potentialAction":[{"@type":"SearchAction","target":{"@type":"EntryPoint","urlTemplate":"https:\/\/blog.zeit.de\/zeit-der-leser\/?s={search_term_string}"},"query-input":"required name=search_term_string"}],"inLanguage":"de"},{"@type":"Person","@id":"https:\/\/blog.zeit.de\/zeit-der-leser\/#\/schema\/person\/e248c7ff5a10552f6a3bd5e9385b3667","name":"Zeit der Leser","image":{"@type":"ImageObject","inLanguage":"de","@id":"https:\/\/blog.zeit.de\/zeit-der-leser\/#\/schema\/person\/image\/","url":"https:\/\/secure.gravatar.com\/avatar\/529bb2731085995bda6c8ba0e4da7e528ea8be4e6c7abdd217f176e2309035f6?s=96&d=mm&r=g","contentUrl":"https:\/\/secure.gravatar.com\/avatar\/529bb2731085995bda6c8ba0e4da7e528ea8be4e6c7abdd217f176e2309035f6?s=96&d=mm&r=g","caption":"Zeit der Leser"},"url":"https:\/\/blog.zeit.de\/zeit-der-leser\/author\/zeit-der-leser\/"}]}},"jetpack_featured_media_url":"","jetpack_sharing_enabled":true,"_links":{"self":[{"href":"https:\/\/blog.zeit.de\/zeit-der-leser\/wp-json\/wp\/v2\/posts\/1875","targetHints":{"allow":["GET"]}}],"collection":[{"href":"https:\/\/blog.zeit.de\/zeit-der-leser\/wp-json\/wp\/v2\/posts"}],"about":[{"href":"https:\/\/blog.zeit.de\/zeit-der-leser\/wp-json\/wp\/v2\/types\/post"}],"author":[{"embeddable":true,"href":"https:\/\/blog.zeit.de\/zeit-der-leser\/wp-json\/wp\/v2\/users\/264"}],"replies":[{"embeddable":true,"href":"https:\/\/blog.zeit.de\/zeit-der-leser\/wp-json\/wp\/v2\/comments?post=1875"}],"version-history":[{"count":0,"href":"https:\/\/blog.zeit.de\/zeit-der-leser\/wp-json\/wp\/v2\/posts\/1875\/revisions"}],"wp:attachment":[{"href":"https:\/\/blog.zeit.de\/zeit-der-leser\/wp-json\/wp\/v2\/media?parent=1875"}],"wp:term":[{"taxonomy":"category","embeddable":true,"href":"https:\/\/blog.zeit.de\/zeit-der-leser\/wp-json\/wp\/v2\/categories?post=1875"},{"taxonomy":"post_tag","embeddable":true,"href":"https:\/\/blog.zeit.de\/zeit-der-leser\/wp-json\/wp\/v2\/tags?post=1875"}],"curies":[{"name":"wp","href":"https:\/\/api.w.org\/{rel}","templated":true}]}}