{"id":1938,"date":"2010-07-22T12:31:52","date_gmt":"2010-07-22T10:31:52","guid":{"rendered":"http:\/\/blog.zeit.de\/zeit-der-leser\/?p=1938"},"modified":"2010-07-22T11:35:56","modified_gmt":"2010-07-22T09:35:56","slug":"besser-spat-als-nie-die-turen-der-kreativitat-entdecken","status":"publish","type":"post","link":"https:\/\/blog.zeit.de\/zeit-der-leser\/2010\/07\/22\/besser-spat-als-nie-die-turen-der-kreativitat-entdecken\/","title":{"rendered":"Besser sp\u00e4t als nie: die T\u00fcren der Kreativit\u00e4t entdecken"},"content":{"rendered":"<p>Leicht rebellisch veranlagt, das Ego laut Sternzeichen, recht ausgepr\u00e4gt, f\u00fcgte sich mein Weg. Heute, mit 31 Jahren, entdecke ich lieber sp\u00e4ter als nie deutsche Literatur-, Kunst- und Kulturgeschichte, die mich reichhaltig erf\u00fcllt. Es sind die Kr\u00e4fte, die von diesen Werken und von den Machern ausgehen. Die Leidenschaften und Energien, die zu sp\u00fcren sind, wenn man sich ihren Werken annimmt. Sie haben uns ein tolles Erbe hinterlassen. So gehe ich jetzt mit 31 Jahren nochmals den Weg in die Schule, um mein Abitur nachzuholen, damit mir ebenfalls die T\u00fcren der Kreativit\u00e4t offen stehen und ich weiterhin in der Lage bin mein Leben selbst zu leben, ohne mich leben lassen zu m\u00fcssen. Zu wissen, mein Leben selbst gestalten zu k\u00f6nnen, wie ich es m\u00f6chte, durch erfolgreiches Selbstdenken, eine Portion Mut und den Glauben an mich selbst, macht mich gl\u00fccklich und zufrieden.<\/p>\n<p>Daniela Kerling, Unterfranken<\/p>\n","protected":false},"excerpt":{"rendered":"<p>Leicht rebellisch veranlagt, das Ego laut Sternzeichen, recht ausgepr\u00e4gt, f\u00fcgte sich mein Weg. Heute, mit 31 Jahren, entdecke ich lieber sp\u00e4ter als nie deutsche Literatur-, Kunst- und Kulturgeschichte, die mich reichhaltig erf\u00fcllt. Es sind die Kr\u00e4fte, die von diesen Werken und von den Machern ausgehen. Die Leidenschaften und Energien, die zu sp\u00fcren sind, wenn man [&hellip;]<\/p>\n","protected":false},"author":264,"featured_media":0,"comment_status":"open","ping_status":"open","sticky":false,"template":"","format":"standard","meta":{"_jetpack_memberships_contains_paid_content":false,"footnotes":""},"categories":[1871],"tags":[],"class_list":["post-1938","post","type-post","status-publish","format-standard","hentry","category-was-mein-leben-reicher-macht"],"yoast_head":"<!-- This site is optimized with the Yoast SEO plugin v21.0 - https:\/\/yoast.com\/wordpress\/plugins\/seo\/ -->\n<title>Besser sp\u00e4t als nie: die T\u00fcren der Kreativit\u00e4t entdecken - ZEIT der Leser<\/title>\n<meta name=\"robots\" content=\"index, follow, max-snippet:-1, max-image-preview:large, max-video-preview:-1\" \/>\n<link rel=\"canonical\" href=\"https:\/\/blog.zeit.de\/zeit-der-leser\/2010\/07\/22\/besser-spat-als-nie-die-turen-der-kreativitat-entdecken\/\" \/>\n<meta property=\"og:locale\" content=\"de_DE\" \/>\n<meta property=\"og:type\" content=\"article\" \/>\n<meta property=\"og:title\" content=\"Besser sp\u00e4t als nie: die T\u00fcren der Kreativit\u00e4t entdecken - ZEIT der Leser\" \/>\n<meta property=\"og:description\" content=\"Leicht rebellisch veranlagt, das Ego laut Sternzeichen, recht ausgepr\u00e4gt, f\u00fcgte sich mein Weg. Heute, mit 31 Jahren, entdecke ich lieber sp\u00e4ter als nie deutsche Literatur-, Kunst- und Kulturgeschichte, die mich reichhaltig erf\u00fcllt. Es sind die Kr\u00e4fte, die von diesen Werken und von den Machern ausgehen. Die Leidenschaften und Energien, die zu sp\u00fcren sind, wenn man [&hellip;]\" \/>\n<meta property=\"og:url\" content=\"https:\/\/blog.zeit.de\/zeit-der-leser\/2010\/07\/22\/besser-spat-als-nie-die-turen-der-kreativitat-entdecken\/\" \/>\n<meta property=\"og:site_name\" content=\"ZEIT der Leser\" \/>\n<meta property=\"article:published_time\" content=\"2010-07-22T10:31:52+00:00\" \/>\n<meta property=\"article:modified_time\" content=\"2010-07-22T09:35:56+00:00\" \/>\n<meta name=\"author\" content=\"Zeit der Leser\" \/>\n<meta name=\"twitter:card\" content=\"summary_large_image\" \/>\n<meta name=\"twitter:label1\" content=\"Geschrieben von\" \/>\n\t<meta name=\"twitter:data1\" content=\"Zeit der Leser\" \/>\n\t<meta name=\"twitter:label2\" content=\"Gesch\u00e4tzte Lesezeit\" \/>\n\t<meta name=\"twitter:data2\" content=\"1\u00a0Minute\" \/>\n<script type=\"application\/ld+json\" class=\"yoast-schema-graph\">{\"@context\":\"https:\/\/schema.org\",\"@graph\":[{\"@type\":\"WebPage\",\"@id\":\"https:\/\/blog.zeit.de\/zeit-der-leser\/2010\/07\/22\/besser-spat-als-nie-die-turen-der-kreativitat-entdecken\/\",\"url\":\"https:\/\/blog.zeit.de\/zeit-der-leser\/2010\/07\/22\/besser-spat-als-nie-die-turen-der-kreativitat-entdecken\/\",\"name\":\"Besser sp\u00e4t als nie: die T\u00fcren der Kreativit\u00e4t entdecken - ZEIT der Leser\",\"isPartOf\":{\"@id\":\"https:\/\/blog.zeit.de\/zeit-der-leser\/#website\"},\"datePublished\":\"2010-07-22T10:31:52+00:00\",\"dateModified\":\"2010-07-22T09:35:56+00:00\",\"author\":{\"@id\":\"https:\/\/blog.zeit.de\/zeit-der-leser\/#\/schema\/person\/e248c7ff5a10552f6a3bd5e9385b3667\"},\"breadcrumb\":{\"@id\":\"https:\/\/blog.zeit.de\/zeit-der-leser\/2010\/07\/22\/besser-spat-als-nie-die-turen-der-kreativitat-entdecken\/#breadcrumb\"},\"inLanguage\":\"de\",\"potentialAction\":[{\"@type\":\"ReadAction\",\"target\":[\"https:\/\/blog.zeit.de\/zeit-der-leser\/2010\/07\/22\/besser-spat-als-nie-die-turen-der-kreativitat-entdecken\/\"]}]},{\"@type\":\"BreadcrumbList\",\"@id\":\"https:\/\/blog.zeit.de\/zeit-der-leser\/2010\/07\/22\/besser-spat-als-nie-die-turen-der-kreativitat-entdecken\/#breadcrumb\",\"itemListElement\":[{\"@type\":\"ListItem\",\"position\":1,\"name\":\"Startseite\",\"item\":\"https:\/\/blog.zeit.de\/zeit-der-leser\/\"},{\"@type\":\"ListItem\",\"position\":2,\"name\":\"Besser sp\u00e4t als nie: die T\u00fcren der Kreativit\u00e4t entdecken\"}]},{\"@type\":\"WebSite\",\"@id\":\"https:\/\/blog.zeit.de\/zeit-der-leser\/#website\",\"url\":\"https:\/\/blog.zeit.de\/zeit-der-leser\/\",\"name\":\"ZEIT der Leser\",\"description\":\"Ein Blog mit Ihren Notizen, Gedichten und Bildern f\u00fcr die gedruckte ZEIT\",\"potentialAction\":[{\"@type\":\"SearchAction\",\"target\":{\"@type\":\"EntryPoint\",\"urlTemplate\":\"https:\/\/blog.zeit.de\/zeit-der-leser\/?s={search_term_string}\"},\"query-input\":\"required name=search_term_string\"}],\"inLanguage\":\"de\"},{\"@type\":\"Person\",\"@id\":\"https:\/\/blog.zeit.de\/zeit-der-leser\/#\/schema\/person\/e248c7ff5a10552f6a3bd5e9385b3667\",\"name\":\"Zeit der Leser\",\"image\":{\"@type\":\"ImageObject\",\"inLanguage\":\"de\",\"@id\":\"https:\/\/blog.zeit.de\/zeit-der-leser\/#\/schema\/person\/image\/\",\"url\":\"https:\/\/secure.gravatar.com\/avatar\/529bb2731085995bda6c8ba0e4da7e528ea8be4e6c7abdd217f176e2309035f6?s=96&d=mm&r=g\",\"contentUrl\":\"https:\/\/secure.gravatar.com\/avatar\/529bb2731085995bda6c8ba0e4da7e528ea8be4e6c7abdd217f176e2309035f6?s=96&d=mm&r=g\",\"caption\":\"Zeit der Leser\"},\"url\":\"https:\/\/blog.zeit.de\/zeit-der-leser\/author\/zeit-der-leser\/\"}]}<\/script>\n<!-- \/ Yoast SEO plugin. -->","yoast_head_json":{"title":"Besser sp\u00e4t als nie: die T\u00fcren der Kreativit\u00e4t entdecken - ZEIT der Leser","robots":{"index":"index","follow":"follow","max-snippet":"max-snippet:-1","max-image-preview":"max-image-preview:large","max-video-preview":"max-video-preview:-1"},"canonical":"https:\/\/blog.zeit.de\/zeit-der-leser\/2010\/07\/22\/besser-spat-als-nie-die-turen-der-kreativitat-entdecken\/","og_locale":"de_DE","og_type":"article","og_title":"Besser sp\u00e4t als nie: die T\u00fcren der Kreativit\u00e4t entdecken - ZEIT der Leser","og_description":"Leicht rebellisch veranlagt, das Ego laut Sternzeichen, recht ausgepr\u00e4gt, f\u00fcgte sich mein Weg. Heute, mit 31 Jahren, entdecke ich lieber sp\u00e4ter als nie deutsche Literatur-, Kunst- und Kulturgeschichte, die mich reichhaltig erf\u00fcllt. Es sind die Kr\u00e4fte, die von diesen Werken und von den Machern ausgehen. Die Leidenschaften und Energien, die zu sp\u00fcren sind, wenn man [&hellip;]","og_url":"https:\/\/blog.zeit.de\/zeit-der-leser\/2010\/07\/22\/besser-spat-als-nie-die-turen-der-kreativitat-entdecken\/","og_site_name":"ZEIT der Leser","article_published_time":"2010-07-22T10:31:52+00:00","article_modified_time":"2010-07-22T09:35:56+00:00","author":"Zeit der Leser","twitter_card":"summary_large_image","twitter_misc":{"Geschrieben von":"Zeit der Leser","Gesch\u00e4tzte Lesezeit":"1\u00a0Minute"},"schema":{"@context":"https:\/\/schema.org","@graph":[{"@type":"WebPage","@id":"https:\/\/blog.zeit.de\/zeit-der-leser\/2010\/07\/22\/besser-spat-als-nie-die-turen-der-kreativitat-entdecken\/","url":"https:\/\/blog.zeit.de\/zeit-der-leser\/2010\/07\/22\/besser-spat-als-nie-die-turen-der-kreativitat-entdecken\/","name":"Besser sp\u00e4t als nie: die T\u00fcren der Kreativit\u00e4t entdecken - ZEIT der Leser","isPartOf":{"@id":"https:\/\/blog.zeit.de\/zeit-der-leser\/#website"},"datePublished":"2010-07-22T10:31:52+00:00","dateModified":"2010-07-22T09:35:56+00:00","author":{"@id":"https:\/\/blog.zeit.de\/zeit-der-leser\/#\/schema\/person\/e248c7ff5a10552f6a3bd5e9385b3667"},"breadcrumb":{"@id":"https:\/\/blog.zeit.de\/zeit-der-leser\/2010\/07\/22\/besser-spat-als-nie-die-turen-der-kreativitat-entdecken\/#breadcrumb"},"inLanguage":"de","potentialAction":[{"@type":"ReadAction","target":["https:\/\/blog.zeit.de\/zeit-der-leser\/2010\/07\/22\/besser-spat-als-nie-die-turen-der-kreativitat-entdecken\/"]}]},{"@type":"BreadcrumbList","@id":"https:\/\/blog.zeit.de\/zeit-der-leser\/2010\/07\/22\/besser-spat-als-nie-die-turen-der-kreativitat-entdecken\/#breadcrumb","itemListElement":[{"@type":"ListItem","position":1,"name":"Startseite","item":"https:\/\/blog.zeit.de\/zeit-der-leser\/"},{"@type":"ListItem","position":2,"name":"Besser sp\u00e4t als nie: die T\u00fcren der Kreativit\u00e4t entdecken"}]},{"@type":"WebSite","@id":"https:\/\/blog.zeit.de\/zeit-der-leser\/#website","url":"https:\/\/blog.zeit.de\/zeit-der-leser\/","name":"ZEIT der Leser","description":"Ein Blog mit Ihren Notizen, Gedichten und Bildern f\u00fcr die gedruckte ZEIT","potentialAction":[{"@type":"SearchAction","target":{"@type":"EntryPoint","urlTemplate":"https:\/\/blog.zeit.de\/zeit-der-leser\/?s={search_term_string}"},"query-input":"required name=search_term_string"}],"inLanguage":"de"},{"@type":"Person","@id":"https:\/\/blog.zeit.de\/zeit-der-leser\/#\/schema\/person\/e248c7ff5a10552f6a3bd5e9385b3667","name":"Zeit der Leser","image":{"@type":"ImageObject","inLanguage":"de","@id":"https:\/\/blog.zeit.de\/zeit-der-leser\/#\/schema\/person\/image\/","url":"https:\/\/secure.gravatar.com\/avatar\/529bb2731085995bda6c8ba0e4da7e528ea8be4e6c7abdd217f176e2309035f6?s=96&d=mm&r=g","contentUrl":"https:\/\/secure.gravatar.com\/avatar\/529bb2731085995bda6c8ba0e4da7e528ea8be4e6c7abdd217f176e2309035f6?s=96&d=mm&r=g","caption":"Zeit der Leser"},"url":"https:\/\/blog.zeit.de\/zeit-der-leser\/author\/zeit-der-leser\/"}]}},"jetpack_featured_media_url":"","jetpack_sharing_enabled":true,"_links":{"self":[{"href":"https:\/\/blog.zeit.de\/zeit-der-leser\/wp-json\/wp\/v2\/posts\/1938","targetHints":{"allow":["GET"]}}],"collection":[{"href":"https:\/\/blog.zeit.de\/zeit-der-leser\/wp-json\/wp\/v2\/posts"}],"about":[{"href":"https:\/\/blog.zeit.de\/zeit-der-leser\/wp-json\/wp\/v2\/types\/post"}],"author":[{"embeddable":true,"href":"https:\/\/blog.zeit.de\/zeit-der-leser\/wp-json\/wp\/v2\/users\/264"}],"replies":[{"embeddable":true,"href":"https:\/\/blog.zeit.de\/zeit-der-leser\/wp-json\/wp\/v2\/comments?post=1938"}],"version-history":[{"count":0,"href":"https:\/\/blog.zeit.de\/zeit-der-leser\/wp-json\/wp\/v2\/posts\/1938\/revisions"}],"wp:attachment":[{"href":"https:\/\/blog.zeit.de\/zeit-der-leser\/wp-json\/wp\/v2\/media?parent=1938"}],"wp:term":[{"taxonomy":"category","embeddable":true,"href":"https:\/\/blog.zeit.de\/zeit-der-leser\/wp-json\/wp\/v2\/categories?post=1938"},{"taxonomy":"post_tag","embeddable":true,"href":"https:\/\/blog.zeit.de\/zeit-der-leser\/wp-json\/wp\/v2\/tags?post=1938"}],"curies":[{"name":"wp","href":"https:\/\/api.w.org\/{rel}","templated":true}]}}