{"id":1991,"date":"2010-07-30T13:03:02","date_gmt":"2010-07-30T11:03:02","guid":{"rendered":"http:\/\/blog.zeit.de\/zeit-der-leser\/?p=1991"},"modified":"2010-07-30T13:03:02","modified_gmt":"2010-07-30T11:03:02","slug":"man-hatte-es-verhindern-konnen","status":"publish","type":"post","link":"https:\/\/blog.zeit.de\/zeit-der-leser\/2010\/07\/30\/man-hatte-es-verhindern-konnen\/","title":{"rendered":"Man h\u00e4tte es verhindern k\u00f6nnen"},"content":{"rendered":"<p>Es soll ein toller Tag werden. Die Wolken verziehen sich langsam, der wunderbar blaue Himmel wird sichtbar. Es ist Sommer. Einundzwanzig junge Menschen machen sich auf den Weg zur Loveparade nach Duisburg, angereist aus den verschiedensten Fleckchen dieser Welt.\u00a0Sie wollen feiern, fr\u00f6hlich und friedlich. Doch weder sie selbst, noch alle anderen ahnen, was passieren wird. Nein, kein Wirbelsturm, kein Erdbeben, keine Flutkatastrophe. Nichts was einfach passiert. Sondern etwas, das man h\u00e4tte planen k\u00f6nnen, das man h\u00e4tte verhindern k\u00f6nnen. Eine Warnung, die man h\u00e4tte ernst nehmen sollen. Und schlie\u00dflich ein Fehler, f\u00fcr den man aufrichtige Reue zeigen m\u00fcsste. Etwas, bei dem man kein Risiko h\u00e4tte eingehen d\u00fcrfen, nur um als Region besser da zu stehen, um die Wirtschaft anzukurbeln oder um ein Versprechen zu halten. Nur wegen solcher Kleinigkeiten. Aber hier geht es doch um Menschen! Junge Menschen, die noch ihr ganzes Leben vor sich hatten. Hoffnungen, Tr\u00e4ume, Ziele. Und es geht um Menschen f\u00fcr die eine Welt zusammen bricht, weil sie die verloren haben, die sie lieben. Das macht mich traurig. Und dass es vielen so ganz egal zu sein scheint, das regt mich auf.<\/p>\n<p><em>Nina Lenz, M\u00fchlacker, Baden-W\u00fcrttemberg<\/em><\/p>\n","protected":false},"excerpt":{"rendered":"<p>Es soll ein toller Tag werden. Die Wolken verziehen sich langsam, der wunderbar blaue Himmel wird sichtbar. Es ist Sommer. Einundzwanzig junge Menschen machen sich auf den Weg zur Loveparade nach Duisburg, angereist aus den verschiedensten Fleckchen dieser Welt.\u00a0Sie wollen feiern, fr\u00f6hlich und friedlich. Doch weder sie selbst, noch alle anderen ahnen, was passieren wird. [&hellip;]<\/p>\n","protected":false},"author":264,"featured_media":0,"comment_status":"open","ping_status":"open","sticky":false,"template":"","format":"standard","meta":{"_jetpack_memberships_contains_paid_content":false,"footnotes":""},"categories":[1869],"tags":[],"class_list":["post-1991","post","type-post","status-publish","format-standard","hentry","category-das-regt-mich-auf"],"yoast_head":"<!-- This site is optimized with the Yoast SEO plugin v21.0 - https:\/\/yoast.com\/wordpress\/plugins\/seo\/ -->\n<title>Man h\u00e4tte es verhindern k\u00f6nnen - ZEIT der Leser<\/title>\n<meta name=\"robots\" content=\"index, follow, max-snippet:-1, max-image-preview:large, max-video-preview:-1\" \/>\n<link rel=\"canonical\" href=\"https:\/\/blog.zeit.de\/zeit-der-leser\/2010\/07\/30\/man-hatte-es-verhindern-konnen\/\" \/>\n<meta property=\"og:locale\" content=\"de_DE\" \/>\n<meta property=\"og:type\" content=\"article\" \/>\n<meta property=\"og:title\" content=\"Man h\u00e4tte es verhindern k\u00f6nnen - ZEIT der Leser\" \/>\n<meta property=\"og:description\" content=\"Es soll ein toller Tag werden. Die Wolken verziehen sich langsam, der wunderbar blaue Himmel wird sichtbar. Es ist Sommer. Einundzwanzig junge Menschen machen sich auf den Weg zur Loveparade nach Duisburg, angereist aus den verschiedensten Fleckchen dieser Welt.\u00a0Sie wollen feiern, fr\u00f6hlich und friedlich. Doch weder sie selbst, noch alle anderen ahnen, was passieren wird. [&hellip;]\" \/>\n<meta property=\"og:url\" content=\"https:\/\/blog.zeit.de\/zeit-der-leser\/2010\/07\/30\/man-hatte-es-verhindern-konnen\/\" \/>\n<meta property=\"og:site_name\" content=\"ZEIT der Leser\" \/>\n<meta property=\"article:published_time\" content=\"2010-07-30T11:03:02+00:00\" \/>\n<meta name=\"author\" content=\"Zeit der Leser\" \/>\n<meta name=\"twitter:card\" content=\"summary_large_image\" \/>\n<meta name=\"twitter:label1\" content=\"Geschrieben von\" \/>\n\t<meta name=\"twitter:data1\" content=\"Zeit der Leser\" \/>\n\t<meta name=\"twitter:label2\" content=\"Gesch\u00e4tzte Lesezeit\" \/>\n\t<meta name=\"twitter:data2\" content=\"1\u00a0Minute\" \/>\n<script type=\"application\/ld+json\" class=\"yoast-schema-graph\">{\"@context\":\"https:\/\/schema.org\",\"@graph\":[{\"@type\":\"WebPage\",\"@id\":\"https:\/\/blog.zeit.de\/zeit-der-leser\/2010\/07\/30\/man-hatte-es-verhindern-konnen\/\",\"url\":\"https:\/\/blog.zeit.de\/zeit-der-leser\/2010\/07\/30\/man-hatte-es-verhindern-konnen\/\",\"name\":\"Man h\u00e4tte es verhindern k\u00f6nnen - ZEIT der Leser\",\"isPartOf\":{\"@id\":\"https:\/\/blog.zeit.de\/zeit-der-leser\/#website\"},\"datePublished\":\"2010-07-30T11:03:02+00:00\",\"dateModified\":\"2010-07-30T11:03:02+00:00\",\"author\":{\"@id\":\"https:\/\/blog.zeit.de\/zeit-der-leser\/#\/schema\/person\/e248c7ff5a10552f6a3bd5e9385b3667\"},\"breadcrumb\":{\"@id\":\"https:\/\/blog.zeit.de\/zeit-der-leser\/2010\/07\/30\/man-hatte-es-verhindern-konnen\/#breadcrumb\"},\"inLanguage\":\"de\",\"potentialAction\":[{\"@type\":\"ReadAction\",\"target\":[\"https:\/\/blog.zeit.de\/zeit-der-leser\/2010\/07\/30\/man-hatte-es-verhindern-konnen\/\"]}]},{\"@type\":\"BreadcrumbList\",\"@id\":\"https:\/\/blog.zeit.de\/zeit-der-leser\/2010\/07\/30\/man-hatte-es-verhindern-konnen\/#breadcrumb\",\"itemListElement\":[{\"@type\":\"ListItem\",\"position\":1,\"name\":\"Startseite\",\"item\":\"https:\/\/blog.zeit.de\/zeit-der-leser\/\"},{\"@type\":\"ListItem\",\"position\":2,\"name\":\"Man h\u00e4tte es verhindern k\u00f6nnen\"}]},{\"@type\":\"WebSite\",\"@id\":\"https:\/\/blog.zeit.de\/zeit-der-leser\/#website\",\"url\":\"https:\/\/blog.zeit.de\/zeit-der-leser\/\",\"name\":\"ZEIT der Leser\",\"description\":\"Ein Blog mit Ihren Notizen, Gedichten und Bildern f\u00fcr die gedruckte ZEIT\",\"potentialAction\":[{\"@type\":\"SearchAction\",\"target\":{\"@type\":\"EntryPoint\",\"urlTemplate\":\"https:\/\/blog.zeit.de\/zeit-der-leser\/?s={search_term_string}\"},\"query-input\":\"required name=search_term_string\"}],\"inLanguage\":\"de\"},{\"@type\":\"Person\",\"@id\":\"https:\/\/blog.zeit.de\/zeit-der-leser\/#\/schema\/person\/e248c7ff5a10552f6a3bd5e9385b3667\",\"name\":\"Zeit der Leser\",\"image\":{\"@type\":\"ImageObject\",\"inLanguage\":\"de\",\"@id\":\"https:\/\/blog.zeit.de\/zeit-der-leser\/#\/schema\/person\/image\/\",\"url\":\"https:\/\/secure.gravatar.com\/avatar\/529bb2731085995bda6c8ba0e4da7e528ea8be4e6c7abdd217f176e2309035f6?s=96&d=mm&r=g\",\"contentUrl\":\"https:\/\/secure.gravatar.com\/avatar\/529bb2731085995bda6c8ba0e4da7e528ea8be4e6c7abdd217f176e2309035f6?s=96&d=mm&r=g\",\"caption\":\"Zeit der Leser\"},\"url\":\"https:\/\/blog.zeit.de\/zeit-der-leser\/author\/zeit-der-leser\/\"}]}<\/script>\n<!-- \/ Yoast SEO plugin. -->","yoast_head_json":{"title":"Man h\u00e4tte es verhindern k\u00f6nnen - ZEIT der Leser","robots":{"index":"index","follow":"follow","max-snippet":"max-snippet:-1","max-image-preview":"max-image-preview:large","max-video-preview":"max-video-preview:-1"},"canonical":"https:\/\/blog.zeit.de\/zeit-der-leser\/2010\/07\/30\/man-hatte-es-verhindern-konnen\/","og_locale":"de_DE","og_type":"article","og_title":"Man h\u00e4tte es verhindern k\u00f6nnen - ZEIT der Leser","og_description":"Es soll ein toller Tag werden. Die Wolken verziehen sich langsam, der wunderbar blaue Himmel wird sichtbar. Es ist Sommer. Einundzwanzig junge Menschen machen sich auf den Weg zur Loveparade nach Duisburg, angereist aus den verschiedensten Fleckchen dieser Welt.\u00a0Sie wollen feiern, fr\u00f6hlich und friedlich. Doch weder sie selbst, noch alle anderen ahnen, was passieren wird. [&hellip;]","og_url":"https:\/\/blog.zeit.de\/zeit-der-leser\/2010\/07\/30\/man-hatte-es-verhindern-konnen\/","og_site_name":"ZEIT der Leser","article_published_time":"2010-07-30T11:03:02+00:00","author":"Zeit der Leser","twitter_card":"summary_large_image","twitter_misc":{"Geschrieben von":"Zeit der Leser","Gesch\u00e4tzte Lesezeit":"1\u00a0Minute"},"schema":{"@context":"https:\/\/schema.org","@graph":[{"@type":"WebPage","@id":"https:\/\/blog.zeit.de\/zeit-der-leser\/2010\/07\/30\/man-hatte-es-verhindern-konnen\/","url":"https:\/\/blog.zeit.de\/zeit-der-leser\/2010\/07\/30\/man-hatte-es-verhindern-konnen\/","name":"Man h\u00e4tte es verhindern k\u00f6nnen - ZEIT der Leser","isPartOf":{"@id":"https:\/\/blog.zeit.de\/zeit-der-leser\/#website"},"datePublished":"2010-07-30T11:03:02+00:00","dateModified":"2010-07-30T11:03:02+00:00","author":{"@id":"https:\/\/blog.zeit.de\/zeit-der-leser\/#\/schema\/person\/e248c7ff5a10552f6a3bd5e9385b3667"},"breadcrumb":{"@id":"https:\/\/blog.zeit.de\/zeit-der-leser\/2010\/07\/30\/man-hatte-es-verhindern-konnen\/#breadcrumb"},"inLanguage":"de","potentialAction":[{"@type":"ReadAction","target":["https:\/\/blog.zeit.de\/zeit-der-leser\/2010\/07\/30\/man-hatte-es-verhindern-konnen\/"]}]},{"@type":"BreadcrumbList","@id":"https:\/\/blog.zeit.de\/zeit-der-leser\/2010\/07\/30\/man-hatte-es-verhindern-konnen\/#breadcrumb","itemListElement":[{"@type":"ListItem","position":1,"name":"Startseite","item":"https:\/\/blog.zeit.de\/zeit-der-leser\/"},{"@type":"ListItem","position":2,"name":"Man h\u00e4tte es verhindern k\u00f6nnen"}]},{"@type":"WebSite","@id":"https:\/\/blog.zeit.de\/zeit-der-leser\/#website","url":"https:\/\/blog.zeit.de\/zeit-der-leser\/","name":"ZEIT der Leser","description":"Ein Blog mit Ihren Notizen, Gedichten und Bildern f\u00fcr die gedruckte ZEIT","potentialAction":[{"@type":"SearchAction","target":{"@type":"EntryPoint","urlTemplate":"https:\/\/blog.zeit.de\/zeit-der-leser\/?s={search_term_string}"},"query-input":"required name=search_term_string"}],"inLanguage":"de"},{"@type":"Person","@id":"https:\/\/blog.zeit.de\/zeit-der-leser\/#\/schema\/person\/e248c7ff5a10552f6a3bd5e9385b3667","name":"Zeit der Leser","image":{"@type":"ImageObject","inLanguage":"de","@id":"https:\/\/blog.zeit.de\/zeit-der-leser\/#\/schema\/person\/image\/","url":"https:\/\/secure.gravatar.com\/avatar\/529bb2731085995bda6c8ba0e4da7e528ea8be4e6c7abdd217f176e2309035f6?s=96&d=mm&r=g","contentUrl":"https:\/\/secure.gravatar.com\/avatar\/529bb2731085995bda6c8ba0e4da7e528ea8be4e6c7abdd217f176e2309035f6?s=96&d=mm&r=g","caption":"Zeit der Leser"},"url":"https:\/\/blog.zeit.de\/zeit-der-leser\/author\/zeit-der-leser\/"}]}},"jetpack_featured_media_url":"","jetpack_sharing_enabled":true,"_links":{"self":[{"href":"https:\/\/blog.zeit.de\/zeit-der-leser\/wp-json\/wp\/v2\/posts\/1991","targetHints":{"allow":["GET"]}}],"collection":[{"href":"https:\/\/blog.zeit.de\/zeit-der-leser\/wp-json\/wp\/v2\/posts"}],"about":[{"href":"https:\/\/blog.zeit.de\/zeit-der-leser\/wp-json\/wp\/v2\/types\/post"}],"author":[{"embeddable":true,"href":"https:\/\/blog.zeit.de\/zeit-der-leser\/wp-json\/wp\/v2\/users\/264"}],"replies":[{"embeddable":true,"href":"https:\/\/blog.zeit.de\/zeit-der-leser\/wp-json\/wp\/v2\/comments?post=1991"}],"version-history":[{"count":0,"href":"https:\/\/blog.zeit.de\/zeit-der-leser\/wp-json\/wp\/v2\/posts\/1991\/revisions"}],"wp:attachment":[{"href":"https:\/\/blog.zeit.de\/zeit-der-leser\/wp-json\/wp\/v2\/media?parent=1991"}],"wp:term":[{"taxonomy":"category","embeddable":true,"href":"https:\/\/blog.zeit.de\/zeit-der-leser\/wp-json\/wp\/v2\/categories?post=1991"},{"taxonomy":"post_tag","embeddable":true,"href":"https:\/\/blog.zeit.de\/zeit-der-leser\/wp-json\/wp\/v2\/tags?post=1991"}],"curies":[{"name":"wp","href":"https:\/\/api.w.org\/{rel}","templated":true}]}}