{"id":2003,"date":"2010-08-06T05:13:37","date_gmt":"2010-08-06T03:13:37","guid":{"rendered":"http:\/\/blog.zeit.de\/zeit-der-leser\/?p=2003"},"modified":"2010-08-04T15:13:59","modified_gmt":"2010-08-04T13:13:59","slug":"das-regt-mich-auf-links-und-rechts-vergleichen","status":"publish","type":"post","link":"https:\/\/blog.zeit.de\/zeit-der-leser\/2010\/08\/06\/das-regt-mich-auf-links-und-rechts-vergleichen\/","title":{"rendered":"Das regt mich auf: links und rechts vergleichen"},"content":{"rendered":"<p>Dass das Bundesverwaltungsgericht das ganz offizielle Aushorchen und Bespitzeln der Linken legalisiert hat, ist ein Skandal. Und zwar der gr\u00f6\u00dfte Skandal, der in letzter Zeit im Namen der Demokratie vollzogen wurde. Wenn es in diesem Stil weitergeht in unserem Land, dann werden bald die K\u00f6pfe aller abgeschlagen sein, die stromaufw\u00e4rts schwimmen. Eine solche Politik ist traurig wie ein Grab, und die Totengr\u00e4ber sind unsere Politiker. Sie k\u00f6pfen jenen Teil des Volkes, der die &#8222;falsche&#8220; Gesinnung hat. Und die Linken mit den Rechten zu vergleichen ist nicht nur historisch die reinste Frechheit. Ich erinnere nur an den linken Widerstand nach der Machtergreifung Hitlers!<br \/>\nNat\u00fcrlich reden sie Bl\u00f6dsinn, auch Bl\u00f6dsinn, die Linken. Aber ich habe Angst vor einer v\u00f6lkischen Gesinnungsreinigung mit all ihren Widerlichkeiten. Alles wird sterilisiert, alles wird am Ende so sein wie ein Krankenhaus, steril und geisteskonform, alles wird sich in einer kopfautomatisierten Welt in eine Richtung bewegen, in eine sterile Krankenhauswelt, wie gesagt, in der die Leute nicht gesund gemacht werden, sondern im Gegenteil krank. Und in der ihr Geist, ihr Denken, ihr Widerspruchsgeist am Ende get\u00f6tet werden.<\/p>\n<p><em>Richard Zanier, Aschau im Chiemgau<\/em><\/p>\n","protected":false},"excerpt":{"rendered":"<p>Dass das Bundesverwaltungsgericht das ganz offizielle Aushorchen und Bespitzeln der Linken legalisiert hat, ist ein Skandal. Und zwar der gr\u00f6\u00dfte Skandal, der in letzter Zeit im Namen der Demokratie vollzogen wurde. Wenn es in diesem Stil weitergeht in unserem Land, dann werden bald die K\u00f6pfe aller abgeschlagen sein, die stromaufw\u00e4rts schwimmen. Eine solche Politik ist [&hellip;]<\/p>\n","protected":false},"author":264,"featured_media":0,"comment_status":"open","ping_status":"open","sticky":false,"template":"","format":"standard","meta":{"_jetpack_memberships_contains_paid_content":false,"footnotes":""},"categories":[1869],"tags":[],"class_list":["post-2003","post","type-post","status-publish","format-standard","hentry","category-das-regt-mich-auf"],"yoast_head":"<!-- This site is optimized with the Yoast SEO plugin v21.0 - https:\/\/yoast.com\/wordpress\/plugins\/seo\/ -->\n<title>Das regt mich auf: links und rechts vergleichen - ZEIT der Leser<\/title>\n<meta name=\"robots\" content=\"index, follow, max-snippet:-1, max-image-preview:large, max-video-preview:-1\" \/>\n<link rel=\"canonical\" href=\"https:\/\/blog.zeit.de\/zeit-der-leser\/2010\/08\/06\/das-regt-mich-auf-links-und-rechts-vergleichen\/\" \/>\n<meta property=\"og:locale\" content=\"de_DE\" \/>\n<meta property=\"og:type\" content=\"article\" \/>\n<meta property=\"og:title\" content=\"Das regt mich auf: links und rechts vergleichen - ZEIT der Leser\" \/>\n<meta property=\"og:description\" content=\"Dass das Bundesverwaltungsgericht das ganz offizielle Aushorchen und Bespitzeln der Linken legalisiert hat, ist ein Skandal. Und zwar der gr\u00f6\u00dfte Skandal, der in letzter Zeit im Namen der Demokratie vollzogen wurde. Wenn es in diesem Stil weitergeht in unserem Land, dann werden bald die K\u00f6pfe aller abgeschlagen sein, die stromaufw\u00e4rts schwimmen. Eine solche Politik ist [&hellip;]\" \/>\n<meta property=\"og:url\" content=\"https:\/\/blog.zeit.de\/zeit-der-leser\/2010\/08\/06\/das-regt-mich-auf-links-und-rechts-vergleichen\/\" \/>\n<meta property=\"og:site_name\" content=\"ZEIT der Leser\" \/>\n<meta property=\"article:published_time\" content=\"2010-08-06T03:13:37+00:00\" \/>\n<meta property=\"article:modified_time\" content=\"2010-08-04T13:13:59+00:00\" \/>\n<meta name=\"author\" content=\"Zeit der Leser\" \/>\n<meta name=\"twitter:card\" content=\"summary_large_image\" \/>\n<meta name=\"twitter:label1\" content=\"Geschrieben von\" \/>\n\t<meta name=\"twitter:data1\" content=\"Zeit der Leser\" \/>\n\t<meta name=\"twitter:label2\" content=\"Gesch\u00e4tzte Lesezeit\" \/>\n\t<meta name=\"twitter:data2\" content=\"1\u00a0Minute\" \/>\n<script type=\"application\/ld+json\" class=\"yoast-schema-graph\">{\"@context\":\"https:\/\/schema.org\",\"@graph\":[{\"@type\":\"WebPage\",\"@id\":\"https:\/\/blog.zeit.de\/zeit-der-leser\/2010\/08\/06\/das-regt-mich-auf-links-und-rechts-vergleichen\/\",\"url\":\"https:\/\/blog.zeit.de\/zeit-der-leser\/2010\/08\/06\/das-regt-mich-auf-links-und-rechts-vergleichen\/\",\"name\":\"Das regt mich auf: links und rechts vergleichen - ZEIT der Leser\",\"isPartOf\":{\"@id\":\"https:\/\/blog.zeit.de\/zeit-der-leser\/#website\"},\"datePublished\":\"2010-08-06T03:13:37+00:00\",\"dateModified\":\"2010-08-04T13:13:59+00:00\",\"author\":{\"@id\":\"https:\/\/blog.zeit.de\/zeit-der-leser\/#\/schema\/person\/e248c7ff5a10552f6a3bd5e9385b3667\"},\"breadcrumb\":{\"@id\":\"https:\/\/blog.zeit.de\/zeit-der-leser\/2010\/08\/06\/das-regt-mich-auf-links-und-rechts-vergleichen\/#breadcrumb\"},\"inLanguage\":\"de\",\"potentialAction\":[{\"@type\":\"ReadAction\",\"target\":[\"https:\/\/blog.zeit.de\/zeit-der-leser\/2010\/08\/06\/das-regt-mich-auf-links-und-rechts-vergleichen\/\"]}]},{\"@type\":\"BreadcrumbList\",\"@id\":\"https:\/\/blog.zeit.de\/zeit-der-leser\/2010\/08\/06\/das-regt-mich-auf-links-und-rechts-vergleichen\/#breadcrumb\",\"itemListElement\":[{\"@type\":\"ListItem\",\"position\":1,\"name\":\"Startseite\",\"item\":\"https:\/\/blog.zeit.de\/zeit-der-leser\/\"},{\"@type\":\"ListItem\",\"position\":2,\"name\":\"Das regt mich auf: links und rechts vergleichen\"}]},{\"@type\":\"WebSite\",\"@id\":\"https:\/\/blog.zeit.de\/zeit-der-leser\/#website\",\"url\":\"https:\/\/blog.zeit.de\/zeit-der-leser\/\",\"name\":\"ZEIT der Leser\",\"description\":\"Ein Blog mit Ihren Notizen, Gedichten und Bildern f\u00fcr die gedruckte ZEIT\",\"potentialAction\":[{\"@type\":\"SearchAction\",\"target\":{\"@type\":\"EntryPoint\",\"urlTemplate\":\"https:\/\/blog.zeit.de\/zeit-der-leser\/?s={search_term_string}\"},\"query-input\":\"required name=search_term_string\"}],\"inLanguage\":\"de\"},{\"@type\":\"Person\",\"@id\":\"https:\/\/blog.zeit.de\/zeit-der-leser\/#\/schema\/person\/e248c7ff5a10552f6a3bd5e9385b3667\",\"name\":\"Zeit der Leser\",\"image\":{\"@type\":\"ImageObject\",\"inLanguage\":\"de\",\"@id\":\"https:\/\/blog.zeit.de\/zeit-der-leser\/#\/schema\/person\/image\/\",\"url\":\"https:\/\/secure.gravatar.com\/avatar\/529bb2731085995bda6c8ba0e4da7e528ea8be4e6c7abdd217f176e2309035f6?s=96&d=mm&r=g\",\"contentUrl\":\"https:\/\/secure.gravatar.com\/avatar\/529bb2731085995bda6c8ba0e4da7e528ea8be4e6c7abdd217f176e2309035f6?s=96&d=mm&r=g\",\"caption\":\"Zeit der Leser\"},\"url\":\"https:\/\/blog.zeit.de\/zeit-der-leser\/author\/zeit-der-leser\/\"}]}<\/script>\n<!-- \/ Yoast SEO plugin. -->","yoast_head_json":{"title":"Das regt mich auf: links und rechts vergleichen - ZEIT der Leser","robots":{"index":"index","follow":"follow","max-snippet":"max-snippet:-1","max-image-preview":"max-image-preview:large","max-video-preview":"max-video-preview:-1"},"canonical":"https:\/\/blog.zeit.de\/zeit-der-leser\/2010\/08\/06\/das-regt-mich-auf-links-und-rechts-vergleichen\/","og_locale":"de_DE","og_type":"article","og_title":"Das regt mich auf: links und rechts vergleichen - ZEIT der Leser","og_description":"Dass das Bundesverwaltungsgericht das ganz offizielle Aushorchen und Bespitzeln der Linken legalisiert hat, ist ein Skandal. Und zwar der gr\u00f6\u00dfte Skandal, der in letzter Zeit im Namen der Demokratie vollzogen wurde. Wenn es in diesem Stil weitergeht in unserem Land, dann werden bald die K\u00f6pfe aller abgeschlagen sein, die stromaufw\u00e4rts schwimmen. Eine solche Politik ist [&hellip;]","og_url":"https:\/\/blog.zeit.de\/zeit-der-leser\/2010\/08\/06\/das-regt-mich-auf-links-und-rechts-vergleichen\/","og_site_name":"ZEIT der Leser","article_published_time":"2010-08-06T03:13:37+00:00","article_modified_time":"2010-08-04T13:13:59+00:00","author":"Zeit der Leser","twitter_card":"summary_large_image","twitter_misc":{"Geschrieben von":"Zeit der Leser","Gesch\u00e4tzte Lesezeit":"1\u00a0Minute"},"schema":{"@context":"https:\/\/schema.org","@graph":[{"@type":"WebPage","@id":"https:\/\/blog.zeit.de\/zeit-der-leser\/2010\/08\/06\/das-regt-mich-auf-links-und-rechts-vergleichen\/","url":"https:\/\/blog.zeit.de\/zeit-der-leser\/2010\/08\/06\/das-regt-mich-auf-links-und-rechts-vergleichen\/","name":"Das regt mich auf: links und rechts vergleichen - ZEIT der Leser","isPartOf":{"@id":"https:\/\/blog.zeit.de\/zeit-der-leser\/#website"},"datePublished":"2010-08-06T03:13:37+00:00","dateModified":"2010-08-04T13:13:59+00:00","author":{"@id":"https:\/\/blog.zeit.de\/zeit-der-leser\/#\/schema\/person\/e248c7ff5a10552f6a3bd5e9385b3667"},"breadcrumb":{"@id":"https:\/\/blog.zeit.de\/zeit-der-leser\/2010\/08\/06\/das-regt-mich-auf-links-und-rechts-vergleichen\/#breadcrumb"},"inLanguage":"de","potentialAction":[{"@type":"ReadAction","target":["https:\/\/blog.zeit.de\/zeit-der-leser\/2010\/08\/06\/das-regt-mich-auf-links-und-rechts-vergleichen\/"]}]},{"@type":"BreadcrumbList","@id":"https:\/\/blog.zeit.de\/zeit-der-leser\/2010\/08\/06\/das-regt-mich-auf-links-und-rechts-vergleichen\/#breadcrumb","itemListElement":[{"@type":"ListItem","position":1,"name":"Startseite","item":"https:\/\/blog.zeit.de\/zeit-der-leser\/"},{"@type":"ListItem","position":2,"name":"Das regt mich auf: links und rechts vergleichen"}]},{"@type":"WebSite","@id":"https:\/\/blog.zeit.de\/zeit-der-leser\/#website","url":"https:\/\/blog.zeit.de\/zeit-der-leser\/","name":"ZEIT der Leser","description":"Ein Blog mit Ihren Notizen, Gedichten und Bildern f\u00fcr die gedruckte ZEIT","potentialAction":[{"@type":"SearchAction","target":{"@type":"EntryPoint","urlTemplate":"https:\/\/blog.zeit.de\/zeit-der-leser\/?s={search_term_string}"},"query-input":"required name=search_term_string"}],"inLanguage":"de"},{"@type":"Person","@id":"https:\/\/blog.zeit.de\/zeit-der-leser\/#\/schema\/person\/e248c7ff5a10552f6a3bd5e9385b3667","name":"Zeit der Leser","image":{"@type":"ImageObject","inLanguage":"de","@id":"https:\/\/blog.zeit.de\/zeit-der-leser\/#\/schema\/person\/image\/","url":"https:\/\/secure.gravatar.com\/avatar\/529bb2731085995bda6c8ba0e4da7e528ea8be4e6c7abdd217f176e2309035f6?s=96&d=mm&r=g","contentUrl":"https:\/\/secure.gravatar.com\/avatar\/529bb2731085995bda6c8ba0e4da7e528ea8be4e6c7abdd217f176e2309035f6?s=96&d=mm&r=g","caption":"Zeit der Leser"},"url":"https:\/\/blog.zeit.de\/zeit-der-leser\/author\/zeit-der-leser\/"}]}},"jetpack_featured_media_url":"","jetpack_sharing_enabled":true,"_links":{"self":[{"href":"https:\/\/blog.zeit.de\/zeit-der-leser\/wp-json\/wp\/v2\/posts\/2003","targetHints":{"allow":["GET"]}}],"collection":[{"href":"https:\/\/blog.zeit.de\/zeit-der-leser\/wp-json\/wp\/v2\/posts"}],"about":[{"href":"https:\/\/blog.zeit.de\/zeit-der-leser\/wp-json\/wp\/v2\/types\/post"}],"author":[{"embeddable":true,"href":"https:\/\/blog.zeit.de\/zeit-der-leser\/wp-json\/wp\/v2\/users\/264"}],"replies":[{"embeddable":true,"href":"https:\/\/blog.zeit.de\/zeit-der-leser\/wp-json\/wp\/v2\/comments?post=2003"}],"version-history":[{"count":0,"href":"https:\/\/blog.zeit.de\/zeit-der-leser\/wp-json\/wp\/v2\/posts\/2003\/revisions"}],"wp:attachment":[{"href":"https:\/\/blog.zeit.de\/zeit-der-leser\/wp-json\/wp\/v2\/media?parent=2003"}],"wp:term":[{"taxonomy":"category","embeddable":true,"href":"https:\/\/blog.zeit.de\/zeit-der-leser\/wp-json\/wp\/v2\/categories?post=2003"},{"taxonomy":"post_tag","embeddable":true,"href":"https:\/\/blog.zeit.de\/zeit-der-leser\/wp-json\/wp\/v2\/tags?post=2003"}],"curies":[{"name":"wp","href":"https:\/\/api.w.org\/{rel}","templated":true}]}}