{"id":2031,"date":"2010-08-05T12:34:31","date_gmt":"2010-08-05T10:34:31","guid":{"rendered":"http:\/\/blog.zeit.de\/zeit-der-leser\/?p=2031"},"modified":"2010-08-04T17:11:07","modified_gmt":"2010-08-04T15:11:07","slug":"leser-fragen-kuhlen-facher-wirklich","status":"publish","type":"post","link":"https:\/\/blog.zeit.de\/zeit-der-leser\/2010\/08\/05\/leser-fragen-kuhlen-facher-wirklich\/","title":{"rendered":"Leser fragen: k\u00fchlen F\u00e4cher wirklich?"},"content":{"rendered":"<p><figure id=\"attachment_2061\" aria-describedby=\"caption-attachment-2061\" style=\"width: 180px\" class=\"wp-caption alignleft\"><a href=\"https:\/\/blog.zeit.de\/zeit-der-leser\/files\/2010\/08\/f\u00e4cher-180.jpg\"><img loading=\"lazy\" decoding=\"async\" src=\"https:\/\/blog.zeit.de\/zeit-der-leser\/files\/2010\/08\/f\u00e4cher-180.jpg\" alt=\"\" title=\"f\u00e4cher\" width=\"180\" height=\"206\" class=\"size-full wp-image-2061\" \/><\/a><figcaption id=\"caption-attachment-2061\" class=\"wp-caption-text\">Cameron Diaz und Ashton Kutcher f\u00e4cheln \u00a9Yoshikazu Tsuno\/AFP\/Getty Images<\/figcaption><\/figure><\/p>\n<p>Bei der gro\u00dfen Hitze sieht man \u2013 wie sonst nur in s\u00fcdlichen L\u00e4ndern \u2013 auch bei uns Damen, die sich mit einem F\u00e4cher Luft zuwedeln. Bringt das F\u00e4cheln wirklich K\u00fchlung, oder wird der K\u00f6rper durch die Bewegungen noch mehr erhitzt als geku\u0308hlt?<\/p>\n<p><em>Rudolf Krupp, Bergisch Gladbach<\/em><\/p>\n","protected":false},"excerpt":{"rendered":"<p>Bei der gro\u00dfen Hitze sieht man \u2013 wie sonst nur in s\u00fcdlichen L\u00e4ndern \u2013 auch bei uns Damen, die sich mit einem F\u00e4cher Luft zuwedeln. Bringt das F\u00e4cheln wirklich K\u00fchlung, oder wird der K\u00f6rper durch die Bewegungen noch mehr erhitzt als geku\u0308hlt? Rudolf Krupp, Bergisch Gladbach<\/p>\n","protected":false},"author":264,"featured_media":0,"comment_status":"open","ping_status":"open","sticky":false,"template":"","format":"standard","meta":{"_jetpack_memberships_contains_paid_content":false,"footnotes":""},"categories":[1873],"tags":[],"class_list":["post-2031","post","type-post","status-publish","format-standard","hentry","category-leser-fragen"],"yoast_head":"<!-- This site is optimized with the Yoast SEO plugin v21.0 - https:\/\/yoast.com\/wordpress\/plugins\/seo\/ -->\n<title>Leser fragen: k\u00fchlen F\u00e4cher wirklich? - ZEIT der Leser<\/title>\n<meta name=\"robots\" content=\"index, follow, max-snippet:-1, max-image-preview:large, max-video-preview:-1\" \/>\n<link rel=\"canonical\" href=\"https:\/\/blog.zeit.de\/zeit-der-leser\/2010\/08\/05\/leser-fragen-kuhlen-facher-wirklich\/\" \/>\n<meta property=\"og:locale\" content=\"de_DE\" \/>\n<meta property=\"og:type\" content=\"article\" \/>\n<meta property=\"og:title\" content=\"Leser fragen: k\u00fchlen F\u00e4cher wirklich? - ZEIT der Leser\" \/>\n<meta property=\"og:description\" content=\"Bei der gro\u00dfen Hitze sieht man \u2013 wie sonst nur in s\u00fcdlichen L\u00e4ndern \u2013 auch bei uns Damen, die sich mit einem F\u00e4cher Luft zuwedeln. Bringt das F\u00e4cheln wirklich K\u00fchlung, oder wird der K\u00f6rper durch die Bewegungen noch mehr erhitzt als geku\u0308hlt? Rudolf Krupp, Bergisch Gladbach\" \/>\n<meta property=\"og:url\" content=\"https:\/\/blog.zeit.de\/zeit-der-leser\/2010\/08\/05\/leser-fragen-kuhlen-facher-wirklich\/\" \/>\n<meta property=\"og:site_name\" content=\"ZEIT der Leser\" \/>\n<meta property=\"article:published_time\" content=\"2010-08-05T10:34:31+00:00\" \/>\n<meta property=\"article:modified_time\" content=\"2010-08-04T15:11:07+00:00\" \/>\n<meta name=\"author\" content=\"Zeit der Leser\" \/>\n<meta name=\"twitter:card\" content=\"summary_large_image\" \/>\n<meta name=\"twitter:label1\" content=\"Geschrieben von\" \/>\n\t<meta name=\"twitter:data1\" content=\"Zeit der Leser\" \/>\n<script type=\"application\/ld+json\" class=\"yoast-schema-graph\">{\"@context\":\"https:\/\/schema.org\",\"@graph\":[{\"@type\":\"WebPage\",\"@id\":\"https:\/\/blog.zeit.de\/zeit-der-leser\/2010\/08\/05\/leser-fragen-kuhlen-facher-wirklich\/\",\"url\":\"https:\/\/blog.zeit.de\/zeit-der-leser\/2010\/08\/05\/leser-fragen-kuhlen-facher-wirklich\/\",\"name\":\"Leser fragen: k\u00fchlen F\u00e4cher wirklich? - ZEIT der Leser\",\"isPartOf\":{\"@id\":\"https:\/\/blog.zeit.de\/zeit-der-leser\/#website\"},\"datePublished\":\"2010-08-05T10:34:31+00:00\",\"dateModified\":\"2010-08-04T15:11:07+00:00\",\"author\":{\"@id\":\"https:\/\/blog.zeit.de\/zeit-der-leser\/#\/schema\/person\/e248c7ff5a10552f6a3bd5e9385b3667\"},\"breadcrumb\":{\"@id\":\"https:\/\/blog.zeit.de\/zeit-der-leser\/2010\/08\/05\/leser-fragen-kuhlen-facher-wirklich\/#breadcrumb\"},\"inLanguage\":\"de\",\"potentialAction\":[{\"@type\":\"ReadAction\",\"target\":[\"https:\/\/blog.zeit.de\/zeit-der-leser\/2010\/08\/05\/leser-fragen-kuhlen-facher-wirklich\/\"]}]},{\"@type\":\"BreadcrumbList\",\"@id\":\"https:\/\/blog.zeit.de\/zeit-der-leser\/2010\/08\/05\/leser-fragen-kuhlen-facher-wirklich\/#breadcrumb\",\"itemListElement\":[{\"@type\":\"ListItem\",\"position\":1,\"name\":\"Startseite\",\"item\":\"https:\/\/blog.zeit.de\/zeit-der-leser\/\"},{\"@type\":\"ListItem\",\"position\":2,\"name\":\"Leser fragen: k\u00fchlen F\u00e4cher wirklich?\"}]},{\"@type\":\"WebSite\",\"@id\":\"https:\/\/blog.zeit.de\/zeit-der-leser\/#website\",\"url\":\"https:\/\/blog.zeit.de\/zeit-der-leser\/\",\"name\":\"ZEIT der Leser\",\"description\":\"Ein Blog mit Ihren Notizen, Gedichten und Bildern f\u00fcr die gedruckte ZEIT\",\"potentialAction\":[{\"@type\":\"SearchAction\",\"target\":{\"@type\":\"EntryPoint\",\"urlTemplate\":\"https:\/\/blog.zeit.de\/zeit-der-leser\/?s={search_term_string}\"},\"query-input\":\"required name=search_term_string\"}],\"inLanguage\":\"de\"},{\"@type\":\"Person\",\"@id\":\"https:\/\/blog.zeit.de\/zeit-der-leser\/#\/schema\/person\/e248c7ff5a10552f6a3bd5e9385b3667\",\"name\":\"Zeit der Leser\",\"image\":{\"@type\":\"ImageObject\",\"inLanguage\":\"de\",\"@id\":\"https:\/\/blog.zeit.de\/zeit-der-leser\/#\/schema\/person\/image\/\",\"url\":\"https:\/\/secure.gravatar.com\/avatar\/529bb2731085995bda6c8ba0e4da7e528ea8be4e6c7abdd217f176e2309035f6?s=96&d=mm&r=g\",\"contentUrl\":\"https:\/\/secure.gravatar.com\/avatar\/529bb2731085995bda6c8ba0e4da7e528ea8be4e6c7abdd217f176e2309035f6?s=96&d=mm&r=g\",\"caption\":\"Zeit der Leser\"},\"url\":\"https:\/\/blog.zeit.de\/zeit-der-leser\/author\/zeit-der-leser\/\"}]}<\/script>\n<!-- \/ Yoast SEO plugin. -->","yoast_head_json":{"title":"Leser fragen: k\u00fchlen F\u00e4cher wirklich? - ZEIT der Leser","robots":{"index":"index","follow":"follow","max-snippet":"max-snippet:-1","max-image-preview":"max-image-preview:large","max-video-preview":"max-video-preview:-1"},"canonical":"https:\/\/blog.zeit.de\/zeit-der-leser\/2010\/08\/05\/leser-fragen-kuhlen-facher-wirklich\/","og_locale":"de_DE","og_type":"article","og_title":"Leser fragen: k\u00fchlen F\u00e4cher wirklich? - ZEIT der Leser","og_description":"Bei der gro\u00dfen Hitze sieht man \u2013 wie sonst nur in s\u00fcdlichen L\u00e4ndern \u2013 auch bei uns Damen, die sich mit einem F\u00e4cher Luft zuwedeln. Bringt das F\u00e4cheln wirklich K\u00fchlung, oder wird der K\u00f6rper durch die Bewegungen noch mehr erhitzt als geku\u0308hlt? Rudolf Krupp, Bergisch Gladbach","og_url":"https:\/\/blog.zeit.de\/zeit-der-leser\/2010\/08\/05\/leser-fragen-kuhlen-facher-wirklich\/","og_site_name":"ZEIT der Leser","article_published_time":"2010-08-05T10:34:31+00:00","article_modified_time":"2010-08-04T15:11:07+00:00","author":"Zeit der Leser","twitter_card":"summary_large_image","twitter_misc":{"Geschrieben von":"Zeit der Leser"},"schema":{"@context":"https:\/\/schema.org","@graph":[{"@type":"WebPage","@id":"https:\/\/blog.zeit.de\/zeit-der-leser\/2010\/08\/05\/leser-fragen-kuhlen-facher-wirklich\/","url":"https:\/\/blog.zeit.de\/zeit-der-leser\/2010\/08\/05\/leser-fragen-kuhlen-facher-wirklich\/","name":"Leser fragen: k\u00fchlen F\u00e4cher wirklich? - ZEIT der Leser","isPartOf":{"@id":"https:\/\/blog.zeit.de\/zeit-der-leser\/#website"},"datePublished":"2010-08-05T10:34:31+00:00","dateModified":"2010-08-04T15:11:07+00:00","author":{"@id":"https:\/\/blog.zeit.de\/zeit-der-leser\/#\/schema\/person\/e248c7ff5a10552f6a3bd5e9385b3667"},"breadcrumb":{"@id":"https:\/\/blog.zeit.de\/zeit-der-leser\/2010\/08\/05\/leser-fragen-kuhlen-facher-wirklich\/#breadcrumb"},"inLanguage":"de","potentialAction":[{"@type":"ReadAction","target":["https:\/\/blog.zeit.de\/zeit-der-leser\/2010\/08\/05\/leser-fragen-kuhlen-facher-wirklich\/"]}]},{"@type":"BreadcrumbList","@id":"https:\/\/blog.zeit.de\/zeit-der-leser\/2010\/08\/05\/leser-fragen-kuhlen-facher-wirklich\/#breadcrumb","itemListElement":[{"@type":"ListItem","position":1,"name":"Startseite","item":"https:\/\/blog.zeit.de\/zeit-der-leser\/"},{"@type":"ListItem","position":2,"name":"Leser fragen: k\u00fchlen F\u00e4cher wirklich?"}]},{"@type":"WebSite","@id":"https:\/\/blog.zeit.de\/zeit-der-leser\/#website","url":"https:\/\/blog.zeit.de\/zeit-der-leser\/","name":"ZEIT der Leser","description":"Ein Blog mit Ihren Notizen, Gedichten und Bildern f\u00fcr die gedruckte ZEIT","potentialAction":[{"@type":"SearchAction","target":{"@type":"EntryPoint","urlTemplate":"https:\/\/blog.zeit.de\/zeit-der-leser\/?s={search_term_string}"},"query-input":"required name=search_term_string"}],"inLanguage":"de"},{"@type":"Person","@id":"https:\/\/blog.zeit.de\/zeit-der-leser\/#\/schema\/person\/e248c7ff5a10552f6a3bd5e9385b3667","name":"Zeit der Leser","image":{"@type":"ImageObject","inLanguage":"de","@id":"https:\/\/blog.zeit.de\/zeit-der-leser\/#\/schema\/person\/image\/","url":"https:\/\/secure.gravatar.com\/avatar\/529bb2731085995bda6c8ba0e4da7e528ea8be4e6c7abdd217f176e2309035f6?s=96&d=mm&r=g","contentUrl":"https:\/\/secure.gravatar.com\/avatar\/529bb2731085995bda6c8ba0e4da7e528ea8be4e6c7abdd217f176e2309035f6?s=96&d=mm&r=g","caption":"Zeit der Leser"},"url":"https:\/\/blog.zeit.de\/zeit-der-leser\/author\/zeit-der-leser\/"}]}},"jetpack_featured_media_url":"","jetpack_sharing_enabled":true,"_links":{"self":[{"href":"https:\/\/blog.zeit.de\/zeit-der-leser\/wp-json\/wp\/v2\/posts\/2031","targetHints":{"allow":["GET"]}}],"collection":[{"href":"https:\/\/blog.zeit.de\/zeit-der-leser\/wp-json\/wp\/v2\/posts"}],"about":[{"href":"https:\/\/blog.zeit.de\/zeit-der-leser\/wp-json\/wp\/v2\/types\/post"}],"author":[{"embeddable":true,"href":"https:\/\/blog.zeit.de\/zeit-der-leser\/wp-json\/wp\/v2\/users\/264"}],"replies":[{"embeddable":true,"href":"https:\/\/blog.zeit.de\/zeit-der-leser\/wp-json\/wp\/v2\/comments?post=2031"}],"version-history":[{"count":0,"href":"https:\/\/blog.zeit.de\/zeit-der-leser\/wp-json\/wp\/v2\/posts\/2031\/revisions"}],"wp:attachment":[{"href":"https:\/\/blog.zeit.de\/zeit-der-leser\/wp-json\/wp\/v2\/media?parent=2031"}],"wp:term":[{"taxonomy":"category","embeddable":true,"href":"https:\/\/blog.zeit.de\/zeit-der-leser\/wp-json\/wp\/v2\/categories?post=2031"},{"taxonomy":"post_tag","embeddable":true,"href":"https:\/\/blog.zeit.de\/zeit-der-leser\/wp-json\/wp\/v2\/tags?post=2031"}],"curies":[{"name":"wp","href":"https:\/\/api.w.org\/{rel}","templated":true}]}}