{"id":2080,"date":"2010-08-13T05:08:48","date_gmt":"2010-08-13T03:08:48","guid":{"rendered":"http:\/\/blog.zeit.de\/zeit-der-leser\/?p=2080"},"modified":"2010-08-11T15:20:28","modified_gmt":"2010-08-11T13:20:28","slug":"was-ist-schon-eine-stunde-verspatung","status":"publish","type":"post","link":"https:\/\/blog.zeit.de\/zeit-der-leser\/2010\/08\/13\/was-ist-schon-eine-stunde-verspatung\/","title":{"rendered":"Was ist schon eine Stunde Versp\u00e4tung?"},"content":{"rendered":"<p>An einem ganz normalen Morgen im Zug von M\u00fcnchen Richtung Frankfurt: laut telefonierende Menschen um mich herum und andere, die wild auf Laptop- und Blackberry-Tastaturen einhacken. In der Sitzreihe vor mir erz\u00e4hlt ein Herr am Telefon von besoffenen Gesch\u00e4ftsleuten und anderen Nebens\u00e4chlichkeiten. Der Zugchef begr\u00fc\u00dft uns freundlich auf Deutsch und Englisch, aber der Schein der nahezu vollkommenen Normalit\u00e4t w\u00e4hrt nur eine gute halbe Stunde. Da informiert uns der Zugchef n\u00e4mlich u\u0308ber eine Strecken-Vollsperrung zwischen Ingolstadt und N\u00fcrnberg. Der Herr vor mir telefoniert schon wieder. &#8222;Das kann ja nur hei\u00dfen, dass sich einer vor den Zug geschmissen hat&#8220;, kommentiert er und informiert seinen Gespr\u00e4chspartner sogleich u\u0308ber die Umleitung des Zugs und dass er zu sp\u00e4t ankommen werde. In N\u00fcrnberg eine neuerliche Durchsage: Jetzt wird ein Arzt im Zug gesucht. Und gleich darauf die Information, ein Fahrgast m\u00fcsse versorgt werden, man warte auf einen Notarzt. Genervtes Raunen, St\u00f6hnen und Augenrollen um mich herum. Auch ich kam mit einer knappen Stunde Versp\u00e4tung ins Bu\u0308ro in Wu\u0308rzburg. Aber ganz ehrlich: Wenn ich im Zug zusammenklappen w\u00fcrde, f\u00e4nde ich es auch ganz nett, wenn man mich nicht auf dem Bahnsteig parken wu\u0308rde, bis der Notarzt kommt. Und was ist schon eine Stunde Versp\u00e4tung gegen den Gedanken, dass irgendwo zwischen Ingolstadt und Nu\u0308rnberg ein Mensch so verzweifelt war, dass er sich umbringen wollte? Und gegen den Schock, den der betroffene Lokfu\u0308hrer wahrscheinlich erlitten hat?<\/p>\n<p><em>Daniela Kern, Wu\u0308rzburg<\/em><\/p>\n","protected":false},"excerpt":{"rendered":"<p>An einem ganz normalen Morgen im Zug von M\u00fcnchen Richtung Frankfurt: laut telefonierende Menschen um mich herum und andere, die wild auf Laptop- und Blackberry-Tastaturen einhacken. In der Sitzreihe vor mir erz\u00e4hlt ein Herr am Telefon von besoffenen Gesch\u00e4ftsleuten und anderen Nebens\u00e4chlichkeiten. Der Zugchef begr\u00fc\u00dft uns freundlich auf Deutsch und Englisch, aber der Schein der [&hellip;]<\/p>\n","protected":false},"author":264,"featured_media":0,"comment_status":"open","ping_status":"open","sticky":false,"template":"","format":"standard","meta":{"_jetpack_memberships_contains_paid_content":false,"footnotes":""},"categories":[1869],"tags":[],"class_list":["post-2080","post","type-post","status-publish","format-standard","hentry","category-das-regt-mich-auf"],"yoast_head":"<!-- This site is optimized with the Yoast SEO plugin v21.0 - https:\/\/yoast.com\/wordpress\/plugins\/seo\/ -->\n<title>Was ist schon eine Stunde Versp\u00e4tung? - ZEIT der Leser<\/title>\n<meta name=\"robots\" content=\"index, follow, max-snippet:-1, max-image-preview:large, max-video-preview:-1\" \/>\n<link rel=\"canonical\" href=\"https:\/\/blog.zeit.de\/zeit-der-leser\/2010\/08\/13\/was-ist-schon-eine-stunde-verspatung\/\" \/>\n<meta property=\"og:locale\" content=\"de_DE\" \/>\n<meta property=\"og:type\" content=\"article\" \/>\n<meta property=\"og:title\" content=\"Was ist schon eine Stunde Versp\u00e4tung? - ZEIT der Leser\" \/>\n<meta property=\"og:description\" content=\"An einem ganz normalen Morgen im Zug von M\u00fcnchen Richtung Frankfurt: laut telefonierende Menschen um mich herum und andere, die wild auf Laptop- und Blackberry-Tastaturen einhacken. In der Sitzreihe vor mir erz\u00e4hlt ein Herr am Telefon von besoffenen Gesch\u00e4ftsleuten und anderen Nebens\u00e4chlichkeiten. Der Zugchef begr\u00fc\u00dft uns freundlich auf Deutsch und Englisch, aber der Schein der [&hellip;]\" \/>\n<meta property=\"og:url\" content=\"https:\/\/blog.zeit.de\/zeit-der-leser\/2010\/08\/13\/was-ist-schon-eine-stunde-verspatung\/\" \/>\n<meta property=\"og:site_name\" content=\"ZEIT der Leser\" \/>\n<meta property=\"article:published_time\" content=\"2010-08-13T03:08:48+00:00\" \/>\n<meta property=\"article:modified_time\" content=\"2010-08-11T13:20:28+00:00\" \/>\n<meta name=\"author\" content=\"Zeit der Leser\" \/>\n<meta name=\"twitter:card\" content=\"summary_large_image\" \/>\n<meta name=\"twitter:label1\" content=\"Geschrieben von\" \/>\n\t<meta name=\"twitter:data1\" content=\"Zeit der Leser\" \/>\n\t<meta name=\"twitter:label2\" content=\"Gesch\u00e4tzte Lesezeit\" \/>\n\t<meta name=\"twitter:data2\" content=\"1\u00a0Minute\" \/>\n<script type=\"application\/ld+json\" class=\"yoast-schema-graph\">{\"@context\":\"https:\/\/schema.org\",\"@graph\":[{\"@type\":\"WebPage\",\"@id\":\"https:\/\/blog.zeit.de\/zeit-der-leser\/2010\/08\/13\/was-ist-schon-eine-stunde-verspatung\/\",\"url\":\"https:\/\/blog.zeit.de\/zeit-der-leser\/2010\/08\/13\/was-ist-schon-eine-stunde-verspatung\/\",\"name\":\"Was ist schon eine Stunde Versp\u00e4tung? - ZEIT der Leser\",\"isPartOf\":{\"@id\":\"https:\/\/blog.zeit.de\/zeit-der-leser\/#website\"},\"datePublished\":\"2010-08-13T03:08:48+00:00\",\"dateModified\":\"2010-08-11T13:20:28+00:00\",\"author\":{\"@id\":\"https:\/\/blog.zeit.de\/zeit-der-leser\/#\/schema\/person\/e248c7ff5a10552f6a3bd5e9385b3667\"},\"breadcrumb\":{\"@id\":\"https:\/\/blog.zeit.de\/zeit-der-leser\/2010\/08\/13\/was-ist-schon-eine-stunde-verspatung\/#breadcrumb\"},\"inLanguage\":\"de\",\"potentialAction\":[{\"@type\":\"ReadAction\",\"target\":[\"https:\/\/blog.zeit.de\/zeit-der-leser\/2010\/08\/13\/was-ist-schon-eine-stunde-verspatung\/\"]}]},{\"@type\":\"BreadcrumbList\",\"@id\":\"https:\/\/blog.zeit.de\/zeit-der-leser\/2010\/08\/13\/was-ist-schon-eine-stunde-verspatung\/#breadcrumb\",\"itemListElement\":[{\"@type\":\"ListItem\",\"position\":1,\"name\":\"Startseite\",\"item\":\"https:\/\/blog.zeit.de\/zeit-der-leser\/\"},{\"@type\":\"ListItem\",\"position\":2,\"name\":\"Was ist schon eine Stunde Versp\u00e4tung?\"}]},{\"@type\":\"WebSite\",\"@id\":\"https:\/\/blog.zeit.de\/zeit-der-leser\/#website\",\"url\":\"https:\/\/blog.zeit.de\/zeit-der-leser\/\",\"name\":\"ZEIT der Leser\",\"description\":\"Ein Blog mit Ihren Notizen, Gedichten und Bildern f\u00fcr die gedruckte ZEIT\",\"potentialAction\":[{\"@type\":\"SearchAction\",\"target\":{\"@type\":\"EntryPoint\",\"urlTemplate\":\"https:\/\/blog.zeit.de\/zeit-der-leser\/?s={search_term_string}\"},\"query-input\":\"required name=search_term_string\"}],\"inLanguage\":\"de\"},{\"@type\":\"Person\",\"@id\":\"https:\/\/blog.zeit.de\/zeit-der-leser\/#\/schema\/person\/e248c7ff5a10552f6a3bd5e9385b3667\",\"name\":\"Zeit der Leser\",\"image\":{\"@type\":\"ImageObject\",\"inLanguage\":\"de\",\"@id\":\"https:\/\/blog.zeit.de\/zeit-der-leser\/#\/schema\/person\/image\/\",\"url\":\"https:\/\/secure.gravatar.com\/avatar\/529bb2731085995bda6c8ba0e4da7e528ea8be4e6c7abdd217f176e2309035f6?s=96&d=mm&r=g\",\"contentUrl\":\"https:\/\/secure.gravatar.com\/avatar\/529bb2731085995bda6c8ba0e4da7e528ea8be4e6c7abdd217f176e2309035f6?s=96&d=mm&r=g\",\"caption\":\"Zeit der Leser\"},\"url\":\"https:\/\/blog.zeit.de\/zeit-der-leser\/author\/zeit-der-leser\/\"}]}<\/script>\n<!-- \/ Yoast SEO plugin. -->","yoast_head_json":{"title":"Was ist schon eine Stunde Versp\u00e4tung? - ZEIT der Leser","robots":{"index":"index","follow":"follow","max-snippet":"max-snippet:-1","max-image-preview":"max-image-preview:large","max-video-preview":"max-video-preview:-1"},"canonical":"https:\/\/blog.zeit.de\/zeit-der-leser\/2010\/08\/13\/was-ist-schon-eine-stunde-verspatung\/","og_locale":"de_DE","og_type":"article","og_title":"Was ist schon eine Stunde Versp\u00e4tung? - ZEIT der Leser","og_description":"An einem ganz normalen Morgen im Zug von M\u00fcnchen Richtung Frankfurt: laut telefonierende Menschen um mich herum und andere, die wild auf Laptop- und Blackberry-Tastaturen einhacken. In der Sitzreihe vor mir erz\u00e4hlt ein Herr am Telefon von besoffenen Gesch\u00e4ftsleuten und anderen Nebens\u00e4chlichkeiten. Der Zugchef begr\u00fc\u00dft uns freundlich auf Deutsch und Englisch, aber der Schein der [&hellip;]","og_url":"https:\/\/blog.zeit.de\/zeit-der-leser\/2010\/08\/13\/was-ist-schon-eine-stunde-verspatung\/","og_site_name":"ZEIT der Leser","article_published_time":"2010-08-13T03:08:48+00:00","article_modified_time":"2010-08-11T13:20:28+00:00","author":"Zeit der Leser","twitter_card":"summary_large_image","twitter_misc":{"Geschrieben von":"Zeit der Leser","Gesch\u00e4tzte Lesezeit":"1\u00a0Minute"},"schema":{"@context":"https:\/\/schema.org","@graph":[{"@type":"WebPage","@id":"https:\/\/blog.zeit.de\/zeit-der-leser\/2010\/08\/13\/was-ist-schon-eine-stunde-verspatung\/","url":"https:\/\/blog.zeit.de\/zeit-der-leser\/2010\/08\/13\/was-ist-schon-eine-stunde-verspatung\/","name":"Was ist schon eine Stunde Versp\u00e4tung? - ZEIT der Leser","isPartOf":{"@id":"https:\/\/blog.zeit.de\/zeit-der-leser\/#website"},"datePublished":"2010-08-13T03:08:48+00:00","dateModified":"2010-08-11T13:20:28+00:00","author":{"@id":"https:\/\/blog.zeit.de\/zeit-der-leser\/#\/schema\/person\/e248c7ff5a10552f6a3bd5e9385b3667"},"breadcrumb":{"@id":"https:\/\/blog.zeit.de\/zeit-der-leser\/2010\/08\/13\/was-ist-schon-eine-stunde-verspatung\/#breadcrumb"},"inLanguage":"de","potentialAction":[{"@type":"ReadAction","target":["https:\/\/blog.zeit.de\/zeit-der-leser\/2010\/08\/13\/was-ist-schon-eine-stunde-verspatung\/"]}]},{"@type":"BreadcrumbList","@id":"https:\/\/blog.zeit.de\/zeit-der-leser\/2010\/08\/13\/was-ist-schon-eine-stunde-verspatung\/#breadcrumb","itemListElement":[{"@type":"ListItem","position":1,"name":"Startseite","item":"https:\/\/blog.zeit.de\/zeit-der-leser\/"},{"@type":"ListItem","position":2,"name":"Was ist schon eine Stunde Versp\u00e4tung?"}]},{"@type":"WebSite","@id":"https:\/\/blog.zeit.de\/zeit-der-leser\/#website","url":"https:\/\/blog.zeit.de\/zeit-der-leser\/","name":"ZEIT der Leser","description":"Ein Blog mit Ihren Notizen, Gedichten und Bildern f\u00fcr die gedruckte ZEIT","potentialAction":[{"@type":"SearchAction","target":{"@type":"EntryPoint","urlTemplate":"https:\/\/blog.zeit.de\/zeit-der-leser\/?s={search_term_string}"},"query-input":"required name=search_term_string"}],"inLanguage":"de"},{"@type":"Person","@id":"https:\/\/blog.zeit.de\/zeit-der-leser\/#\/schema\/person\/e248c7ff5a10552f6a3bd5e9385b3667","name":"Zeit der Leser","image":{"@type":"ImageObject","inLanguage":"de","@id":"https:\/\/blog.zeit.de\/zeit-der-leser\/#\/schema\/person\/image\/","url":"https:\/\/secure.gravatar.com\/avatar\/529bb2731085995bda6c8ba0e4da7e528ea8be4e6c7abdd217f176e2309035f6?s=96&d=mm&r=g","contentUrl":"https:\/\/secure.gravatar.com\/avatar\/529bb2731085995bda6c8ba0e4da7e528ea8be4e6c7abdd217f176e2309035f6?s=96&d=mm&r=g","caption":"Zeit der Leser"},"url":"https:\/\/blog.zeit.de\/zeit-der-leser\/author\/zeit-der-leser\/"}]}},"jetpack_featured_media_url":"","jetpack_sharing_enabled":true,"_links":{"self":[{"href":"https:\/\/blog.zeit.de\/zeit-der-leser\/wp-json\/wp\/v2\/posts\/2080","targetHints":{"allow":["GET"]}}],"collection":[{"href":"https:\/\/blog.zeit.de\/zeit-der-leser\/wp-json\/wp\/v2\/posts"}],"about":[{"href":"https:\/\/blog.zeit.de\/zeit-der-leser\/wp-json\/wp\/v2\/types\/post"}],"author":[{"embeddable":true,"href":"https:\/\/blog.zeit.de\/zeit-der-leser\/wp-json\/wp\/v2\/users\/264"}],"replies":[{"embeddable":true,"href":"https:\/\/blog.zeit.de\/zeit-der-leser\/wp-json\/wp\/v2\/comments?post=2080"}],"version-history":[{"count":0,"href":"https:\/\/blog.zeit.de\/zeit-der-leser\/wp-json\/wp\/v2\/posts\/2080\/revisions"}],"wp:attachment":[{"href":"https:\/\/blog.zeit.de\/zeit-der-leser\/wp-json\/wp\/v2\/media?parent=2080"}],"wp:term":[{"taxonomy":"category","embeddable":true,"href":"https:\/\/blog.zeit.de\/zeit-der-leser\/wp-json\/wp\/v2\/categories?post=2080"},{"taxonomy":"post_tag","embeddable":true,"href":"https:\/\/blog.zeit.de\/zeit-der-leser\/wp-json\/wp\/v2\/tags?post=2080"}],"curies":[{"name":"wp","href":"https:\/\/api.w.org\/{rel}","templated":true}]}}