{"id":2086,"date":"2010-08-15T05:22:50","date_gmt":"2010-08-15T03:22:50","guid":{"rendered":"http:\/\/blog.zeit.de\/zeit-der-leser\/?p=2086"},"modified":"2010-08-11T15:27:35","modified_gmt":"2010-08-11T13:27:35","slug":"lernen-von-den-urenkeln","status":"publish","type":"post","link":"https:\/\/blog.zeit.de\/zeit-der-leser\/2010\/08\/15\/lernen-von-den-urenkeln\/","title":{"rendered":"Lernen von den Urenkeln"},"content":{"rendered":"<p>86 Jahre lang war ich in meiner Heimatstadt D\u00fcsseldorf verwurzelt. Zuletzt wohnte ich dort allein. Da riefen mich meine Tochter und ihre Familie zu sich ins Schwabenland. Kurz entschlossen zog ich um. Beim Abschied sagte mein Nachbar: &#8222;Wenn das man gut geht! Einen uralten Baum kann man nicht verpflanzen.&#8220; Doch ich war fest davon \u00fcberzeugt, dass es gut gehen wu\u0308rde, und nun &#8222;wurzele&#8220; ich schon fast zwei Jahre mit herrlichem Blick auf die Schw\u00e4bische Alb. Der Kern der Sache: Nicht nur, dass ich von der F\u00fcrsorge und Liebe meiner Familie durch mein neues Dasein getragen werde, nein, ich erlebe t\u00e4glich im Umgang mit meinen beiden Urenkelkindern eine neue, lebendige Welt. Ich lerne zum Beispiel neue Methoden der Kindererziehung kennen. Kein &#8222;Sei still!&#8220;, &#8222;H\u00f6r auf!&#8220;, &#8222;Benimm dich!&#8220;. Der Umgang mit den Kindern ist verst\u00e4ndnisvoller, ja partnerschaftlich, mit gro\u00dfem Vertrauen in ihre St\u00e4rke. Das macht mich gl\u00fccklich und reicher.<\/p>\n<p><em>Anna Sch\u00e4fer, Schw\u00e4bisch Gm\u00fcnd<\/em><\/p>\n","protected":false},"excerpt":{"rendered":"<p>86 Jahre lang war ich in meiner Heimatstadt D\u00fcsseldorf verwurzelt. Zuletzt wohnte ich dort allein. Da riefen mich meine Tochter und ihre Familie zu sich ins Schwabenland. Kurz entschlossen zog ich um. Beim Abschied sagte mein Nachbar: &#8222;Wenn das man gut geht! Einen uralten Baum kann man nicht verpflanzen.&#8220; Doch ich war fest davon \u00fcberzeugt, [&hellip;]<\/p>\n","protected":false},"author":264,"featured_media":0,"comment_status":"open","ping_status":"open","sticky":false,"template":"","format":"standard","meta":{"_jetpack_memberships_contains_paid_content":false,"footnotes":""},"categories":[1871],"tags":[],"class_list":["post-2086","post","type-post","status-publish","format-standard","hentry","category-was-mein-leben-reicher-macht"],"yoast_head":"<!-- This site is optimized with the Yoast SEO plugin v21.0 - https:\/\/yoast.com\/wordpress\/plugins\/seo\/ -->\n<title>Lernen von den Urenkeln - ZEIT der Leser<\/title>\n<meta name=\"robots\" content=\"index, follow, max-snippet:-1, max-image-preview:large, max-video-preview:-1\" \/>\n<link rel=\"canonical\" href=\"https:\/\/blog.zeit.de\/zeit-der-leser\/2010\/08\/15\/lernen-von-den-urenkeln\/\" \/>\n<meta property=\"og:locale\" content=\"de_DE\" \/>\n<meta property=\"og:type\" content=\"article\" \/>\n<meta property=\"og:title\" content=\"Lernen von den Urenkeln - ZEIT der Leser\" \/>\n<meta property=\"og:description\" content=\"86 Jahre lang war ich in meiner Heimatstadt D\u00fcsseldorf verwurzelt. Zuletzt wohnte ich dort allein. Da riefen mich meine Tochter und ihre Familie zu sich ins Schwabenland. Kurz entschlossen zog ich um. Beim Abschied sagte mein Nachbar: &#8222;Wenn das man gut geht! Einen uralten Baum kann man nicht verpflanzen.&#8220; Doch ich war fest davon \u00fcberzeugt, [&hellip;]\" \/>\n<meta property=\"og:url\" content=\"https:\/\/blog.zeit.de\/zeit-der-leser\/2010\/08\/15\/lernen-von-den-urenkeln\/\" \/>\n<meta property=\"og:site_name\" content=\"ZEIT der Leser\" \/>\n<meta property=\"article:published_time\" content=\"2010-08-15T03:22:50+00:00\" \/>\n<meta property=\"article:modified_time\" content=\"2010-08-11T13:27:35+00:00\" \/>\n<meta name=\"author\" content=\"Zeit der Leser\" \/>\n<meta name=\"twitter:card\" content=\"summary_large_image\" \/>\n<meta name=\"twitter:label1\" content=\"Geschrieben von\" \/>\n\t<meta name=\"twitter:data1\" content=\"Zeit der Leser\" \/>\n\t<meta name=\"twitter:label2\" content=\"Gesch\u00e4tzte Lesezeit\" \/>\n\t<meta name=\"twitter:data2\" content=\"1\u00a0Minute\" \/>\n<script type=\"application\/ld+json\" class=\"yoast-schema-graph\">{\"@context\":\"https:\/\/schema.org\",\"@graph\":[{\"@type\":\"WebPage\",\"@id\":\"https:\/\/blog.zeit.de\/zeit-der-leser\/2010\/08\/15\/lernen-von-den-urenkeln\/\",\"url\":\"https:\/\/blog.zeit.de\/zeit-der-leser\/2010\/08\/15\/lernen-von-den-urenkeln\/\",\"name\":\"Lernen von den Urenkeln - ZEIT der Leser\",\"isPartOf\":{\"@id\":\"https:\/\/blog.zeit.de\/zeit-der-leser\/#website\"},\"datePublished\":\"2010-08-15T03:22:50+00:00\",\"dateModified\":\"2010-08-11T13:27:35+00:00\",\"author\":{\"@id\":\"https:\/\/blog.zeit.de\/zeit-der-leser\/#\/schema\/person\/e248c7ff5a10552f6a3bd5e9385b3667\"},\"breadcrumb\":{\"@id\":\"https:\/\/blog.zeit.de\/zeit-der-leser\/2010\/08\/15\/lernen-von-den-urenkeln\/#breadcrumb\"},\"inLanguage\":\"de\",\"potentialAction\":[{\"@type\":\"ReadAction\",\"target\":[\"https:\/\/blog.zeit.de\/zeit-der-leser\/2010\/08\/15\/lernen-von-den-urenkeln\/\"]}]},{\"@type\":\"BreadcrumbList\",\"@id\":\"https:\/\/blog.zeit.de\/zeit-der-leser\/2010\/08\/15\/lernen-von-den-urenkeln\/#breadcrumb\",\"itemListElement\":[{\"@type\":\"ListItem\",\"position\":1,\"name\":\"Startseite\",\"item\":\"https:\/\/blog.zeit.de\/zeit-der-leser\/\"},{\"@type\":\"ListItem\",\"position\":2,\"name\":\"Lernen von den Urenkeln\"}]},{\"@type\":\"WebSite\",\"@id\":\"https:\/\/blog.zeit.de\/zeit-der-leser\/#website\",\"url\":\"https:\/\/blog.zeit.de\/zeit-der-leser\/\",\"name\":\"ZEIT der Leser\",\"description\":\"Ein Blog mit Ihren Notizen, Gedichten und Bildern f\u00fcr die gedruckte ZEIT\",\"potentialAction\":[{\"@type\":\"SearchAction\",\"target\":{\"@type\":\"EntryPoint\",\"urlTemplate\":\"https:\/\/blog.zeit.de\/zeit-der-leser\/?s={search_term_string}\"},\"query-input\":\"required name=search_term_string\"}],\"inLanguage\":\"de\"},{\"@type\":\"Person\",\"@id\":\"https:\/\/blog.zeit.de\/zeit-der-leser\/#\/schema\/person\/e248c7ff5a10552f6a3bd5e9385b3667\",\"name\":\"Zeit der Leser\",\"image\":{\"@type\":\"ImageObject\",\"inLanguage\":\"de\",\"@id\":\"https:\/\/blog.zeit.de\/zeit-der-leser\/#\/schema\/person\/image\/\",\"url\":\"https:\/\/secure.gravatar.com\/avatar\/529bb2731085995bda6c8ba0e4da7e528ea8be4e6c7abdd217f176e2309035f6?s=96&d=mm&r=g\",\"contentUrl\":\"https:\/\/secure.gravatar.com\/avatar\/529bb2731085995bda6c8ba0e4da7e528ea8be4e6c7abdd217f176e2309035f6?s=96&d=mm&r=g\",\"caption\":\"Zeit der Leser\"},\"url\":\"https:\/\/blog.zeit.de\/zeit-der-leser\/author\/zeit-der-leser\/\"}]}<\/script>\n<!-- \/ Yoast SEO plugin. -->","yoast_head_json":{"title":"Lernen von den Urenkeln - ZEIT der Leser","robots":{"index":"index","follow":"follow","max-snippet":"max-snippet:-1","max-image-preview":"max-image-preview:large","max-video-preview":"max-video-preview:-1"},"canonical":"https:\/\/blog.zeit.de\/zeit-der-leser\/2010\/08\/15\/lernen-von-den-urenkeln\/","og_locale":"de_DE","og_type":"article","og_title":"Lernen von den Urenkeln - ZEIT der Leser","og_description":"86 Jahre lang war ich in meiner Heimatstadt D\u00fcsseldorf verwurzelt. Zuletzt wohnte ich dort allein. Da riefen mich meine Tochter und ihre Familie zu sich ins Schwabenland. Kurz entschlossen zog ich um. Beim Abschied sagte mein Nachbar: &#8222;Wenn das man gut geht! Einen uralten Baum kann man nicht verpflanzen.&#8220; Doch ich war fest davon \u00fcberzeugt, [&hellip;]","og_url":"https:\/\/blog.zeit.de\/zeit-der-leser\/2010\/08\/15\/lernen-von-den-urenkeln\/","og_site_name":"ZEIT der Leser","article_published_time":"2010-08-15T03:22:50+00:00","article_modified_time":"2010-08-11T13:27:35+00:00","author":"Zeit der Leser","twitter_card":"summary_large_image","twitter_misc":{"Geschrieben von":"Zeit der Leser","Gesch\u00e4tzte Lesezeit":"1\u00a0Minute"},"schema":{"@context":"https:\/\/schema.org","@graph":[{"@type":"WebPage","@id":"https:\/\/blog.zeit.de\/zeit-der-leser\/2010\/08\/15\/lernen-von-den-urenkeln\/","url":"https:\/\/blog.zeit.de\/zeit-der-leser\/2010\/08\/15\/lernen-von-den-urenkeln\/","name":"Lernen von den Urenkeln - ZEIT der Leser","isPartOf":{"@id":"https:\/\/blog.zeit.de\/zeit-der-leser\/#website"},"datePublished":"2010-08-15T03:22:50+00:00","dateModified":"2010-08-11T13:27:35+00:00","author":{"@id":"https:\/\/blog.zeit.de\/zeit-der-leser\/#\/schema\/person\/e248c7ff5a10552f6a3bd5e9385b3667"},"breadcrumb":{"@id":"https:\/\/blog.zeit.de\/zeit-der-leser\/2010\/08\/15\/lernen-von-den-urenkeln\/#breadcrumb"},"inLanguage":"de","potentialAction":[{"@type":"ReadAction","target":["https:\/\/blog.zeit.de\/zeit-der-leser\/2010\/08\/15\/lernen-von-den-urenkeln\/"]}]},{"@type":"BreadcrumbList","@id":"https:\/\/blog.zeit.de\/zeit-der-leser\/2010\/08\/15\/lernen-von-den-urenkeln\/#breadcrumb","itemListElement":[{"@type":"ListItem","position":1,"name":"Startseite","item":"https:\/\/blog.zeit.de\/zeit-der-leser\/"},{"@type":"ListItem","position":2,"name":"Lernen von den Urenkeln"}]},{"@type":"WebSite","@id":"https:\/\/blog.zeit.de\/zeit-der-leser\/#website","url":"https:\/\/blog.zeit.de\/zeit-der-leser\/","name":"ZEIT der Leser","description":"Ein Blog mit Ihren Notizen, Gedichten und Bildern f\u00fcr die gedruckte ZEIT","potentialAction":[{"@type":"SearchAction","target":{"@type":"EntryPoint","urlTemplate":"https:\/\/blog.zeit.de\/zeit-der-leser\/?s={search_term_string}"},"query-input":"required name=search_term_string"}],"inLanguage":"de"},{"@type":"Person","@id":"https:\/\/blog.zeit.de\/zeit-der-leser\/#\/schema\/person\/e248c7ff5a10552f6a3bd5e9385b3667","name":"Zeit der Leser","image":{"@type":"ImageObject","inLanguage":"de","@id":"https:\/\/blog.zeit.de\/zeit-der-leser\/#\/schema\/person\/image\/","url":"https:\/\/secure.gravatar.com\/avatar\/529bb2731085995bda6c8ba0e4da7e528ea8be4e6c7abdd217f176e2309035f6?s=96&d=mm&r=g","contentUrl":"https:\/\/secure.gravatar.com\/avatar\/529bb2731085995bda6c8ba0e4da7e528ea8be4e6c7abdd217f176e2309035f6?s=96&d=mm&r=g","caption":"Zeit der Leser"},"url":"https:\/\/blog.zeit.de\/zeit-der-leser\/author\/zeit-der-leser\/"}]}},"jetpack_featured_media_url":"","jetpack_sharing_enabled":true,"_links":{"self":[{"href":"https:\/\/blog.zeit.de\/zeit-der-leser\/wp-json\/wp\/v2\/posts\/2086","targetHints":{"allow":["GET"]}}],"collection":[{"href":"https:\/\/blog.zeit.de\/zeit-der-leser\/wp-json\/wp\/v2\/posts"}],"about":[{"href":"https:\/\/blog.zeit.de\/zeit-der-leser\/wp-json\/wp\/v2\/types\/post"}],"author":[{"embeddable":true,"href":"https:\/\/blog.zeit.de\/zeit-der-leser\/wp-json\/wp\/v2\/users\/264"}],"replies":[{"embeddable":true,"href":"https:\/\/blog.zeit.de\/zeit-der-leser\/wp-json\/wp\/v2\/comments?post=2086"}],"version-history":[{"count":0,"href":"https:\/\/blog.zeit.de\/zeit-der-leser\/wp-json\/wp\/v2\/posts\/2086\/revisions"}],"wp:attachment":[{"href":"https:\/\/blog.zeit.de\/zeit-der-leser\/wp-json\/wp\/v2\/media?parent=2086"}],"wp:term":[{"taxonomy":"category","embeddable":true,"href":"https:\/\/blog.zeit.de\/zeit-der-leser\/wp-json\/wp\/v2\/categories?post=2086"},{"taxonomy":"post_tag","embeddable":true,"href":"https:\/\/blog.zeit.de\/zeit-der-leser\/wp-json\/wp\/v2\/tags?post=2086"}],"curies":[{"name":"wp","href":"https:\/\/api.w.org\/{rel}","templated":true}]}}