{"id":2106,"date":"2010-08-14T13:57:15","date_gmt":"2010-08-14T11:57:15","guid":{"rendered":"http:\/\/blog.zeit.de\/zeit-der-leser\/?p=2106"},"modified":"2010-10-27T14:39:50","modified_gmt":"2010-10-27T12:39:50","slug":"auf-der-suche-nach-dem-gluck","status":"publish","type":"post","link":"https:\/\/blog.zeit.de\/zeit-der-leser\/2010\/08\/14\/auf-der-suche-nach-dem-gluck\/","title":{"rendered":"Auf der Suche nach dem Gl\u00fcck"},"content":{"rendered":"<p>So unpr\u00e4tenti\u00f6s hat noch keiner nach dem Gl\u00fcck gesucht. <em><a href=\"www.gernstls-reisen.de\">Gernstls Reisen. Auf der Suche nach dem Gl\u00fcck<\/a><\/em>, ein Film, der mich wieder und wieder l\u00e4chelnd zur\u00fcckl\u00e4sst, kopfschu\u0308ttelnd, fragend, belustigt. Ein Film zum Immer-wieder-neu-L\u00e4cheln, zum Kopfsch\u00fctteln, Stirnin-Falten-Ziehen, zum Lachen.<\/p>\n<p><em>Gabi Eichl, Vohenstrau\u00df, Oberpfalz<\/em><\/p>\n","protected":false},"excerpt":{"rendered":"<p>So unpr\u00e4tenti\u00f6s hat noch keiner nach dem Gl\u00fcck gesucht. Gernstls Reisen. Auf der Suche nach dem Gl\u00fcck, ein Film, der mich wieder und wieder l\u00e4chelnd zur\u00fcckl\u00e4sst, kopfschu\u0308ttelnd, fragend, belustigt. Ein Film zum Immer-wieder-neu-L\u00e4cheln, zum Kopfsch\u00fctteln, Stirnin-Falten-Ziehen, zum Lachen. Gabi Eichl, Vohenstrau\u00df, Oberpfalz<\/p>\n","protected":false},"author":192,"featured_media":0,"comment_status":"open","ping_status":"open","sticky":false,"template":"","format":"standard","meta":{"_jetpack_memberships_contains_paid_content":false,"footnotes":""},"categories":[1871],"tags":[],"class_list":["post-2106","post","type-post","status-publish","format-standard","hentry","category-was-mein-leben-reicher-macht"],"yoast_head":"<!-- This site is optimized with the Yoast SEO plugin v21.0 - https:\/\/yoast.com\/wordpress\/plugins\/seo\/ -->\n<title>Auf der Suche nach dem Gl\u00fcck - ZEIT der Leser<\/title>\n<meta name=\"robots\" content=\"index, follow, max-snippet:-1, max-image-preview:large, max-video-preview:-1\" \/>\n<link rel=\"canonical\" href=\"https:\/\/blog.zeit.de\/zeit-der-leser\/2010\/08\/14\/auf-der-suche-nach-dem-gluck\/\" \/>\n<meta property=\"og:locale\" content=\"de_DE\" \/>\n<meta property=\"og:type\" content=\"article\" \/>\n<meta property=\"og:title\" content=\"Auf der Suche nach dem Gl\u00fcck - ZEIT der Leser\" \/>\n<meta property=\"og:description\" content=\"So unpr\u00e4tenti\u00f6s hat noch keiner nach dem Gl\u00fcck gesucht. Gernstls Reisen. Auf der Suche nach dem Gl\u00fcck, ein Film, der mich wieder und wieder l\u00e4chelnd zur\u00fcckl\u00e4sst, kopfschu\u0308ttelnd, fragend, belustigt. Ein Film zum Immer-wieder-neu-L\u00e4cheln, zum Kopfsch\u00fctteln, Stirnin-Falten-Ziehen, zum Lachen. Gabi Eichl, Vohenstrau\u00df, Oberpfalz\" \/>\n<meta property=\"og:url\" content=\"https:\/\/blog.zeit.de\/zeit-der-leser\/2010\/08\/14\/auf-der-suche-nach-dem-gluck\/\" \/>\n<meta property=\"og:site_name\" content=\"ZEIT der Leser\" \/>\n<meta property=\"article:published_time\" content=\"2010-08-14T11:57:15+00:00\" \/>\n<meta property=\"article:modified_time\" content=\"2010-10-27T12:39:50+00:00\" \/>\n<meta name=\"author\" content=\"Frida Thurm\" \/>\n<meta name=\"twitter:card\" content=\"summary_large_image\" \/>\n<meta name=\"twitter:label1\" content=\"Geschrieben von\" \/>\n\t<meta name=\"twitter:data1\" content=\"Frida Thurm\" \/>\n<script type=\"application\/ld+json\" class=\"yoast-schema-graph\">{\"@context\":\"https:\/\/schema.org\",\"@graph\":[{\"@type\":\"WebPage\",\"@id\":\"https:\/\/blog.zeit.de\/zeit-der-leser\/2010\/08\/14\/auf-der-suche-nach-dem-gluck\/\",\"url\":\"https:\/\/blog.zeit.de\/zeit-der-leser\/2010\/08\/14\/auf-der-suche-nach-dem-gluck\/\",\"name\":\"Auf der Suche nach dem Gl\u00fcck - ZEIT der Leser\",\"isPartOf\":{\"@id\":\"https:\/\/blog.zeit.de\/zeit-der-leser\/#website\"},\"datePublished\":\"2010-08-14T11:57:15+00:00\",\"dateModified\":\"2010-10-27T12:39:50+00:00\",\"author\":{\"@id\":\"https:\/\/blog.zeit.de\/zeit-der-leser\/#\/schema\/person\/4477783f6f24d60303b090f4e92798a6\"},\"breadcrumb\":{\"@id\":\"https:\/\/blog.zeit.de\/zeit-der-leser\/2010\/08\/14\/auf-der-suche-nach-dem-gluck\/#breadcrumb\"},\"inLanguage\":\"de\",\"potentialAction\":[{\"@type\":\"ReadAction\",\"target\":[\"https:\/\/blog.zeit.de\/zeit-der-leser\/2010\/08\/14\/auf-der-suche-nach-dem-gluck\/\"]}]},{\"@type\":\"BreadcrumbList\",\"@id\":\"https:\/\/blog.zeit.de\/zeit-der-leser\/2010\/08\/14\/auf-der-suche-nach-dem-gluck\/#breadcrumb\",\"itemListElement\":[{\"@type\":\"ListItem\",\"position\":1,\"name\":\"Startseite\",\"item\":\"https:\/\/blog.zeit.de\/zeit-der-leser\/\"},{\"@type\":\"ListItem\",\"position\":2,\"name\":\"Auf der Suche nach dem Gl\u00fcck\"}]},{\"@type\":\"WebSite\",\"@id\":\"https:\/\/blog.zeit.de\/zeit-der-leser\/#website\",\"url\":\"https:\/\/blog.zeit.de\/zeit-der-leser\/\",\"name\":\"ZEIT der Leser\",\"description\":\"Ein Blog mit Ihren Notizen, Gedichten und Bildern f\u00fcr die gedruckte ZEIT\",\"potentialAction\":[{\"@type\":\"SearchAction\",\"target\":{\"@type\":\"EntryPoint\",\"urlTemplate\":\"https:\/\/blog.zeit.de\/zeit-der-leser\/?s={search_term_string}\"},\"query-input\":\"required name=search_term_string\"}],\"inLanguage\":\"de\"},{\"@type\":\"Person\",\"@id\":\"https:\/\/blog.zeit.de\/zeit-der-leser\/#\/schema\/person\/4477783f6f24d60303b090f4e92798a6\",\"name\":\"Frida Thurm\",\"image\":{\"@type\":\"ImageObject\",\"inLanguage\":\"de\",\"@id\":\"https:\/\/blog.zeit.de\/zeit-der-leser\/#\/schema\/person\/image\/\",\"url\":\"https:\/\/secure.gravatar.com\/avatar\/f588c6f2f462fd1d06ebb531523718f9b0ca0e27584f0d22cb34e0cf1cf4c72e?s=96&d=mm&r=g\",\"contentUrl\":\"https:\/\/secure.gravatar.com\/avatar\/f588c6f2f462fd1d06ebb531523718f9b0ca0e27584f0d22cb34e0cf1cf4c72e?s=96&d=mm&r=g\",\"caption\":\"Frida Thurm\"},\"description\":\"ist Redakteurin bei ZEIT ONLINE.\",\"url\":\"https:\/\/blog.zeit.de\/zeit-der-leser\/author\/frida-thurm\/\"}]}<\/script>\n<!-- \/ Yoast SEO plugin. -->","yoast_head_json":{"title":"Auf der Suche nach dem Gl\u00fcck - ZEIT der Leser","robots":{"index":"index","follow":"follow","max-snippet":"max-snippet:-1","max-image-preview":"max-image-preview:large","max-video-preview":"max-video-preview:-1"},"canonical":"https:\/\/blog.zeit.de\/zeit-der-leser\/2010\/08\/14\/auf-der-suche-nach-dem-gluck\/","og_locale":"de_DE","og_type":"article","og_title":"Auf der Suche nach dem Gl\u00fcck - ZEIT der Leser","og_description":"So unpr\u00e4tenti\u00f6s hat noch keiner nach dem Gl\u00fcck gesucht. Gernstls Reisen. Auf der Suche nach dem Gl\u00fcck, ein Film, der mich wieder und wieder l\u00e4chelnd zur\u00fcckl\u00e4sst, kopfschu\u0308ttelnd, fragend, belustigt. Ein Film zum Immer-wieder-neu-L\u00e4cheln, zum Kopfsch\u00fctteln, Stirnin-Falten-Ziehen, zum Lachen. Gabi Eichl, Vohenstrau\u00df, Oberpfalz","og_url":"https:\/\/blog.zeit.de\/zeit-der-leser\/2010\/08\/14\/auf-der-suche-nach-dem-gluck\/","og_site_name":"ZEIT der Leser","article_published_time":"2010-08-14T11:57:15+00:00","article_modified_time":"2010-10-27T12:39:50+00:00","author":"Frida Thurm","twitter_card":"summary_large_image","twitter_misc":{"Geschrieben von":"Frida Thurm"},"schema":{"@context":"https:\/\/schema.org","@graph":[{"@type":"WebPage","@id":"https:\/\/blog.zeit.de\/zeit-der-leser\/2010\/08\/14\/auf-der-suche-nach-dem-gluck\/","url":"https:\/\/blog.zeit.de\/zeit-der-leser\/2010\/08\/14\/auf-der-suche-nach-dem-gluck\/","name":"Auf der Suche nach dem Gl\u00fcck - ZEIT der Leser","isPartOf":{"@id":"https:\/\/blog.zeit.de\/zeit-der-leser\/#website"},"datePublished":"2010-08-14T11:57:15+00:00","dateModified":"2010-10-27T12:39:50+00:00","author":{"@id":"https:\/\/blog.zeit.de\/zeit-der-leser\/#\/schema\/person\/4477783f6f24d60303b090f4e92798a6"},"breadcrumb":{"@id":"https:\/\/blog.zeit.de\/zeit-der-leser\/2010\/08\/14\/auf-der-suche-nach-dem-gluck\/#breadcrumb"},"inLanguage":"de","potentialAction":[{"@type":"ReadAction","target":["https:\/\/blog.zeit.de\/zeit-der-leser\/2010\/08\/14\/auf-der-suche-nach-dem-gluck\/"]}]},{"@type":"BreadcrumbList","@id":"https:\/\/blog.zeit.de\/zeit-der-leser\/2010\/08\/14\/auf-der-suche-nach-dem-gluck\/#breadcrumb","itemListElement":[{"@type":"ListItem","position":1,"name":"Startseite","item":"https:\/\/blog.zeit.de\/zeit-der-leser\/"},{"@type":"ListItem","position":2,"name":"Auf der Suche nach dem Gl\u00fcck"}]},{"@type":"WebSite","@id":"https:\/\/blog.zeit.de\/zeit-der-leser\/#website","url":"https:\/\/blog.zeit.de\/zeit-der-leser\/","name":"ZEIT der Leser","description":"Ein Blog mit Ihren Notizen, Gedichten und Bildern f\u00fcr die gedruckte ZEIT","potentialAction":[{"@type":"SearchAction","target":{"@type":"EntryPoint","urlTemplate":"https:\/\/blog.zeit.de\/zeit-der-leser\/?s={search_term_string}"},"query-input":"required name=search_term_string"}],"inLanguage":"de"},{"@type":"Person","@id":"https:\/\/blog.zeit.de\/zeit-der-leser\/#\/schema\/person\/4477783f6f24d60303b090f4e92798a6","name":"Frida Thurm","image":{"@type":"ImageObject","inLanguage":"de","@id":"https:\/\/blog.zeit.de\/zeit-der-leser\/#\/schema\/person\/image\/","url":"https:\/\/secure.gravatar.com\/avatar\/f588c6f2f462fd1d06ebb531523718f9b0ca0e27584f0d22cb34e0cf1cf4c72e?s=96&d=mm&r=g","contentUrl":"https:\/\/secure.gravatar.com\/avatar\/f588c6f2f462fd1d06ebb531523718f9b0ca0e27584f0d22cb34e0cf1cf4c72e?s=96&d=mm&r=g","caption":"Frida Thurm"},"description":"ist Redakteurin bei ZEIT ONLINE.","url":"https:\/\/blog.zeit.de\/zeit-der-leser\/author\/frida-thurm\/"}]}},"jetpack_featured_media_url":"","jetpack_sharing_enabled":true,"_links":{"self":[{"href":"https:\/\/blog.zeit.de\/zeit-der-leser\/wp-json\/wp\/v2\/posts\/2106","targetHints":{"allow":["GET"]}}],"collection":[{"href":"https:\/\/blog.zeit.de\/zeit-der-leser\/wp-json\/wp\/v2\/posts"}],"about":[{"href":"https:\/\/blog.zeit.de\/zeit-der-leser\/wp-json\/wp\/v2\/types\/post"}],"author":[{"embeddable":true,"href":"https:\/\/blog.zeit.de\/zeit-der-leser\/wp-json\/wp\/v2\/users\/192"}],"replies":[{"embeddable":true,"href":"https:\/\/blog.zeit.de\/zeit-der-leser\/wp-json\/wp\/v2\/comments?post=2106"}],"version-history":[{"count":1,"href":"https:\/\/blog.zeit.de\/zeit-der-leser\/wp-json\/wp\/v2\/posts\/2106\/revisions"}],"predecessor-version":[{"id":2840,"href":"https:\/\/blog.zeit.de\/zeit-der-leser\/wp-json\/wp\/v2\/posts\/2106\/revisions\/2840"}],"wp:attachment":[{"href":"https:\/\/blog.zeit.de\/zeit-der-leser\/wp-json\/wp\/v2\/media?parent=2106"}],"wp:term":[{"taxonomy":"category","embeddable":true,"href":"https:\/\/blog.zeit.de\/zeit-der-leser\/wp-json\/wp\/v2\/categories?post=2106"},{"taxonomy":"post_tag","embeddable":true,"href":"https:\/\/blog.zeit.de\/zeit-der-leser\/wp-json\/wp\/v2\/tags?post=2106"}],"curies":[{"name":"wp","href":"https:\/\/api.w.org\/{rel}","templated":true}]}}