{"id":2135,"date":"2010-08-21T05:40:11","date_gmt":"2010-08-21T03:40:11","guid":{"rendered":"http:\/\/blog.zeit.de\/zeit-der-leser\/?p=2135"},"modified":"2010-08-18T15:46:11","modified_gmt":"2010-08-18T13:46:11","slug":"ruhe","status":"publish","type":"post","link":"https:\/\/blog.zeit.de\/zeit-der-leser\/2010\/08\/21\/ruhe\/","title":{"rendered":"Ruhe!"},"content":{"rendered":"<p>Die vergangene Konzertsaison hat mir begl\u00fcckende Eindr\u00fccke beschert. Getr\u00fcbt wurde das Gl\u00fcck allerdings \u2013 wieder einmal \u2013 durch Begleiterscheinungen, die mit dem Verhalten eines gro\u00dfen Teils des Publikums zu tun haben.<br \/>\nSo hebt, sobald der letzte Ton eines Satzes verklungen ist, ein ungehemmtes R\u00e4uspern, Husten und Schneuzen an, das an ein Lungensanatorium erinnert und mich, der ich gerade in \u00fcberirdischen Gefilden schwebe, unsanft auf den Boden zuru\u0308ckholt. Dieses kollektive Ritual, dessen Sinn darin zu bestehen scheint, nur ja keine Stille aufkommen<br \/>\nzu lassen zwischen den von der Partitur vorgegebenen Pausen, hat nichts zu tun mit Grippewellen oder Novembernebeln, denn es ist im gleichen Ma\u00dfe auch im Hochsommer zu beobachten. \u00c4hnlich \u00e4rgerlich ist der h\u00e4ufig unmittelbar nach dem letzten Ton eines Konzerts einsetzende Schlussapplaus, der, zusammen mit lauten<br \/>\n&#8222;Bravo&#8220;- und sonstigen Jubelrufen an die Ger\u00e4usche erinnert, die ein Torsch\u00fctze auf dem Fu\u00dfballplatz ausl\u00f6st. Immer h\u00e4ufiger sind es auch die Dirigenten, die nicht begriffen zu haben scheinen, dass zu den T\u00f6nen der Musik auch Stille geh\u00f6rt, damit das Geh\u00f6rte in Ruhe nachklingen und seine Wirkung auf Seele und Gem\u00fct entfalten kann: Noch im Schlussakkord lassen sie den Taktstock schwungvoll sinken, wenden sich abrupt von Orchester und Chor (und damit von der Musik) ab und dem Publikum zu, um in Siegerpose den st\u00fcrmischen Jubel einzufordern. Lautst\u00e4rke und Dauer des Schlussapplauses scheinen fu\u0308r viele Konzertbesucher und auch so manchen Dirigenten wichtiger zu sein, als das, was Musik in den Zuh\u00f6rern ausl\u00f6sen kann.<\/p>\n<p><em>Wolfgang Fischer, Mu\u0308nchen<\/em><\/p>\n","protected":false},"excerpt":{"rendered":"<p>Die vergangene Konzertsaison hat mir begl\u00fcckende Eindr\u00fccke beschert. Getr\u00fcbt wurde das Gl\u00fcck allerdings \u2013 wieder einmal \u2013 durch Begleiterscheinungen, die mit dem Verhalten eines gro\u00dfen Teils des Publikums zu tun haben. So hebt, sobald der letzte Ton eines Satzes verklungen ist, ein ungehemmtes R\u00e4uspern, Husten und Schneuzen an, das an ein Lungensanatorium erinnert und mich, [&hellip;]<\/p>\n","protected":false},"author":264,"featured_media":0,"comment_status":"open","ping_status":"open","sticky":false,"template":"","format":"standard","meta":{"_jetpack_memberships_contains_paid_content":false,"footnotes":""},"categories":[1869],"tags":[],"class_list":["post-2135","post","type-post","status-publish","format-standard","hentry","category-das-regt-mich-auf"],"yoast_head":"<!-- This site is optimized with the Yoast SEO plugin v21.0 - https:\/\/yoast.com\/wordpress\/plugins\/seo\/ -->\n<title>Ruhe! - ZEIT der Leser<\/title>\n<meta name=\"robots\" content=\"index, follow, max-snippet:-1, max-image-preview:large, max-video-preview:-1\" \/>\n<link rel=\"canonical\" href=\"https:\/\/blog.zeit.de\/zeit-der-leser\/2010\/08\/21\/ruhe\/\" \/>\n<meta property=\"og:locale\" content=\"de_DE\" \/>\n<meta property=\"og:type\" content=\"article\" \/>\n<meta property=\"og:title\" content=\"Ruhe! - ZEIT der Leser\" \/>\n<meta property=\"og:description\" content=\"Die vergangene Konzertsaison hat mir begl\u00fcckende Eindr\u00fccke beschert. Getr\u00fcbt wurde das Gl\u00fcck allerdings \u2013 wieder einmal \u2013 durch Begleiterscheinungen, die mit dem Verhalten eines gro\u00dfen Teils des Publikums zu tun haben. So hebt, sobald der letzte Ton eines Satzes verklungen ist, ein ungehemmtes R\u00e4uspern, Husten und Schneuzen an, das an ein Lungensanatorium erinnert und mich, [&hellip;]\" \/>\n<meta property=\"og:url\" content=\"https:\/\/blog.zeit.de\/zeit-der-leser\/2010\/08\/21\/ruhe\/\" \/>\n<meta property=\"og:site_name\" content=\"ZEIT der Leser\" \/>\n<meta property=\"article:published_time\" content=\"2010-08-21T03:40:11+00:00\" \/>\n<meta property=\"article:modified_time\" content=\"2010-08-18T13:46:11+00:00\" \/>\n<meta name=\"author\" content=\"Zeit der Leser\" \/>\n<meta name=\"twitter:card\" content=\"summary_large_image\" \/>\n<meta name=\"twitter:label1\" content=\"Geschrieben von\" \/>\n\t<meta name=\"twitter:data1\" content=\"Zeit der Leser\" \/>\n\t<meta name=\"twitter:label2\" content=\"Gesch\u00e4tzte Lesezeit\" \/>\n\t<meta name=\"twitter:data2\" content=\"1\u00a0Minute\" \/>\n<script type=\"application\/ld+json\" class=\"yoast-schema-graph\">{\"@context\":\"https:\/\/schema.org\",\"@graph\":[{\"@type\":\"WebPage\",\"@id\":\"https:\/\/blog.zeit.de\/zeit-der-leser\/2010\/08\/21\/ruhe\/\",\"url\":\"https:\/\/blog.zeit.de\/zeit-der-leser\/2010\/08\/21\/ruhe\/\",\"name\":\"Ruhe! - ZEIT der Leser\",\"isPartOf\":{\"@id\":\"https:\/\/blog.zeit.de\/zeit-der-leser\/#website\"},\"datePublished\":\"2010-08-21T03:40:11+00:00\",\"dateModified\":\"2010-08-18T13:46:11+00:00\",\"author\":{\"@id\":\"https:\/\/blog.zeit.de\/zeit-der-leser\/#\/schema\/person\/e248c7ff5a10552f6a3bd5e9385b3667\"},\"breadcrumb\":{\"@id\":\"https:\/\/blog.zeit.de\/zeit-der-leser\/2010\/08\/21\/ruhe\/#breadcrumb\"},\"inLanguage\":\"de\",\"potentialAction\":[{\"@type\":\"ReadAction\",\"target\":[\"https:\/\/blog.zeit.de\/zeit-der-leser\/2010\/08\/21\/ruhe\/\"]}]},{\"@type\":\"BreadcrumbList\",\"@id\":\"https:\/\/blog.zeit.de\/zeit-der-leser\/2010\/08\/21\/ruhe\/#breadcrumb\",\"itemListElement\":[{\"@type\":\"ListItem\",\"position\":1,\"name\":\"Startseite\",\"item\":\"https:\/\/blog.zeit.de\/zeit-der-leser\/\"},{\"@type\":\"ListItem\",\"position\":2,\"name\":\"Ruhe!\"}]},{\"@type\":\"WebSite\",\"@id\":\"https:\/\/blog.zeit.de\/zeit-der-leser\/#website\",\"url\":\"https:\/\/blog.zeit.de\/zeit-der-leser\/\",\"name\":\"ZEIT der Leser\",\"description\":\"Ein Blog mit Ihren Notizen, Gedichten und Bildern f\u00fcr die gedruckte ZEIT\",\"potentialAction\":[{\"@type\":\"SearchAction\",\"target\":{\"@type\":\"EntryPoint\",\"urlTemplate\":\"https:\/\/blog.zeit.de\/zeit-der-leser\/?s={search_term_string}\"},\"query-input\":\"required name=search_term_string\"}],\"inLanguage\":\"de\"},{\"@type\":\"Person\",\"@id\":\"https:\/\/blog.zeit.de\/zeit-der-leser\/#\/schema\/person\/e248c7ff5a10552f6a3bd5e9385b3667\",\"name\":\"Zeit der Leser\",\"image\":{\"@type\":\"ImageObject\",\"inLanguage\":\"de\",\"@id\":\"https:\/\/blog.zeit.de\/zeit-der-leser\/#\/schema\/person\/image\/\",\"url\":\"https:\/\/secure.gravatar.com\/avatar\/529bb2731085995bda6c8ba0e4da7e528ea8be4e6c7abdd217f176e2309035f6?s=96&d=mm&r=g\",\"contentUrl\":\"https:\/\/secure.gravatar.com\/avatar\/529bb2731085995bda6c8ba0e4da7e528ea8be4e6c7abdd217f176e2309035f6?s=96&d=mm&r=g\",\"caption\":\"Zeit der Leser\"},\"url\":\"https:\/\/blog.zeit.de\/zeit-der-leser\/author\/zeit-der-leser\/\"}]}<\/script>\n<!-- \/ Yoast SEO plugin. -->","yoast_head_json":{"title":"Ruhe! - ZEIT der Leser","robots":{"index":"index","follow":"follow","max-snippet":"max-snippet:-1","max-image-preview":"max-image-preview:large","max-video-preview":"max-video-preview:-1"},"canonical":"https:\/\/blog.zeit.de\/zeit-der-leser\/2010\/08\/21\/ruhe\/","og_locale":"de_DE","og_type":"article","og_title":"Ruhe! - ZEIT der Leser","og_description":"Die vergangene Konzertsaison hat mir begl\u00fcckende Eindr\u00fccke beschert. Getr\u00fcbt wurde das Gl\u00fcck allerdings \u2013 wieder einmal \u2013 durch Begleiterscheinungen, die mit dem Verhalten eines gro\u00dfen Teils des Publikums zu tun haben. So hebt, sobald der letzte Ton eines Satzes verklungen ist, ein ungehemmtes R\u00e4uspern, Husten und Schneuzen an, das an ein Lungensanatorium erinnert und mich, [&hellip;]","og_url":"https:\/\/blog.zeit.de\/zeit-der-leser\/2010\/08\/21\/ruhe\/","og_site_name":"ZEIT der Leser","article_published_time":"2010-08-21T03:40:11+00:00","article_modified_time":"2010-08-18T13:46:11+00:00","author":"Zeit der Leser","twitter_card":"summary_large_image","twitter_misc":{"Geschrieben von":"Zeit der Leser","Gesch\u00e4tzte Lesezeit":"1\u00a0Minute"},"schema":{"@context":"https:\/\/schema.org","@graph":[{"@type":"WebPage","@id":"https:\/\/blog.zeit.de\/zeit-der-leser\/2010\/08\/21\/ruhe\/","url":"https:\/\/blog.zeit.de\/zeit-der-leser\/2010\/08\/21\/ruhe\/","name":"Ruhe! - ZEIT der Leser","isPartOf":{"@id":"https:\/\/blog.zeit.de\/zeit-der-leser\/#website"},"datePublished":"2010-08-21T03:40:11+00:00","dateModified":"2010-08-18T13:46:11+00:00","author":{"@id":"https:\/\/blog.zeit.de\/zeit-der-leser\/#\/schema\/person\/e248c7ff5a10552f6a3bd5e9385b3667"},"breadcrumb":{"@id":"https:\/\/blog.zeit.de\/zeit-der-leser\/2010\/08\/21\/ruhe\/#breadcrumb"},"inLanguage":"de","potentialAction":[{"@type":"ReadAction","target":["https:\/\/blog.zeit.de\/zeit-der-leser\/2010\/08\/21\/ruhe\/"]}]},{"@type":"BreadcrumbList","@id":"https:\/\/blog.zeit.de\/zeit-der-leser\/2010\/08\/21\/ruhe\/#breadcrumb","itemListElement":[{"@type":"ListItem","position":1,"name":"Startseite","item":"https:\/\/blog.zeit.de\/zeit-der-leser\/"},{"@type":"ListItem","position":2,"name":"Ruhe!"}]},{"@type":"WebSite","@id":"https:\/\/blog.zeit.de\/zeit-der-leser\/#website","url":"https:\/\/blog.zeit.de\/zeit-der-leser\/","name":"ZEIT der Leser","description":"Ein Blog mit Ihren Notizen, Gedichten und Bildern f\u00fcr die gedruckte ZEIT","potentialAction":[{"@type":"SearchAction","target":{"@type":"EntryPoint","urlTemplate":"https:\/\/blog.zeit.de\/zeit-der-leser\/?s={search_term_string}"},"query-input":"required name=search_term_string"}],"inLanguage":"de"},{"@type":"Person","@id":"https:\/\/blog.zeit.de\/zeit-der-leser\/#\/schema\/person\/e248c7ff5a10552f6a3bd5e9385b3667","name":"Zeit der Leser","image":{"@type":"ImageObject","inLanguage":"de","@id":"https:\/\/blog.zeit.de\/zeit-der-leser\/#\/schema\/person\/image\/","url":"https:\/\/secure.gravatar.com\/avatar\/529bb2731085995bda6c8ba0e4da7e528ea8be4e6c7abdd217f176e2309035f6?s=96&d=mm&r=g","contentUrl":"https:\/\/secure.gravatar.com\/avatar\/529bb2731085995bda6c8ba0e4da7e528ea8be4e6c7abdd217f176e2309035f6?s=96&d=mm&r=g","caption":"Zeit der Leser"},"url":"https:\/\/blog.zeit.de\/zeit-der-leser\/author\/zeit-der-leser\/"}]}},"jetpack_featured_media_url":"","jetpack_sharing_enabled":true,"_links":{"self":[{"href":"https:\/\/blog.zeit.de\/zeit-der-leser\/wp-json\/wp\/v2\/posts\/2135","targetHints":{"allow":["GET"]}}],"collection":[{"href":"https:\/\/blog.zeit.de\/zeit-der-leser\/wp-json\/wp\/v2\/posts"}],"about":[{"href":"https:\/\/blog.zeit.de\/zeit-der-leser\/wp-json\/wp\/v2\/types\/post"}],"author":[{"embeddable":true,"href":"https:\/\/blog.zeit.de\/zeit-der-leser\/wp-json\/wp\/v2\/users\/264"}],"replies":[{"embeddable":true,"href":"https:\/\/blog.zeit.de\/zeit-der-leser\/wp-json\/wp\/v2\/comments?post=2135"}],"version-history":[{"count":0,"href":"https:\/\/blog.zeit.de\/zeit-der-leser\/wp-json\/wp\/v2\/posts\/2135\/revisions"}],"wp:attachment":[{"href":"https:\/\/blog.zeit.de\/zeit-der-leser\/wp-json\/wp\/v2\/media?parent=2135"}],"wp:term":[{"taxonomy":"category","embeddable":true,"href":"https:\/\/blog.zeit.de\/zeit-der-leser\/wp-json\/wp\/v2\/categories?post=2135"},{"taxonomy":"post_tag","embeddable":true,"href":"https:\/\/blog.zeit.de\/zeit-der-leser\/wp-json\/wp\/v2\/tags?post=2135"}],"curies":[{"name":"wp","href":"https:\/\/api.w.org\/{rel}","templated":true}]}}