{"id":2144,"date":"2010-08-22T15:49:37","date_gmt":"2010-08-22T13:49:37","guid":{"rendered":"http:\/\/blog.zeit.de\/zeit-der-leser\/?p=2144"},"modified":"2010-08-23T11:01:40","modified_gmt":"2010-08-23T09:01:40","slug":"harte-arbeit-trotzdem-glucklich","status":"publish","type":"post","link":"https:\/\/blog.zeit.de\/zeit-der-leser\/2010\/08\/22\/harte-arbeit-trotzdem-glucklich\/","title":{"rendered":"Harte Arbeit, trotzdem gl\u00fccklich"},"content":{"rendered":"<p>Samstagmorgen, den Nacken noch steif vom Sich-\u00fcber-die-B\u00fccher-Beugen, eigentlich viel zu m\u00fcde und in Gedanken schon bei der n\u00e4chsten Klausur, betreten wir einen Raum, in dem, obwohl es drau\u00dfen regnet, die Sonne aufgeht. Zwanzig Gesichter strahlen uns an: zwanzig Freunde beim ersten Planungstreffen fu\u0308r ein UN-Planspiel f\u00fcr 400 Schu\u0308ler im n\u00e4chsten Jahr. Freunde aus der ganzen Republik, verbunden durch die gemeinsame Aufgabe, die zusammen organisieren, lachen, diskutieren und sich die N\u00e4chte um die Ohren schlagen. Freunde, bei denen man sich zu Hause f\u00fchlt und die wie wir Gesellschaft gestalten wollen. Wir wissen, dass auf uns ein Jahr voller Aufgaben wartet. Aber k\u00f6nnten wir diese Zeit erf\u00fcllender nutzen?<\/p>\n<p><em>Marthe Ketels und Anna Sch\u00fcler, Stuttgart<\/em><\/p>\n","protected":false},"excerpt":{"rendered":"<p>Samstagmorgen, den Nacken noch steif vom Sich-\u00fcber-die-B\u00fccher-Beugen, eigentlich viel zu m\u00fcde und in Gedanken schon bei der n\u00e4chsten Klausur, betreten wir einen Raum, in dem, obwohl es drau\u00dfen regnet, die Sonne aufgeht. Zwanzig Gesichter strahlen uns an: zwanzig Freunde beim ersten Planungstreffen fu\u0308r ein UN-Planspiel f\u00fcr 400 Schu\u0308ler im n\u00e4chsten Jahr. Freunde aus der ganzen [&hellip;]<\/p>\n","protected":false},"author":264,"featured_media":0,"comment_status":"open","ping_status":"open","sticky":false,"template":"","format":"standard","meta":{"_jetpack_memberships_contains_paid_content":false,"footnotes":""},"categories":[1871],"tags":[],"class_list":["post-2144","post","type-post","status-publish","format-standard","hentry","category-was-mein-leben-reicher-macht"],"yoast_head":"<!-- This site is optimized with the Yoast SEO plugin v21.0 - https:\/\/yoast.com\/wordpress\/plugins\/seo\/ -->\n<title>Harte Arbeit, trotzdem gl\u00fccklich - ZEIT der Leser<\/title>\n<meta name=\"robots\" content=\"index, follow, max-snippet:-1, max-image-preview:large, max-video-preview:-1\" \/>\n<link rel=\"canonical\" href=\"https:\/\/blog.zeit.de\/zeit-der-leser\/2010\/08\/22\/harte-arbeit-trotzdem-glucklich\/\" \/>\n<meta property=\"og:locale\" content=\"de_DE\" \/>\n<meta property=\"og:type\" content=\"article\" \/>\n<meta property=\"og:title\" content=\"Harte Arbeit, trotzdem gl\u00fccklich - ZEIT der Leser\" \/>\n<meta property=\"og:description\" content=\"Samstagmorgen, den Nacken noch steif vom Sich-\u00fcber-die-B\u00fccher-Beugen, eigentlich viel zu m\u00fcde und in Gedanken schon bei der n\u00e4chsten Klausur, betreten wir einen Raum, in dem, obwohl es drau\u00dfen regnet, die Sonne aufgeht. Zwanzig Gesichter strahlen uns an: zwanzig Freunde beim ersten Planungstreffen fu\u0308r ein UN-Planspiel f\u00fcr 400 Schu\u0308ler im n\u00e4chsten Jahr. Freunde aus der ganzen [&hellip;]\" \/>\n<meta property=\"og:url\" content=\"https:\/\/blog.zeit.de\/zeit-der-leser\/2010\/08\/22\/harte-arbeit-trotzdem-glucklich\/\" \/>\n<meta property=\"og:site_name\" content=\"ZEIT der Leser\" \/>\n<meta property=\"article:published_time\" content=\"2010-08-22T13:49:37+00:00\" \/>\n<meta property=\"article:modified_time\" content=\"2010-08-23T09:01:40+00:00\" \/>\n<meta name=\"author\" content=\"Zeit der Leser\" \/>\n<meta name=\"twitter:card\" content=\"summary_large_image\" \/>\n<meta name=\"twitter:label1\" content=\"Geschrieben von\" \/>\n\t<meta name=\"twitter:data1\" content=\"Zeit der Leser\" \/>\n\t<meta name=\"twitter:label2\" content=\"Gesch\u00e4tzte Lesezeit\" \/>\n\t<meta name=\"twitter:data2\" content=\"1\u00a0Minute\" \/>\n<script type=\"application\/ld+json\" class=\"yoast-schema-graph\">{\"@context\":\"https:\/\/schema.org\",\"@graph\":[{\"@type\":\"WebPage\",\"@id\":\"https:\/\/blog.zeit.de\/zeit-der-leser\/2010\/08\/22\/harte-arbeit-trotzdem-glucklich\/\",\"url\":\"https:\/\/blog.zeit.de\/zeit-der-leser\/2010\/08\/22\/harte-arbeit-trotzdem-glucklich\/\",\"name\":\"Harte Arbeit, trotzdem gl\u00fccklich - ZEIT der Leser\",\"isPartOf\":{\"@id\":\"https:\/\/blog.zeit.de\/zeit-der-leser\/#website\"},\"datePublished\":\"2010-08-22T13:49:37+00:00\",\"dateModified\":\"2010-08-23T09:01:40+00:00\",\"author\":{\"@id\":\"https:\/\/blog.zeit.de\/zeit-der-leser\/#\/schema\/person\/e248c7ff5a10552f6a3bd5e9385b3667\"},\"breadcrumb\":{\"@id\":\"https:\/\/blog.zeit.de\/zeit-der-leser\/2010\/08\/22\/harte-arbeit-trotzdem-glucklich\/#breadcrumb\"},\"inLanguage\":\"de\",\"potentialAction\":[{\"@type\":\"ReadAction\",\"target\":[\"https:\/\/blog.zeit.de\/zeit-der-leser\/2010\/08\/22\/harte-arbeit-trotzdem-glucklich\/\"]}]},{\"@type\":\"BreadcrumbList\",\"@id\":\"https:\/\/blog.zeit.de\/zeit-der-leser\/2010\/08\/22\/harte-arbeit-trotzdem-glucklich\/#breadcrumb\",\"itemListElement\":[{\"@type\":\"ListItem\",\"position\":1,\"name\":\"Startseite\",\"item\":\"https:\/\/blog.zeit.de\/zeit-der-leser\/\"},{\"@type\":\"ListItem\",\"position\":2,\"name\":\"Harte Arbeit, trotzdem gl\u00fccklich\"}]},{\"@type\":\"WebSite\",\"@id\":\"https:\/\/blog.zeit.de\/zeit-der-leser\/#website\",\"url\":\"https:\/\/blog.zeit.de\/zeit-der-leser\/\",\"name\":\"ZEIT der Leser\",\"description\":\"Ein Blog mit Ihren Notizen, Gedichten und Bildern f\u00fcr die gedruckte ZEIT\",\"potentialAction\":[{\"@type\":\"SearchAction\",\"target\":{\"@type\":\"EntryPoint\",\"urlTemplate\":\"https:\/\/blog.zeit.de\/zeit-der-leser\/?s={search_term_string}\"},\"query-input\":\"required name=search_term_string\"}],\"inLanguage\":\"de\"},{\"@type\":\"Person\",\"@id\":\"https:\/\/blog.zeit.de\/zeit-der-leser\/#\/schema\/person\/e248c7ff5a10552f6a3bd5e9385b3667\",\"name\":\"Zeit der Leser\",\"image\":{\"@type\":\"ImageObject\",\"inLanguage\":\"de\",\"@id\":\"https:\/\/blog.zeit.de\/zeit-der-leser\/#\/schema\/person\/image\/\",\"url\":\"https:\/\/secure.gravatar.com\/avatar\/529bb2731085995bda6c8ba0e4da7e528ea8be4e6c7abdd217f176e2309035f6?s=96&d=mm&r=g\",\"contentUrl\":\"https:\/\/secure.gravatar.com\/avatar\/529bb2731085995bda6c8ba0e4da7e528ea8be4e6c7abdd217f176e2309035f6?s=96&d=mm&r=g\",\"caption\":\"Zeit der Leser\"},\"url\":\"https:\/\/blog.zeit.de\/zeit-der-leser\/author\/zeit-der-leser\/\"}]}<\/script>\n<!-- \/ Yoast SEO plugin. -->","yoast_head_json":{"title":"Harte Arbeit, trotzdem gl\u00fccklich - ZEIT der Leser","robots":{"index":"index","follow":"follow","max-snippet":"max-snippet:-1","max-image-preview":"max-image-preview:large","max-video-preview":"max-video-preview:-1"},"canonical":"https:\/\/blog.zeit.de\/zeit-der-leser\/2010\/08\/22\/harte-arbeit-trotzdem-glucklich\/","og_locale":"de_DE","og_type":"article","og_title":"Harte Arbeit, trotzdem gl\u00fccklich - ZEIT der Leser","og_description":"Samstagmorgen, den Nacken noch steif vom Sich-\u00fcber-die-B\u00fccher-Beugen, eigentlich viel zu m\u00fcde und in Gedanken schon bei der n\u00e4chsten Klausur, betreten wir einen Raum, in dem, obwohl es drau\u00dfen regnet, die Sonne aufgeht. Zwanzig Gesichter strahlen uns an: zwanzig Freunde beim ersten Planungstreffen fu\u0308r ein UN-Planspiel f\u00fcr 400 Schu\u0308ler im n\u00e4chsten Jahr. Freunde aus der ganzen [&hellip;]","og_url":"https:\/\/blog.zeit.de\/zeit-der-leser\/2010\/08\/22\/harte-arbeit-trotzdem-glucklich\/","og_site_name":"ZEIT der Leser","article_published_time":"2010-08-22T13:49:37+00:00","article_modified_time":"2010-08-23T09:01:40+00:00","author":"Zeit der Leser","twitter_card":"summary_large_image","twitter_misc":{"Geschrieben von":"Zeit der Leser","Gesch\u00e4tzte Lesezeit":"1\u00a0Minute"},"schema":{"@context":"https:\/\/schema.org","@graph":[{"@type":"WebPage","@id":"https:\/\/blog.zeit.de\/zeit-der-leser\/2010\/08\/22\/harte-arbeit-trotzdem-glucklich\/","url":"https:\/\/blog.zeit.de\/zeit-der-leser\/2010\/08\/22\/harte-arbeit-trotzdem-glucklich\/","name":"Harte Arbeit, trotzdem gl\u00fccklich - ZEIT der Leser","isPartOf":{"@id":"https:\/\/blog.zeit.de\/zeit-der-leser\/#website"},"datePublished":"2010-08-22T13:49:37+00:00","dateModified":"2010-08-23T09:01:40+00:00","author":{"@id":"https:\/\/blog.zeit.de\/zeit-der-leser\/#\/schema\/person\/e248c7ff5a10552f6a3bd5e9385b3667"},"breadcrumb":{"@id":"https:\/\/blog.zeit.de\/zeit-der-leser\/2010\/08\/22\/harte-arbeit-trotzdem-glucklich\/#breadcrumb"},"inLanguage":"de","potentialAction":[{"@type":"ReadAction","target":["https:\/\/blog.zeit.de\/zeit-der-leser\/2010\/08\/22\/harte-arbeit-trotzdem-glucklich\/"]}]},{"@type":"BreadcrumbList","@id":"https:\/\/blog.zeit.de\/zeit-der-leser\/2010\/08\/22\/harte-arbeit-trotzdem-glucklich\/#breadcrumb","itemListElement":[{"@type":"ListItem","position":1,"name":"Startseite","item":"https:\/\/blog.zeit.de\/zeit-der-leser\/"},{"@type":"ListItem","position":2,"name":"Harte Arbeit, trotzdem gl\u00fccklich"}]},{"@type":"WebSite","@id":"https:\/\/blog.zeit.de\/zeit-der-leser\/#website","url":"https:\/\/blog.zeit.de\/zeit-der-leser\/","name":"ZEIT der Leser","description":"Ein Blog mit Ihren Notizen, Gedichten und Bildern f\u00fcr die gedruckte ZEIT","potentialAction":[{"@type":"SearchAction","target":{"@type":"EntryPoint","urlTemplate":"https:\/\/blog.zeit.de\/zeit-der-leser\/?s={search_term_string}"},"query-input":"required name=search_term_string"}],"inLanguage":"de"},{"@type":"Person","@id":"https:\/\/blog.zeit.de\/zeit-der-leser\/#\/schema\/person\/e248c7ff5a10552f6a3bd5e9385b3667","name":"Zeit der Leser","image":{"@type":"ImageObject","inLanguage":"de","@id":"https:\/\/blog.zeit.de\/zeit-der-leser\/#\/schema\/person\/image\/","url":"https:\/\/secure.gravatar.com\/avatar\/529bb2731085995bda6c8ba0e4da7e528ea8be4e6c7abdd217f176e2309035f6?s=96&d=mm&r=g","contentUrl":"https:\/\/secure.gravatar.com\/avatar\/529bb2731085995bda6c8ba0e4da7e528ea8be4e6c7abdd217f176e2309035f6?s=96&d=mm&r=g","caption":"Zeit der Leser"},"url":"https:\/\/blog.zeit.de\/zeit-der-leser\/author\/zeit-der-leser\/"}]}},"jetpack_featured_media_url":"","jetpack_sharing_enabled":true,"_links":{"self":[{"href":"https:\/\/blog.zeit.de\/zeit-der-leser\/wp-json\/wp\/v2\/posts\/2144","targetHints":{"allow":["GET"]}}],"collection":[{"href":"https:\/\/blog.zeit.de\/zeit-der-leser\/wp-json\/wp\/v2\/posts"}],"about":[{"href":"https:\/\/blog.zeit.de\/zeit-der-leser\/wp-json\/wp\/v2\/types\/post"}],"author":[{"embeddable":true,"href":"https:\/\/blog.zeit.de\/zeit-der-leser\/wp-json\/wp\/v2\/users\/264"}],"replies":[{"embeddable":true,"href":"https:\/\/blog.zeit.de\/zeit-der-leser\/wp-json\/wp\/v2\/comments?post=2144"}],"version-history":[{"count":0,"href":"https:\/\/blog.zeit.de\/zeit-der-leser\/wp-json\/wp\/v2\/posts\/2144\/revisions"}],"wp:attachment":[{"href":"https:\/\/blog.zeit.de\/zeit-der-leser\/wp-json\/wp\/v2\/media?parent=2144"}],"wp:term":[{"taxonomy":"category","embeddable":true,"href":"https:\/\/blog.zeit.de\/zeit-der-leser\/wp-json\/wp\/v2\/categories?post=2144"},{"taxonomy":"post_tag","embeddable":true,"href":"https:\/\/blog.zeit.de\/zeit-der-leser\/wp-json\/wp\/v2\/tags?post=2144"}],"curies":[{"name":"wp","href":"https:\/\/api.w.org\/{rel}","templated":true}]}}