{"id":2149,"date":"2010-08-23T13:00:03","date_gmt":"2010-08-23T11:00:03","guid":{"rendered":"http:\/\/blog.zeit.de\/zeit-der-leser\/?p=2149"},"modified":"2010-08-25T11:27:08","modified_gmt":"2010-08-25T09:27:08","slug":"abschied-von-der-forderklasse","status":"publish","type":"post","link":"https:\/\/blog.zeit.de\/zeit-der-leser\/2010\/08\/23\/abschied-von-der-forderklasse\/","title":{"rendered":"Abschied von der F\u00f6rderklasse"},"content":{"rendered":"<p>34 Jahre lang war ich Lehrer an einer F\u00f6rderschule. Seit zwei Wochen bin ich Pension\u00e4r. Am letzten Schultag durfte jedes Kind etwas fragen oder einen Wunsch aussprechen. Alwin, der sich daran erinnerte, wie ich an jedem Dreik\u00f6nigstag meine Kinder verkleidet hatte und mit ihnen samt Weihrauchfass und Kreide von Klasse zu Klasse gezogen war, wusste auch, dass ich k\u00fcnftig ehrenamtlich in einer Justizvollzugsanstalt arbeiten werde. &#8222;Wirst du die Gefangenen im Knast auch als Dreik\u00f6nige verkleiden und mit ihnen von T\u00fcr zu T\u00fcr ziehen?&#8220;, fragte er. Da habe ich gesp\u00fcrt, wie ich feuchte Augen bekam.<\/p>\n<p><em>Albrecht Tangerding, Rottendorf, Unterfranken<\/em><\/p>\n","protected":false},"excerpt":{"rendered":"<p>34 Jahre lang war ich Lehrer an einer F\u00f6rderschule. Seit zwei Wochen bin ich Pension\u00e4r. Am letzten Schultag durfte jedes Kind etwas fragen oder einen Wunsch aussprechen. Alwin, der sich daran erinnerte, wie ich an jedem Dreik\u00f6nigstag meine Kinder verkleidet hatte und mit ihnen samt Weihrauchfass und Kreide von Klasse zu Klasse gezogen war, wusste [&hellip;]<\/p>\n","protected":false},"author":264,"featured_media":0,"comment_status":"open","ping_status":"open","sticky":false,"template":"","format":"standard","meta":{"_jetpack_memberships_contains_paid_content":false,"footnotes":""},"categories":[1871],"tags":[],"class_list":["post-2149","post","type-post","status-publish","format-standard","hentry","category-was-mein-leben-reicher-macht"],"yoast_head":"<!-- This site is optimized with the Yoast SEO plugin v21.0 - https:\/\/yoast.com\/wordpress\/plugins\/seo\/ -->\n<title>Abschied von der F\u00f6rderklasse - ZEIT der Leser<\/title>\n<meta name=\"robots\" content=\"index, follow, max-snippet:-1, max-image-preview:large, max-video-preview:-1\" \/>\n<link rel=\"canonical\" href=\"https:\/\/blog.zeit.de\/zeit-der-leser\/2010\/08\/23\/abschied-von-der-forderklasse\/\" \/>\n<meta property=\"og:locale\" content=\"de_DE\" \/>\n<meta property=\"og:type\" content=\"article\" \/>\n<meta property=\"og:title\" content=\"Abschied von der F\u00f6rderklasse - ZEIT der Leser\" \/>\n<meta property=\"og:description\" content=\"34 Jahre lang war ich Lehrer an einer F\u00f6rderschule. Seit zwei Wochen bin ich Pension\u00e4r. Am letzten Schultag durfte jedes Kind etwas fragen oder einen Wunsch aussprechen. Alwin, der sich daran erinnerte, wie ich an jedem Dreik\u00f6nigstag meine Kinder verkleidet hatte und mit ihnen samt Weihrauchfass und Kreide von Klasse zu Klasse gezogen war, wusste [&hellip;]\" \/>\n<meta property=\"og:url\" content=\"https:\/\/blog.zeit.de\/zeit-der-leser\/2010\/08\/23\/abschied-von-der-forderklasse\/\" \/>\n<meta property=\"og:site_name\" content=\"ZEIT der Leser\" \/>\n<meta property=\"article:published_time\" content=\"2010-08-23T11:00:03+00:00\" \/>\n<meta property=\"article:modified_time\" content=\"2010-08-25T09:27:08+00:00\" \/>\n<meta name=\"author\" content=\"Zeit der Leser\" \/>\n<meta name=\"twitter:card\" content=\"summary_large_image\" \/>\n<meta name=\"twitter:label1\" content=\"Geschrieben von\" \/>\n\t<meta name=\"twitter:data1\" content=\"Zeit der Leser\" \/>\n\t<meta name=\"twitter:label2\" content=\"Gesch\u00e4tzte Lesezeit\" \/>\n\t<meta name=\"twitter:data2\" content=\"1\u00a0Minute\" \/>\n<script type=\"application\/ld+json\" class=\"yoast-schema-graph\">{\"@context\":\"https:\/\/schema.org\",\"@graph\":[{\"@type\":\"WebPage\",\"@id\":\"https:\/\/blog.zeit.de\/zeit-der-leser\/2010\/08\/23\/abschied-von-der-forderklasse\/\",\"url\":\"https:\/\/blog.zeit.de\/zeit-der-leser\/2010\/08\/23\/abschied-von-der-forderklasse\/\",\"name\":\"Abschied von der F\u00f6rderklasse - ZEIT der Leser\",\"isPartOf\":{\"@id\":\"https:\/\/blog.zeit.de\/zeit-der-leser\/#website\"},\"datePublished\":\"2010-08-23T11:00:03+00:00\",\"dateModified\":\"2010-08-25T09:27:08+00:00\",\"author\":{\"@id\":\"https:\/\/blog.zeit.de\/zeit-der-leser\/#\/schema\/person\/e248c7ff5a10552f6a3bd5e9385b3667\"},\"breadcrumb\":{\"@id\":\"https:\/\/blog.zeit.de\/zeit-der-leser\/2010\/08\/23\/abschied-von-der-forderklasse\/#breadcrumb\"},\"inLanguage\":\"de\",\"potentialAction\":[{\"@type\":\"ReadAction\",\"target\":[\"https:\/\/blog.zeit.de\/zeit-der-leser\/2010\/08\/23\/abschied-von-der-forderklasse\/\"]}]},{\"@type\":\"BreadcrumbList\",\"@id\":\"https:\/\/blog.zeit.de\/zeit-der-leser\/2010\/08\/23\/abschied-von-der-forderklasse\/#breadcrumb\",\"itemListElement\":[{\"@type\":\"ListItem\",\"position\":1,\"name\":\"Startseite\",\"item\":\"https:\/\/blog.zeit.de\/zeit-der-leser\/\"},{\"@type\":\"ListItem\",\"position\":2,\"name\":\"Abschied von der F\u00f6rderklasse\"}]},{\"@type\":\"WebSite\",\"@id\":\"https:\/\/blog.zeit.de\/zeit-der-leser\/#website\",\"url\":\"https:\/\/blog.zeit.de\/zeit-der-leser\/\",\"name\":\"ZEIT der Leser\",\"description\":\"Ein Blog mit Ihren Notizen, Gedichten und Bildern f\u00fcr die gedruckte ZEIT\",\"potentialAction\":[{\"@type\":\"SearchAction\",\"target\":{\"@type\":\"EntryPoint\",\"urlTemplate\":\"https:\/\/blog.zeit.de\/zeit-der-leser\/?s={search_term_string}\"},\"query-input\":\"required name=search_term_string\"}],\"inLanguage\":\"de\"},{\"@type\":\"Person\",\"@id\":\"https:\/\/blog.zeit.de\/zeit-der-leser\/#\/schema\/person\/e248c7ff5a10552f6a3bd5e9385b3667\",\"name\":\"Zeit der Leser\",\"image\":{\"@type\":\"ImageObject\",\"inLanguage\":\"de\",\"@id\":\"https:\/\/blog.zeit.de\/zeit-der-leser\/#\/schema\/person\/image\/\",\"url\":\"https:\/\/secure.gravatar.com\/avatar\/529bb2731085995bda6c8ba0e4da7e528ea8be4e6c7abdd217f176e2309035f6?s=96&d=mm&r=g\",\"contentUrl\":\"https:\/\/secure.gravatar.com\/avatar\/529bb2731085995bda6c8ba0e4da7e528ea8be4e6c7abdd217f176e2309035f6?s=96&d=mm&r=g\",\"caption\":\"Zeit der Leser\"},\"url\":\"https:\/\/blog.zeit.de\/zeit-der-leser\/author\/zeit-der-leser\/\"}]}<\/script>\n<!-- \/ Yoast SEO plugin. -->","yoast_head_json":{"title":"Abschied von der F\u00f6rderklasse - ZEIT der Leser","robots":{"index":"index","follow":"follow","max-snippet":"max-snippet:-1","max-image-preview":"max-image-preview:large","max-video-preview":"max-video-preview:-1"},"canonical":"https:\/\/blog.zeit.de\/zeit-der-leser\/2010\/08\/23\/abschied-von-der-forderklasse\/","og_locale":"de_DE","og_type":"article","og_title":"Abschied von der F\u00f6rderklasse - ZEIT der Leser","og_description":"34 Jahre lang war ich Lehrer an einer F\u00f6rderschule. Seit zwei Wochen bin ich Pension\u00e4r. Am letzten Schultag durfte jedes Kind etwas fragen oder einen Wunsch aussprechen. Alwin, der sich daran erinnerte, wie ich an jedem Dreik\u00f6nigstag meine Kinder verkleidet hatte und mit ihnen samt Weihrauchfass und Kreide von Klasse zu Klasse gezogen war, wusste [&hellip;]","og_url":"https:\/\/blog.zeit.de\/zeit-der-leser\/2010\/08\/23\/abschied-von-der-forderklasse\/","og_site_name":"ZEIT der Leser","article_published_time":"2010-08-23T11:00:03+00:00","article_modified_time":"2010-08-25T09:27:08+00:00","author":"Zeit der Leser","twitter_card":"summary_large_image","twitter_misc":{"Geschrieben von":"Zeit der Leser","Gesch\u00e4tzte Lesezeit":"1\u00a0Minute"},"schema":{"@context":"https:\/\/schema.org","@graph":[{"@type":"WebPage","@id":"https:\/\/blog.zeit.de\/zeit-der-leser\/2010\/08\/23\/abschied-von-der-forderklasse\/","url":"https:\/\/blog.zeit.de\/zeit-der-leser\/2010\/08\/23\/abschied-von-der-forderklasse\/","name":"Abschied von der F\u00f6rderklasse - ZEIT der Leser","isPartOf":{"@id":"https:\/\/blog.zeit.de\/zeit-der-leser\/#website"},"datePublished":"2010-08-23T11:00:03+00:00","dateModified":"2010-08-25T09:27:08+00:00","author":{"@id":"https:\/\/blog.zeit.de\/zeit-der-leser\/#\/schema\/person\/e248c7ff5a10552f6a3bd5e9385b3667"},"breadcrumb":{"@id":"https:\/\/blog.zeit.de\/zeit-der-leser\/2010\/08\/23\/abschied-von-der-forderklasse\/#breadcrumb"},"inLanguage":"de","potentialAction":[{"@type":"ReadAction","target":["https:\/\/blog.zeit.de\/zeit-der-leser\/2010\/08\/23\/abschied-von-der-forderklasse\/"]}]},{"@type":"BreadcrumbList","@id":"https:\/\/blog.zeit.de\/zeit-der-leser\/2010\/08\/23\/abschied-von-der-forderklasse\/#breadcrumb","itemListElement":[{"@type":"ListItem","position":1,"name":"Startseite","item":"https:\/\/blog.zeit.de\/zeit-der-leser\/"},{"@type":"ListItem","position":2,"name":"Abschied von der F\u00f6rderklasse"}]},{"@type":"WebSite","@id":"https:\/\/blog.zeit.de\/zeit-der-leser\/#website","url":"https:\/\/blog.zeit.de\/zeit-der-leser\/","name":"ZEIT der Leser","description":"Ein Blog mit Ihren Notizen, Gedichten und Bildern f\u00fcr die gedruckte ZEIT","potentialAction":[{"@type":"SearchAction","target":{"@type":"EntryPoint","urlTemplate":"https:\/\/blog.zeit.de\/zeit-der-leser\/?s={search_term_string}"},"query-input":"required name=search_term_string"}],"inLanguage":"de"},{"@type":"Person","@id":"https:\/\/blog.zeit.de\/zeit-der-leser\/#\/schema\/person\/e248c7ff5a10552f6a3bd5e9385b3667","name":"Zeit der Leser","image":{"@type":"ImageObject","inLanguage":"de","@id":"https:\/\/blog.zeit.de\/zeit-der-leser\/#\/schema\/person\/image\/","url":"https:\/\/secure.gravatar.com\/avatar\/529bb2731085995bda6c8ba0e4da7e528ea8be4e6c7abdd217f176e2309035f6?s=96&d=mm&r=g","contentUrl":"https:\/\/secure.gravatar.com\/avatar\/529bb2731085995bda6c8ba0e4da7e528ea8be4e6c7abdd217f176e2309035f6?s=96&d=mm&r=g","caption":"Zeit der Leser"},"url":"https:\/\/blog.zeit.de\/zeit-der-leser\/author\/zeit-der-leser\/"}]}},"jetpack_featured_media_url":"","jetpack_sharing_enabled":true,"_links":{"self":[{"href":"https:\/\/blog.zeit.de\/zeit-der-leser\/wp-json\/wp\/v2\/posts\/2149","targetHints":{"allow":["GET"]}}],"collection":[{"href":"https:\/\/blog.zeit.de\/zeit-der-leser\/wp-json\/wp\/v2\/posts"}],"about":[{"href":"https:\/\/blog.zeit.de\/zeit-der-leser\/wp-json\/wp\/v2\/types\/post"}],"author":[{"embeddable":true,"href":"https:\/\/blog.zeit.de\/zeit-der-leser\/wp-json\/wp\/v2\/users\/264"}],"replies":[{"embeddable":true,"href":"https:\/\/blog.zeit.de\/zeit-der-leser\/wp-json\/wp\/v2\/comments?post=2149"}],"version-history":[{"count":0,"href":"https:\/\/blog.zeit.de\/zeit-der-leser\/wp-json\/wp\/v2\/posts\/2149\/revisions"}],"wp:attachment":[{"href":"https:\/\/blog.zeit.de\/zeit-der-leser\/wp-json\/wp\/v2\/media?parent=2149"}],"wp:term":[{"taxonomy":"category","embeddable":true,"href":"https:\/\/blog.zeit.de\/zeit-der-leser\/wp-json\/wp\/v2\/categories?post=2149"},{"taxonomy":"post_tag","embeddable":true,"href":"https:\/\/blog.zeit.de\/zeit-der-leser\/wp-json\/wp\/v2\/tags?post=2149"}],"curies":[{"name":"wp","href":"https:\/\/api.w.org\/{rel}","templated":true}]}}