{"id":2178,"date":"2010-08-25T12:44:25","date_gmt":"2010-08-25T10:44:25","guid":{"rendered":"http:\/\/blog.zeit.de\/zeit-der-leser\/?p=2178"},"modified":"2010-08-25T12:44:25","modified_gmt":"2010-08-25T10:44:25","slug":"so-schon-wie-hier-kanns-im-himmel-gar-nicht-sein","status":"publish","type":"post","link":"https:\/\/blog.zeit.de\/zeit-der-leser\/2010\/08\/25\/so-schon-wie-hier-kanns-im-himmel-gar-nicht-sein\/","title":{"rendered":"&#8222;So sch\u00f6n wie hier kann&#8217;s im Himmel gar nicht sein&#8220;"},"content":{"rendered":"<p>Christoph Schlingensief, gestorben im Alter von 49 Jahren, war Regisseur f\u00fcr Film und Theater, K\u00fcnstler, Autor und lungenkrebskrank. Vor \u00fcber einem Jahr wird sein linker Lungenfl\u00fcgel entfernt. Er macht sich Hoffnungen. Kurz darauf entstehen neue Metastasen im rechten. Er wei\u00df, dass sein Leben nur noch von kurzer Dauer ist.<\/p>\n<p>Schlingensief aber, nun stark geschw\u00e4cht, arbeitet weiter: Er hat noch gro\u00dfe Pl\u00e4ne. Er will noch nicht sterben! 2009 erscheint das Buch &#8222;So sch\u00f6n wie hier kanns im Himmel gar nicht sein! &#8211; Tagebuch einer Krebserkrankung&#8220;. In diesem berichtet er von der Suche nach sich selbst, von Liebe, von dem Gedanken an das, was nach dem Tod kommt, aber auch von ganz allt\u00e4glichen Dingen aus seinem Leben. Er forscht nach seiner Vergangenheit und schmiedet aus den gefundenen Erfahrungen und Eindr\u00fccken von sich selbst und der Welt Pl\u00e4ne f\u00fcr die Zukunft. Er denkt an Kinder und tr\u00e4umt von einem Festspielhaus in Afrika, einer Krankenstation, einer Schule. Er will etwas Konkretes, etwas N\u00fctzliches, etwas schaffen. Die Sinnfrage stellt sich. Was hat er erreicht, wie hat er gelebt und was hat noch Bedeutung?<\/p>\n<p>Alles steht f\u00fcr ihn in einem v\u00f6llig neuen Kontext. Wieso gibt er nicht auf, wieso findet er sich nicht mit seinem Schicksal ab, und nutzt k\u00e4mpferisch jeden verbleibenden Augenblick? Wahrscheinlich kann man erst in einer solchen Lage die wirklich wichtigen Dinge des Lebens von denen, die unwichtig sind, unterscheiden. Resignieren, kapitulieren und dann, regungslos das Ende abwarten, ist keine Option! F\u00fcr ihn ist die Krankheit auf alle F\u00e4lle sch\u00f6ner als der Tod! Jeder verbleibende Tag, jede verbleibendende Stunde, nein, jede Sekunde muss genutzt werden! Auf einmal geht alles viel zu schnell. Die Sehnsucht nach dem  Alltag, nach dem normalen Leben. Was ist wichtig? Was nicht? Kann man durch Selbstmord autonom bleiben, seine W\u00fcrde wahren? Was kommt danach? &#8211; Fragen stellen sich im \u00dcberfluss. So wird die Erkrankung auch zur Chance.<\/p>\n<p>&#8222;So sch\u00f6n wie hier kanns im Himmel gar nicht sein&#8220; ist eine Kampfansage, die keinen Widerstand duldet. Es interessiert Schlingensief nicht, was sp\u00e4ter kommt. Er will sich nicht an einen Wunsch oder einen Traum klammern. Im Angesicht des Todes kann sich niemand ernsthaft an irgendwelchen Ungewissheiten festhalten. Illusionen und Ausmalungen sind oberfl\u00e4chlich und einfach zu banal. Man lebt hier und jetzt und wahrscheinlich nur einmal! Und wer wirklich schlau ist, macht sich sowieso keine Sorgen \u00fcber Dinge, die er weder voraussehen noch ver\u00e4ndern kann. Daher wei\u00df jeder, auch Schlingensief, tief in seinem Innern, dass es endg\u00fcltig vorbei ist. Man kann nichts mitnehmen, man hat nicht mehr die Freiheit zu entscheiden.<br \/>\nDas ist der Unterschied von Leben und Tod, zwischen Erde und Himmel. <\/p>\n<p>Christoph Schlingensief wurde erleuchtet. Zu einem hohen Preis, doch auch mit gro\u00dfem Gewinn. Er hinterl\u00e4sst eine Spur, weil er \u00fcber das redet, was sonst verborgen blieb. Er setzte sich ein und h\u00f6rte vor allem nicht auf zu denken. Wer seine Wunde zeigt, wird geheilt. <\/p>\n<p>So sch\u00f6n wie hier kanns im Himmel gar nicht sein. Christoph Schlingensief hat Recht! Menschen, die Zeichen setzen sind wichtig. Menschen, die nicht nur die Sonnenseite kennen. Und Menschen, die selber wissen, wie es ist, zerbrechlich zu sein. Du hast uns Kraft gegeben und dich f\u00fcr andere aufgeopfert. Doch nun bist du leider gegangen, auch wenn du keinen Bock auf Himmel hattest. Du hast mich \u00fcberw\u00e4ltigt und fasziniert. Danke Christoph. Danke. <\/p>\n<p><em>Alex Seuthe, 16 Jahre<\/em><\/p>\n","protected":false},"excerpt":{"rendered":"<p>Christoph Schlingensief, gestorben im Alter von 49 Jahren, war Regisseur f\u00fcr Film und Theater, K\u00fcnstler, Autor und lungenkrebskrank. Vor \u00fcber einem Jahr wird sein linker Lungenfl\u00fcgel entfernt. Er macht sich Hoffnungen. Kurz darauf entstehen neue Metastasen im rechten. Er wei\u00df, dass sein Leben nur noch von kurzer Dauer ist. Schlingensief aber, nun stark geschw\u00e4cht, arbeitet [&hellip;]<\/p>\n","protected":false},"author":264,"featured_media":0,"comment_status":"open","ping_status":"open","sticky":false,"template":"","format":"standard","meta":{"_jetpack_memberships_contains_paid_content":false,"footnotes":""},"categories":[1871],"tags":[],"class_list":["post-2178","post","type-post","status-publish","format-standard","hentry","category-was-mein-leben-reicher-macht"],"yoast_head":"<!-- This site is optimized with the Yoast SEO plugin v21.0 - https:\/\/yoast.com\/wordpress\/plugins\/seo\/ -->\n<title>&quot;So sch\u00f6n wie hier kann&#039;s im Himmel gar nicht sein&quot; - ZEIT der Leser<\/title>\n<meta name=\"robots\" content=\"index, follow, max-snippet:-1, max-image-preview:large, max-video-preview:-1\" \/>\n<link rel=\"canonical\" href=\"https:\/\/blog.zeit.de\/zeit-der-leser\/2010\/08\/25\/so-schon-wie-hier-kanns-im-himmel-gar-nicht-sein\/\" \/>\n<meta property=\"og:locale\" content=\"de_DE\" \/>\n<meta property=\"og:type\" content=\"article\" \/>\n<meta property=\"og:title\" content=\"&quot;So sch\u00f6n wie hier kann&#039;s im Himmel gar nicht sein&quot; - ZEIT der Leser\" \/>\n<meta property=\"og:description\" content=\"Christoph Schlingensief, gestorben im Alter von 49 Jahren, war Regisseur f\u00fcr Film und Theater, K\u00fcnstler, Autor und lungenkrebskrank. Vor \u00fcber einem Jahr wird sein linker Lungenfl\u00fcgel entfernt. Er macht sich Hoffnungen. Kurz darauf entstehen neue Metastasen im rechten. Er wei\u00df, dass sein Leben nur noch von kurzer Dauer ist. Schlingensief aber, nun stark geschw\u00e4cht, arbeitet [&hellip;]\" \/>\n<meta property=\"og:url\" content=\"https:\/\/blog.zeit.de\/zeit-der-leser\/2010\/08\/25\/so-schon-wie-hier-kanns-im-himmel-gar-nicht-sein\/\" \/>\n<meta property=\"og:site_name\" content=\"ZEIT der Leser\" \/>\n<meta property=\"article:published_time\" content=\"2010-08-25T10:44:25+00:00\" \/>\n<meta name=\"author\" content=\"Zeit der Leser\" \/>\n<meta name=\"twitter:card\" content=\"summary_large_image\" \/>\n<meta name=\"twitter:label1\" content=\"Geschrieben von\" \/>\n\t<meta name=\"twitter:data1\" content=\"Zeit der Leser\" \/>\n\t<meta name=\"twitter:label2\" content=\"Gesch\u00e4tzte Lesezeit\" \/>\n\t<meta name=\"twitter:data2\" content=\"3\u00a0Minuten\" \/>\n<script type=\"application\/ld+json\" class=\"yoast-schema-graph\">{\"@context\":\"https:\/\/schema.org\",\"@graph\":[{\"@type\":\"WebPage\",\"@id\":\"https:\/\/blog.zeit.de\/zeit-der-leser\/2010\/08\/25\/so-schon-wie-hier-kanns-im-himmel-gar-nicht-sein\/\",\"url\":\"https:\/\/blog.zeit.de\/zeit-der-leser\/2010\/08\/25\/so-schon-wie-hier-kanns-im-himmel-gar-nicht-sein\/\",\"name\":\"\\\"So sch\u00f6n wie hier kann's im Himmel gar nicht sein\\\" - ZEIT der Leser\",\"isPartOf\":{\"@id\":\"https:\/\/blog.zeit.de\/zeit-der-leser\/#website\"},\"datePublished\":\"2010-08-25T10:44:25+00:00\",\"dateModified\":\"2010-08-25T10:44:25+00:00\",\"author\":{\"@id\":\"https:\/\/blog.zeit.de\/zeit-der-leser\/#\/schema\/person\/e248c7ff5a10552f6a3bd5e9385b3667\"},\"breadcrumb\":{\"@id\":\"https:\/\/blog.zeit.de\/zeit-der-leser\/2010\/08\/25\/so-schon-wie-hier-kanns-im-himmel-gar-nicht-sein\/#breadcrumb\"},\"inLanguage\":\"de\",\"potentialAction\":[{\"@type\":\"ReadAction\",\"target\":[\"https:\/\/blog.zeit.de\/zeit-der-leser\/2010\/08\/25\/so-schon-wie-hier-kanns-im-himmel-gar-nicht-sein\/\"]}]},{\"@type\":\"BreadcrumbList\",\"@id\":\"https:\/\/blog.zeit.de\/zeit-der-leser\/2010\/08\/25\/so-schon-wie-hier-kanns-im-himmel-gar-nicht-sein\/#breadcrumb\",\"itemListElement\":[{\"@type\":\"ListItem\",\"position\":1,\"name\":\"Startseite\",\"item\":\"https:\/\/blog.zeit.de\/zeit-der-leser\/\"},{\"@type\":\"ListItem\",\"position\":2,\"name\":\"&#8222;So sch\u00f6n wie hier kann&#8217;s im Himmel gar nicht sein&#8220;\"}]},{\"@type\":\"WebSite\",\"@id\":\"https:\/\/blog.zeit.de\/zeit-der-leser\/#website\",\"url\":\"https:\/\/blog.zeit.de\/zeit-der-leser\/\",\"name\":\"ZEIT der Leser\",\"description\":\"Ein Blog mit Ihren Notizen, Gedichten und Bildern f\u00fcr die gedruckte ZEIT\",\"potentialAction\":[{\"@type\":\"SearchAction\",\"target\":{\"@type\":\"EntryPoint\",\"urlTemplate\":\"https:\/\/blog.zeit.de\/zeit-der-leser\/?s={search_term_string}\"},\"query-input\":\"required name=search_term_string\"}],\"inLanguage\":\"de\"},{\"@type\":\"Person\",\"@id\":\"https:\/\/blog.zeit.de\/zeit-der-leser\/#\/schema\/person\/e248c7ff5a10552f6a3bd5e9385b3667\",\"name\":\"Zeit der Leser\",\"image\":{\"@type\":\"ImageObject\",\"inLanguage\":\"de\",\"@id\":\"https:\/\/blog.zeit.de\/zeit-der-leser\/#\/schema\/person\/image\/\",\"url\":\"https:\/\/secure.gravatar.com\/avatar\/529bb2731085995bda6c8ba0e4da7e528ea8be4e6c7abdd217f176e2309035f6?s=96&d=mm&r=g\",\"contentUrl\":\"https:\/\/secure.gravatar.com\/avatar\/529bb2731085995bda6c8ba0e4da7e528ea8be4e6c7abdd217f176e2309035f6?s=96&d=mm&r=g\",\"caption\":\"Zeit der Leser\"},\"url\":\"https:\/\/blog.zeit.de\/zeit-der-leser\/author\/zeit-der-leser\/\"}]}<\/script>\n<!-- \/ Yoast SEO plugin. -->","yoast_head_json":{"title":"\"So sch\u00f6n wie hier kann's im Himmel gar nicht sein\" - ZEIT der Leser","robots":{"index":"index","follow":"follow","max-snippet":"max-snippet:-1","max-image-preview":"max-image-preview:large","max-video-preview":"max-video-preview:-1"},"canonical":"https:\/\/blog.zeit.de\/zeit-der-leser\/2010\/08\/25\/so-schon-wie-hier-kanns-im-himmel-gar-nicht-sein\/","og_locale":"de_DE","og_type":"article","og_title":"\"So sch\u00f6n wie hier kann's im Himmel gar nicht sein\" - ZEIT der Leser","og_description":"Christoph Schlingensief, gestorben im Alter von 49 Jahren, war Regisseur f\u00fcr Film und Theater, K\u00fcnstler, Autor und lungenkrebskrank. Vor \u00fcber einem Jahr wird sein linker Lungenfl\u00fcgel entfernt. Er macht sich Hoffnungen. Kurz darauf entstehen neue Metastasen im rechten. Er wei\u00df, dass sein Leben nur noch von kurzer Dauer ist. Schlingensief aber, nun stark geschw\u00e4cht, arbeitet [&hellip;]","og_url":"https:\/\/blog.zeit.de\/zeit-der-leser\/2010\/08\/25\/so-schon-wie-hier-kanns-im-himmel-gar-nicht-sein\/","og_site_name":"ZEIT der Leser","article_published_time":"2010-08-25T10:44:25+00:00","author":"Zeit der Leser","twitter_card":"summary_large_image","twitter_misc":{"Geschrieben von":"Zeit der Leser","Gesch\u00e4tzte Lesezeit":"3\u00a0Minuten"},"schema":{"@context":"https:\/\/schema.org","@graph":[{"@type":"WebPage","@id":"https:\/\/blog.zeit.de\/zeit-der-leser\/2010\/08\/25\/so-schon-wie-hier-kanns-im-himmel-gar-nicht-sein\/","url":"https:\/\/blog.zeit.de\/zeit-der-leser\/2010\/08\/25\/so-schon-wie-hier-kanns-im-himmel-gar-nicht-sein\/","name":"\"So sch\u00f6n wie hier kann's im Himmel gar nicht sein\" - ZEIT der Leser","isPartOf":{"@id":"https:\/\/blog.zeit.de\/zeit-der-leser\/#website"},"datePublished":"2010-08-25T10:44:25+00:00","dateModified":"2010-08-25T10:44:25+00:00","author":{"@id":"https:\/\/blog.zeit.de\/zeit-der-leser\/#\/schema\/person\/e248c7ff5a10552f6a3bd5e9385b3667"},"breadcrumb":{"@id":"https:\/\/blog.zeit.de\/zeit-der-leser\/2010\/08\/25\/so-schon-wie-hier-kanns-im-himmel-gar-nicht-sein\/#breadcrumb"},"inLanguage":"de","potentialAction":[{"@type":"ReadAction","target":["https:\/\/blog.zeit.de\/zeit-der-leser\/2010\/08\/25\/so-schon-wie-hier-kanns-im-himmel-gar-nicht-sein\/"]}]},{"@type":"BreadcrumbList","@id":"https:\/\/blog.zeit.de\/zeit-der-leser\/2010\/08\/25\/so-schon-wie-hier-kanns-im-himmel-gar-nicht-sein\/#breadcrumb","itemListElement":[{"@type":"ListItem","position":1,"name":"Startseite","item":"https:\/\/blog.zeit.de\/zeit-der-leser\/"},{"@type":"ListItem","position":2,"name":"&#8222;So sch\u00f6n wie hier kann&#8217;s im Himmel gar nicht sein&#8220;"}]},{"@type":"WebSite","@id":"https:\/\/blog.zeit.de\/zeit-der-leser\/#website","url":"https:\/\/blog.zeit.de\/zeit-der-leser\/","name":"ZEIT der Leser","description":"Ein Blog mit Ihren Notizen, Gedichten und Bildern f\u00fcr die gedruckte ZEIT","potentialAction":[{"@type":"SearchAction","target":{"@type":"EntryPoint","urlTemplate":"https:\/\/blog.zeit.de\/zeit-der-leser\/?s={search_term_string}"},"query-input":"required name=search_term_string"}],"inLanguage":"de"},{"@type":"Person","@id":"https:\/\/blog.zeit.de\/zeit-der-leser\/#\/schema\/person\/e248c7ff5a10552f6a3bd5e9385b3667","name":"Zeit der Leser","image":{"@type":"ImageObject","inLanguage":"de","@id":"https:\/\/blog.zeit.de\/zeit-der-leser\/#\/schema\/person\/image\/","url":"https:\/\/secure.gravatar.com\/avatar\/529bb2731085995bda6c8ba0e4da7e528ea8be4e6c7abdd217f176e2309035f6?s=96&d=mm&r=g","contentUrl":"https:\/\/secure.gravatar.com\/avatar\/529bb2731085995bda6c8ba0e4da7e528ea8be4e6c7abdd217f176e2309035f6?s=96&d=mm&r=g","caption":"Zeit der Leser"},"url":"https:\/\/blog.zeit.de\/zeit-der-leser\/author\/zeit-der-leser\/"}]}},"jetpack_featured_media_url":"","jetpack_sharing_enabled":true,"_links":{"self":[{"href":"https:\/\/blog.zeit.de\/zeit-der-leser\/wp-json\/wp\/v2\/posts\/2178","targetHints":{"allow":["GET"]}}],"collection":[{"href":"https:\/\/blog.zeit.de\/zeit-der-leser\/wp-json\/wp\/v2\/posts"}],"about":[{"href":"https:\/\/blog.zeit.de\/zeit-der-leser\/wp-json\/wp\/v2\/types\/post"}],"author":[{"embeddable":true,"href":"https:\/\/blog.zeit.de\/zeit-der-leser\/wp-json\/wp\/v2\/users\/264"}],"replies":[{"embeddable":true,"href":"https:\/\/blog.zeit.de\/zeit-der-leser\/wp-json\/wp\/v2\/comments?post=2178"}],"version-history":[{"count":0,"href":"https:\/\/blog.zeit.de\/zeit-der-leser\/wp-json\/wp\/v2\/posts\/2178\/revisions"}],"wp:attachment":[{"href":"https:\/\/blog.zeit.de\/zeit-der-leser\/wp-json\/wp\/v2\/media?parent=2178"}],"wp:term":[{"taxonomy":"category","embeddable":true,"href":"https:\/\/blog.zeit.de\/zeit-der-leser\/wp-json\/wp\/v2\/categories?post=2178"},{"taxonomy":"post_tag","embeddable":true,"href":"https:\/\/blog.zeit.de\/zeit-der-leser\/wp-json\/wp\/v2\/tags?post=2178"}],"curies":[{"name":"wp","href":"https:\/\/api.w.org\/{rel}","templated":true}]}}