{"id":2256,"date":"2010-09-05T05:52:53","date_gmt":"2010-09-05T03:52:53","guid":{"rendered":"http:\/\/blog.zeit.de\/zeit-der-leser\/?p=2256"},"modified":"2010-09-01T17:53:40","modified_gmt":"2010-09-01T15:53:40","slug":"lieblos","status":"publish","type":"post","link":"https:\/\/blog.zeit.de\/zeit-der-leser\/2010\/09\/05\/lieblos\/","title":{"rendered":"Lieblos"},"content":{"rendered":"<p>Ich wohne in Lieblos. Und immer, wenn ich mit der Bahn unterwegs bin, muss ich die dummen Kommentare der Schaffner u\u0308ber mich ergehen lassen: &#8222;Lieblos, gibt\u2019s das wirklich?&#8220;. Oder: &#8222;Lieblos, sind die da alle so?&#8220; Manchmal sage ich dann: &#8222;Ja, ich bin dort sogar geboren, stellen Sie sich vor!&#8220;, und m\u00f6chte noch erkl\u00e4ren, dass meine Mutter mich durchaus liebevoll erzogen hat. Aber der Kartenfuzzi ist bereits ein Abteil weiter. <\/p>\n<p><a href=\"https:\/\/blog.zeit.de\/zeit-der-leser\/files\/2010\/09\/s88-fahrkarte.jpg\"><img loading=\"lazy\" decoding=\"async\" src=\"https:\/\/blog.zeit.de\/zeit-der-leser\/files\/2010\/09\/s88-fahrkarte.jpg\" alt=\"\" title=\"s88-fahrkarte\" width=\"540\" height=\"227\" class=\"alignleft size-full wp-image-2258\" srcset=\"https:\/\/blog.zeit.de\/zeit-der-leser\/files\/2010\/09\/s88-fahrkarte.jpg 540w, https:\/\/blog.zeit.de\/zeit-der-leser\/files\/2010\/09\/s88-fahrkarte-300x126.jpg 300w\" sizes=\"auto, (max-width: 540px) 100vw, 540px\" \/><\/a><\/p>\n<p>So schnell wird man ungewollt zum Repr\u00e4sentanten eines Ortes, eines Berufsstandes oder sonst einer Kaste. Wie k\u00f6nnte ich &#8222;mein&#8220; Lieblos verteidigen? Durch die Gemeindereform, die den zwischen Frankfurt und Fulda liegenden Ort mit f\u00fcnf anderen zu &#8222;Gr\u00fcndau&#8220; zusammengefasst hat? Oder soll ich mich damit tr\u00f6sten, dass einige Orte in der n\u00e4heren Umgebung noch schlimmer dran sind? Wer m\u00f6chte sich im Zug schon fu\u0308r Eidenges\u00e4\u00df oder Linsengericht entschuldigen! Nein, da bekenne ich mich lieber tapfer zu meiner Liebloser Heimat: Die Menschen hier sind engagiert, mitf\u00fchlend, liebevoll und kulturell aktiv. Au\u00dferdem vermutet man, dass der Name des Ortes von dem seines Gr\u00fcnders kommt: In der ersten urkundlichen Erw\u00e4hnung 1173 stand noch &#8222;Libelas&#8220;. Aber erkl\u00e4ren Sie das mal einem Kartenkontrolleur, der auf eine Pointe erpicht ist!<\/p>\n<p><em>Bernd Hofmann, Lieblos<\/em><\/p>\n","protected":false},"excerpt":{"rendered":"<p>Ich wohne in Lieblos. Und immer, wenn ich mit der Bahn unterwegs bin, muss ich die dummen Kommentare der Schaffner u\u0308ber mich ergehen lassen: &#8222;Lieblos, gibt\u2019s das wirklich?&#8220;. Oder: &#8222;Lieblos, sind die da alle so?&#8220; Manchmal sage ich dann: &#8222;Ja, ich bin dort sogar geboren, stellen Sie sich vor!&#8220;, und m\u00f6chte noch erkl\u00e4ren, dass meine [&hellip;]<\/p>\n","protected":false},"author":264,"featured_media":0,"comment_status":"open","ping_status":"open","sticky":false,"template":"","format":"standard","meta":{"_jetpack_memberships_contains_paid_content":false,"footnotes":""},"categories":[1869],"tags":[],"class_list":["post-2256","post","type-post","status-publish","format-standard","hentry","category-das-regt-mich-auf"],"yoast_head":"<!-- This site is optimized with the Yoast SEO plugin v21.0 - https:\/\/yoast.com\/wordpress\/plugins\/seo\/ -->\n<title>Lieblos  - ZEIT der Leser<\/title>\n<meta name=\"robots\" content=\"index, follow, max-snippet:-1, max-image-preview:large, max-video-preview:-1\" \/>\n<link rel=\"canonical\" href=\"https:\/\/blog.zeit.de\/zeit-der-leser\/2010\/09\/05\/lieblos\/\" \/>\n<meta property=\"og:locale\" content=\"de_DE\" \/>\n<meta property=\"og:type\" content=\"article\" \/>\n<meta property=\"og:title\" content=\"Lieblos  - ZEIT der Leser\" \/>\n<meta property=\"og:description\" content=\"Ich wohne in Lieblos. Und immer, wenn ich mit der Bahn unterwegs bin, muss ich die dummen Kommentare der Schaffner u\u0308ber mich ergehen lassen: &#8222;Lieblos, gibt\u2019s das wirklich?&#8220;. Oder: &#8222;Lieblos, sind die da alle so?&#8220; Manchmal sage ich dann: &#8222;Ja, ich bin dort sogar geboren, stellen Sie sich vor!&#8220;, und m\u00f6chte noch erkl\u00e4ren, dass meine [&hellip;]\" \/>\n<meta property=\"og:url\" content=\"https:\/\/blog.zeit.de\/zeit-der-leser\/2010\/09\/05\/lieblos\/\" \/>\n<meta property=\"og:site_name\" content=\"ZEIT der Leser\" \/>\n<meta property=\"article:published_time\" content=\"2010-09-05T03:52:53+00:00\" \/>\n<meta property=\"article:modified_time\" content=\"2010-09-01T15:53:40+00:00\" \/>\n<meta property=\"og:image\" content=\"https:\/\/blog.zeit.de\/zeit-der-leser\/files\/2010\/09\/s88-fahrkarte.jpg\" \/>\n<meta name=\"author\" content=\"Zeit der Leser\" \/>\n<meta name=\"twitter:card\" content=\"summary_large_image\" \/>\n<meta name=\"twitter:label1\" content=\"Geschrieben von\" \/>\n\t<meta name=\"twitter:data1\" content=\"Zeit der Leser\" \/>\n\t<meta name=\"twitter:label2\" content=\"Gesch\u00e4tzte Lesezeit\" \/>\n\t<meta name=\"twitter:data2\" content=\"1\u00a0Minute\" \/>\n<script type=\"application\/ld+json\" class=\"yoast-schema-graph\">{\"@context\":\"https:\/\/schema.org\",\"@graph\":[{\"@type\":\"WebPage\",\"@id\":\"https:\/\/blog.zeit.de\/zeit-der-leser\/2010\/09\/05\/lieblos\/\",\"url\":\"https:\/\/blog.zeit.de\/zeit-der-leser\/2010\/09\/05\/lieblos\/\",\"name\":\"Lieblos - ZEIT der Leser\",\"isPartOf\":{\"@id\":\"https:\/\/blog.zeit.de\/zeit-der-leser\/#website\"},\"datePublished\":\"2010-09-05T03:52:53+00:00\",\"dateModified\":\"2010-09-01T15:53:40+00:00\",\"author\":{\"@id\":\"https:\/\/blog.zeit.de\/zeit-der-leser\/#\/schema\/person\/e248c7ff5a10552f6a3bd5e9385b3667\"},\"breadcrumb\":{\"@id\":\"https:\/\/blog.zeit.de\/zeit-der-leser\/2010\/09\/05\/lieblos\/#breadcrumb\"},\"inLanguage\":\"de\",\"potentialAction\":[{\"@type\":\"ReadAction\",\"target\":[\"https:\/\/blog.zeit.de\/zeit-der-leser\/2010\/09\/05\/lieblos\/\"]}]},{\"@type\":\"BreadcrumbList\",\"@id\":\"https:\/\/blog.zeit.de\/zeit-der-leser\/2010\/09\/05\/lieblos\/#breadcrumb\",\"itemListElement\":[{\"@type\":\"ListItem\",\"position\":1,\"name\":\"Startseite\",\"item\":\"https:\/\/blog.zeit.de\/zeit-der-leser\/\"},{\"@type\":\"ListItem\",\"position\":2,\"name\":\"Lieblos\"}]},{\"@type\":\"WebSite\",\"@id\":\"https:\/\/blog.zeit.de\/zeit-der-leser\/#website\",\"url\":\"https:\/\/blog.zeit.de\/zeit-der-leser\/\",\"name\":\"ZEIT der Leser\",\"description\":\"Ein Blog mit Ihren Notizen, Gedichten und Bildern f\u00fcr die gedruckte ZEIT\",\"potentialAction\":[{\"@type\":\"SearchAction\",\"target\":{\"@type\":\"EntryPoint\",\"urlTemplate\":\"https:\/\/blog.zeit.de\/zeit-der-leser\/?s={search_term_string}\"},\"query-input\":\"required name=search_term_string\"}],\"inLanguage\":\"de\"},{\"@type\":\"Person\",\"@id\":\"https:\/\/blog.zeit.de\/zeit-der-leser\/#\/schema\/person\/e248c7ff5a10552f6a3bd5e9385b3667\",\"name\":\"Zeit der Leser\",\"image\":{\"@type\":\"ImageObject\",\"inLanguage\":\"de\",\"@id\":\"https:\/\/blog.zeit.de\/zeit-der-leser\/#\/schema\/person\/image\/\",\"url\":\"https:\/\/secure.gravatar.com\/avatar\/529bb2731085995bda6c8ba0e4da7e528ea8be4e6c7abdd217f176e2309035f6?s=96&d=mm&r=g\",\"contentUrl\":\"https:\/\/secure.gravatar.com\/avatar\/529bb2731085995bda6c8ba0e4da7e528ea8be4e6c7abdd217f176e2309035f6?s=96&d=mm&r=g\",\"caption\":\"Zeit der Leser\"},\"url\":\"https:\/\/blog.zeit.de\/zeit-der-leser\/author\/zeit-der-leser\/\"}]}<\/script>\n<!-- \/ Yoast SEO plugin. -->","yoast_head_json":{"title":"Lieblos  - ZEIT der Leser","robots":{"index":"index","follow":"follow","max-snippet":"max-snippet:-1","max-image-preview":"max-image-preview:large","max-video-preview":"max-video-preview:-1"},"canonical":"https:\/\/blog.zeit.de\/zeit-der-leser\/2010\/09\/05\/lieblos\/","og_locale":"de_DE","og_type":"article","og_title":"Lieblos  - ZEIT der Leser","og_description":"Ich wohne in Lieblos. Und immer, wenn ich mit der Bahn unterwegs bin, muss ich die dummen Kommentare der Schaffner u\u0308ber mich ergehen lassen: &#8222;Lieblos, gibt\u2019s das wirklich?&#8220;. Oder: &#8222;Lieblos, sind die da alle so?&#8220; Manchmal sage ich dann: &#8222;Ja, ich bin dort sogar geboren, stellen Sie sich vor!&#8220;, und m\u00f6chte noch erkl\u00e4ren, dass meine [&hellip;]","og_url":"https:\/\/blog.zeit.de\/zeit-der-leser\/2010\/09\/05\/lieblos\/","og_site_name":"ZEIT der Leser","article_published_time":"2010-09-05T03:52:53+00:00","article_modified_time":"2010-09-01T15:53:40+00:00","og_image":[{"url":"https:\/\/blog.zeit.de\/zeit-der-leser\/files\/2010\/09\/s88-fahrkarte.jpg"}],"author":"Zeit der Leser","twitter_card":"summary_large_image","twitter_misc":{"Geschrieben von":"Zeit der Leser","Gesch\u00e4tzte Lesezeit":"1\u00a0Minute"},"schema":{"@context":"https:\/\/schema.org","@graph":[{"@type":"WebPage","@id":"https:\/\/blog.zeit.de\/zeit-der-leser\/2010\/09\/05\/lieblos\/","url":"https:\/\/blog.zeit.de\/zeit-der-leser\/2010\/09\/05\/lieblos\/","name":"Lieblos - ZEIT der Leser","isPartOf":{"@id":"https:\/\/blog.zeit.de\/zeit-der-leser\/#website"},"datePublished":"2010-09-05T03:52:53+00:00","dateModified":"2010-09-01T15:53:40+00:00","author":{"@id":"https:\/\/blog.zeit.de\/zeit-der-leser\/#\/schema\/person\/e248c7ff5a10552f6a3bd5e9385b3667"},"breadcrumb":{"@id":"https:\/\/blog.zeit.de\/zeit-der-leser\/2010\/09\/05\/lieblos\/#breadcrumb"},"inLanguage":"de","potentialAction":[{"@type":"ReadAction","target":["https:\/\/blog.zeit.de\/zeit-der-leser\/2010\/09\/05\/lieblos\/"]}]},{"@type":"BreadcrumbList","@id":"https:\/\/blog.zeit.de\/zeit-der-leser\/2010\/09\/05\/lieblos\/#breadcrumb","itemListElement":[{"@type":"ListItem","position":1,"name":"Startseite","item":"https:\/\/blog.zeit.de\/zeit-der-leser\/"},{"@type":"ListItem","position":2,"name":"Lieblos"}]},{"@type":"WebSite","@id":"https:\/\/blog.zeit.de\/zeit-der-leser\/#website","url":"https:\/\/blog.zeit.de\/zeit-der-leser\/","name":"ZEIT der Leser","description":"Ein Blog mit Ihren Notizen, Gedichten und Bildern f\u00fcr die gedruckte ZEIT","potentialAction":[{"@type":"SearchAction","target":{"@type":"EntryPoint","urlTemplate":"https:\/\/blog.zeit.de\/zeit-der-leser\/?s={search_term_string}"},"query-input":"required name=search_term_string"}],"inLanguage":"de"},{"@type":"Person","@id":"https:\/\/blog.zeit.de\/zeit-der-leser\/#\/schema\/person\/e248c7ff5a10552f6a3bd5e9385b3667","name":"Zeit der Leser","image":{"@type":"ImageObject","inLanguage":"de","@id":"https:\/\/blog.zeit.de\/zeit-der-leser\/#\/schema\/person\/image\/","url":"https:\/\/secure.gravatar.com\/avatar\/529bb2731085995bda6c8ba0e4da7e528ea8be4e6c7abdd217f176e2309035f6?s=96&d=mm&r=g","contentUrl":"https:\/\/secure.gravatar.com\/avatar\/529bb2731085995bda6c8ba0e4da7e528ea8be4e6c7abdd217f176e2309035f6?s=96&d=mm&r=g","caption":"Zeit der Leser"},"url":"https:\/\/blog.zeit.de\/zeit-der-leser\/author\/zeit-der-leser\/"}]}},"jetpack_featured_media_url":"","jetpack_sharing_enabled":true,"_links":{"self":[{"href":"https:\/\/blog.zeit.de\/zeit-der-leser\/wp-json\/wp\/v2\/posts\/2256","targetHints":{"allow":["GET"]}}],"collection":[{"href":"https:\/\/blog.zeit.de\/zeit-der-leser\/wp-json\/wp\/v2\/posts"}],"about":[{"href":"https:\/\/blog.zeit.de\/zeit-der-leser\/wp-json\/wp\/v2\/types\/post"}],"author":[{"embeddable":true,"href":"https:\/\/blog.zeit.de\/zeit-der-leser\/wp-json\/wp\/v2\/users\/264"}],"replies":[{"embeddable":true,"href":"https:\/\/blog.zeit.de\/zeit-der-leser\/wp-json\/wp\/v2\/comments?post=2256"}],"version-history":[{"count":0,"href":"https:\/\/blog.zeit.de\/zeit-der-leser\/wp-json\/wp\/v2\/posts\/2256\/revisions"}],"wp:attachment":[{"href":"https:\/\/blog.zeit.de\/zeit-der-leser\/wp-json\/wp\/v2\/media?parent=2256"}],"wp:term":[{"taxonomy":"category","embeddable":true,"href":"https:\/\/blog.zeit.de\/zeit-der-leser\/wp-json\/wp\/v2\/categories?post=2256"},{"taxonomy":"post_tag","embeddable":true,"href":"https:\/\/blog.zeit.de\/zeit-der-leser\/wp-json\/wp\/v2\/tags?post=2256"}],"curies":[{"name":"wp","href":"https:\/\/api.w.org\/{rel}","templated":true}]}}