{"id":2412,"date":"2010-09-24T05:09:11","date_gmt":"2010-09-24T03:09:11","guid":{"rendered":"http:\/\/blog.zeit.de\/zeit-der-leser\/?p=2412"},"modified":"2010-09-17T13:12:38","modified_gmt":"2010-09-17T11:12:38","slug":"fluchtiges-publikum","status":"publish","type":"post","link":"https:\/\/blog.zeit.de\/zeit-der-leser\/2010\/09\/24\/fluchtiges-publikum\/","title":{"rendered":"Fl\u00fcchtiges Publikum"},"content":{"rendered":"<p>Donnerstagabend in Essen, der Film <em>Zarte Parasiten<\/em> l\u00e4uft an. Angek\u00fcndigt ist ein Publikumsgespr\u00e4ch mit dem Regisseur Christian Becker und dem Hauptdarsteller Robert Stadlober direkt nach der Vorf\u00fchrung. Der Film ist zu Ende, Regisseur und Schauspieler treten vor das Publikum, es werden erste interessierte Fragen gestellt. Christian Becker und Robert Stadlober antworten engagiert. Gleichzeitig aber beginnen die ersten Zuschauerinnen und Zuschauer, den Saal zu verlassen. Bald begeben sich kleinere und gr\u00f6\u00dfere Gruppen auf den Heimweg. Was fu\u0308r ein respektloses Verhalten! Wie kann man zu einer Filmvorf\u00fchrung mit anschlie\u00dfendem Publikumsgespr\u00e4ch gehen, wenn man an dem Gespr\u00e4ch nicht interessiert ist? Oder keine Zeit hat, so lange zu bleiben? Dann sollte man sich besser einen anderen Tag fu\u0308r seinen Kinobesuch aussuchen. Wenn im Fernsehen ein Film zu Ende ist oder mich langweilt, kann ich abschalten, zappen, den Raum verlassen. Bei Veranstaltungen mit echten Menschen, die als Schauspieler, Redner, Vorleser unmittelbar vor dem Publikum stehen, kann es nur einen Grund geben, aus dem man vorzeitig ginge: aus Protest, etwa gegen verbale Entgleisungen. Ansonsten ist es eine Frage des Respekts und der guten Manieren, bis zum Schluss der Veranstaltung sitzen zu bleiben und zuzuh\u00f6ren. Das kann doch nicht so schwer sein!<\/p>\n<p><em>Cordula Galla, Essen<\/em><\/p>\n","protected":false},"excerpt":{"rendered":"<p>Donnerstagabend in Essen, der Film Zarte Parasiten l\u00e4uft an. Angek\u00fcndigt ist ein Publikumsgespr\u00e4ch mit dem Regisseur Christian Becker und dem Hauptdarsteller Robert Stadlober direkt nach der Vorf\u00fchrung. Der Film ist zu Ende, Regisseur und Schauspieler treten vor das Publikum, es werden erste interessierte Fragen gestellt. Christian Becker und Robert Stadlober antworten engagiert. Gleichzeitig aber beginnen [&hellip;]<\/p>\n","protected":false},"author":264,"featured_media":0,"comment_status":"open","ping_status":"open","sticky":false,"template":"","format":"standard","meta":{"_jetpack_memberships_contains_paid_content":false,"footnotes":""},"categories":[1869],"tags":[],"class_list":["post-2412","post","type-post","status-publish","format-standard","hentry","category-das-regt-mich-auf"],"yoast_head":"<!-- This site is optimized with the Yoast SEO plugin v21.0 - https:\/\/yoast.com\/wordpress\/plugins\/seo\/ -->\n<title>Fl\u00fcchtiges Publikum - ZEIT der Leser<\/title>\n<meta name=\"robots\" content=\"index, follow, max-snippet:-1, max-image-preview:large, max-video-preview:-1\" \/>\n<link rel=\"canonical\" href=\"https:\/\/blog.zeit.de\/zeit-der-leser\/2010\/09\/24\/fluchtiges-publikum\/\" \/>\n<meta property=\"og:locale\" content=\"de_DE\" \/>\n<meta property=\"og:type\" content=\"article\" \/>\n<meta property=\"og:title\" content=\"Fl\u00fcchtiges Publikum - ZEIT der Leser\" \/>\n<meta property=\"og:description\" content=\"Donnerstagabend in Essen, der Film Zarte Parasiten l\u00e4uft an. Angek\u00fcndigt ist ein Publikumsgespr\u00e4ch mit dem Regisseur Christian Becker und dem Hauptdarsteller Robert Stadlober direkt nach der Vorf\u00fchrung. Der Film ist zu Ende, Regisseur und Schauspieler treten vor das Publikum, es werden erste interessierte Fragen gestellt. Christian Becker und Robert Stadlober antworten engagiert. Gleichzeitig aber beginnen [&hellip;]\" \/>\n<meta property=\"og:url\" content=\"https:\/\/blog.zeit.de\/zeit-der-leser\/2010\/09\/24\/fluchtiges-publikum\/\" \/>\n<meta property=\"og:site_name\" content=\"ZEIT der Leser\" \/>\n<meta property=\"article:published_time\" content=\"2010-09-24T03:09:11+00:00\" \/>\n<meta property=\"article:modified_time\" content=\"2010-09-17T11:12:38+00:00\" \/>\n<meta name=\"author\" content=\"Zeit der Leser\" \/>\n<meta name=\"twitter:card\" content=\"summary_large_image\" \/>\n<meta name=\"twitter:label1\" content=\"Geschrieben von\" \/>\n\t<meta name=\"twitter:data1\" content=\"Zeit der Leser\" \/>\n\t<meta name=\"twitter:label2\" content=\"Gesch\u00e4tzte Lesezeit\" \/>\n\t<meta name=\"twitter:data2\" content=\"1\u00a0Minute\" \/>\n<script type=\"application\/ld+json\" class=\"yoast-schema-graph\">{\"@context\":\"https:\/\/schema.org\",\"@graph\":[{\"@type\":\"WebPage\",\"@id\":\"https:\/\/blog.zeit.de\/zeit-der-leser\/2010\/09\/24\/fluchtiges-publikum\/\",\"url\":\"https:\/\/blog.zeit.de\/zeit-der-leser\/2010\/09\/24\/fluchtiges-publikum\/\",\"name\":\"Fl\u00fcchtiges Publikum - ZEIT der Leser\",\"isPartOf\":{\"@id\":\"https:\/\/blog.zeit.de\/zeit-der-leser\/#website\"},\"datePublished\":\"2010-09-24T03:09:11+00:00\",\"dateModified\":\"2010-09-17T11:12:38+00:00\",\"author\":{\"@id\":\"https:\/\/blog.zeit.de\/zeit-der-leser\/#\/schema\/person\/e248c7ff5a10552f6a3bd5e9385b3667\"},\"breadcrumb\":{\"@id\":\"https:\/\/blog.zeit.de\/zeit-der-leser\/2010\/09\/24\/fluchtiges-publikum\/#breadcrumb\"},\"inLanguage\":\"de\",\"potentialAction\":[{\"@type\":\"ReadAction\",\"target\":[\"https:\/\/blog.zeit.de\/zeit-der-leser\/2010\/09\/24\/fluchtiges-publikum\/\"]}]},{\"@type\":\"BreadcrumbList\",\"@id\":\"https:\/\/blog.zeit.de\/zeit-der-leser\/2010\/09\/24\/fluchtiges-publikum\/#breadcrumb\",\"itemListElement\":[{\"@type\":\"ListItem\",\"position\":1,\"name\":\"Startseite\",\"item\":\"https:\/\/blog.zeit.de\/zeit-der-leser\/\"},{\"@type\":\"ListItem\",\"position\":2,\"name\":\"Fl\u00fcchtiges Publikum\"}]},{\"@type\":\"WebSite\",\"@id\":\"https:\/\/blog.zeit.de\/zeit-der-leser\/#website\",\"url\":\"https:\/\/blog.zeit.de\/zeit-der-leser\/\",\"name\":\"ZEIT der Leser\",\"description\":\"Ein Blog mit Ihren Notizen, Gedichten und Bildern f\u00fcr die gedruckte ZEIT\",\"potentialAction\":[{\"@type\":\"SearchAction\",\"target\":{\"@type\":\"EntryPoint\",\"urlTemplate\":\"https:\/\/blog.zeit.de\/zeit-der-leser\/?s={search_term_string}\"},\"query-input\":\"required name=search_term_string\"}],\"inLanguage\":\"de\"},{\"@type\":\"Person\",\"@id\":\"https:\/\/blog.zeit.de\/zeit-der-leser\/#\/schema\/person\/e248c7ff5a10552f6a3bd5e9385b3667\",\"name\":\"Zeit der Leser\",\"image\":{\"@type\":\"ImageObject\",\"inLanguage\":\"de\",\"@id\":\"https:\/\/blog.zeit.de\/zeit-der-leser\/#\/schema\/person\/image\/\",\"url\":\"https:\/\/secure.gravatar.com\/avatar\/529bb2731085995bda6c8ba0e4da7e528ea8be4e6c7abdd217f176e2309035f6?s=96&d=mm&r=g\",\"contentUrl\":\"https:\/\/secure.gravatar.com\/avatar\/529bb2731085995bda6c8ba0e4da7e528ea8be4e6c7abdd217f176e2309035f6?s=96&d=mm&r=g\",\"caption\":\"Zeit der Leser\"},\"url\":\"https:\/\/blog.zeit.de\/zeit-der-leser\/author\/zeit-der-leser\/\"}]}<\/script>\n<!-- \/ Yoast SEO plugin. -->","yoast_head_json":{"title":"Fl\u00fcchtiges Publikum - ZEIT der Leser","robots":{"index":"index","follow":"follow","max-snippet":"max-snippet:-1","max-image-preview":"max-image-preview:large","max-video-preview":"max-video-preview:-1"},"canonical":"https:\/\/blog.zeit.de\/zeit-der-leser\/2010\/09\/24\/fluchtiges-publikum\/","og_locale":"de_DE","og_type":"article","og_title":"Fl\u00fcchtiges Publikum - ZEIT der Leser","og_description":"Donnerstagabend in Essen, der Film Zarte Parasiten l\u00e4uft an. Angek\u00fcndigt ist ein Publikumsgespr\u00e4ch mit dem Regisseur Christian Becker und dem Hauptdarsteller Robert Stadlober direkt nach der Vorf\u00fchrung. Der Film ist zu Ende, Regisseur und Schauspieler treten vor das Publikum, es werden erste interessierte Fragen gestellt. Christian Becker und Robert Stadlober antworten engagiert. Gleichzeitig aber beginnen [&hellip;]","og_url":"https:\/\/blog.zeit.de\/zeit-der-leser\/2010\/09\/24\/fluchtiges-publikum\/","og_site_name":"ZEIT der Leser","article_published_time":"2010-09-24T03:09:11+00:00","article_modified_time":"2010-09-17T11:12:38+00:00","author":"Zeit der Leser","twitter_card":"summary_large_image","twitter_misc":{"Geschrieben von":"Zeit der Leser","Gesch\u00e4tzte Lesezeit":"1\u00a0Minute"},"schema":{"@context":"https:\/\/schema.org","@graph":[{"@type":"WebPage","@id":"https:\/\/blog.zeit.de\/zeit-der-leser\/2010\/09\/24\/fluchtiges-publikum\/","url":"https:\/\/blog.zeit.de\/zeit-der-leser\/2010\/09\/24\/fluchtiges-publikum\/","name":"Fl\u00fcchtiges Publikum - ZEIT der Leser","isPartOf":{"@id":"https:\/\/blog.zeit.de\/zeit-der-leser\/#website"},"datePublished":"2010-09-24T03:09:11+00:00","dateModified":"2010-09-17T11:12:38+00:00","author":{"@id":"https:\/\/blog.zeit.de\/zeit-der-leser\/#\/schema\/person\/e248c7ff5a10552f6a3bd5e9385b3667"},"breadcrumb":{"@id":"https:\/\/blog.zeit.de\/zeit-der-leser\/2010\/09\/24\/fluchtiges-publikum\/#breadcrumb"},"inLanguage":"de","potentialAction":[{"@type":"ReadAction","target":["https:\/\/blog.zeit.de\/zeit-der-leser\/2010\/09\/24\/fluchtiges-publikum\/"]}]},{"@type":"BreadcrumbList","@id":"https:\/\/blog.zeit.de\/zeit-der-leser\/2010\/09\/24\/fluchtiges-publikum\/#breadcrumb","itemListElement":[{"@type":"ListItem","position":1,"name":"Startseite","item":"https:\/\/blog.zeit.de\/zeit-der-leser\/"},{"@type":"ListItem","position":2,"name":"Fl\u00fcchtiges Publikum"}]},{"@type":"WebSite","@id":"https:\/\/blog.zeit.de\/zeit-der-leser\/#website","url":"https:\/\/blog.zeit.de\/zeit-der-leser\/","name":"ZEIT der Leser","description":"Ein Blog mit Ihren Notizen, Gedichten und Bildern f\u00fcr die gedruckte ZEIT","potentialAction":[{"@type":"SearchAction","target":{"@type":"EntryPoint","urlTemplate":"https:\/\/blog.zeit.de\/zeit-der-leser\/?s={search_term_string}"},"query-input":"required name=search_term_string"}],"inLanguage":"de"},{"@type":"Person","@id":"https:\/\/blog.zeit.de\/zeit-der-leser\/#\/schema\/person\/e248c7ff5a10552f6a3bd5e9385b3667","name":"Zeit der Leser","image":{"@type":"ImageObject","inLanguage":"de","@id":"https:\/\/blog.zeit.de\/zeit-der-leser\/#\/schema\/person\/image\/","url":"https:\/\/secure.gravatar.com\/avatar\/529bb2731085995bda6c8ba0e4da7e528ea8be4e6c7abdd217f176e2309035f6?s=96&d=mm&r=g","contentUrl":"https:\/\/secure.gravatar.com\/avatar\/529bb2731085995bda6c8ba0e4da7e528ea8be4e6c7abdd217f176e2309035f6?s=96&d=mm&r=g","caption":"Zeit der Leser"},"url":"https:\/\/blog.zeit.de\/zeit-der-leser\/author\/zeit-der-leser\/"}]}},"jetpack_featured_media_url":"","jetpack_sharing_enabled":true,"_links":{"self":[{"href":"https:\/\/blog.zeit.de\/zeit-der-leser\/wp-json\/wp\/v2\/posts\/2412","targetHints":{"allow":["GET"]}}],"collection":[{"href":"https:\/\/blog.zeit.de\/zeit-der-leser\/wp-json\/wp\/v2\/posts"}],"about":[{"href":"https:\/\/blog.zeit.de\/zeit-der-leser\/wp-json\/wp\/v2\/types\/post"}],"author":[{"embeddable":true,"href":"https:\/\/blog.zeit.de\/zeit-der-leser\/wp-json\/wp\/v2\/users\/264"}],"replies":[{"embeddable":true,"href":"https:\/\/blog.zeit.de\/zeit-der-leser\/wp-json\/wp\/v2\/comments?post=2412"}],"version-history":[{"count":0,"href":"https:\/\/blog.zeit.de\/zeit-der-leser\/wp-json\/wp\/v2\/posts\/2412\/revisions"}],"wp:attachment":[{"href":"https:\/\/blog.zeit.de\/zeit-der-leser\/wp-json\/wp\/v2\/media?parent=2412"}],"wp:term":[{"taxonomy":"category","embeddable":true,"href":"https:\/\/blog.zeit.de\/zeit-der-leser\/wp-json\/wp\/v2\/categories?post=2412"},{"taxonomy":"post_tag","embeddable":true,"href":"https:\/\/blog.zeit.de\/zeit-der-leser\/wp-json\/wp\/v2\/tags?post=2412"}],"curies":[{"name":"wp","href":"https:\/\/api.w.org\/{rel}","templated":true}]}}