{"id":2504,"date":"2010-10-01T05:01:00","date_gmt":"2010-10-01T03:01:00","guid":{"rendered":"http:\/\/blog.zeit.de\/zeit-der-leser\/?p=2504"},"modified":"2010-10-27T14:39:05","modified_gmt":"2010-10-27T12:39:05","slug":"frauen-hort-auf-frauen-zu-diskriminieren","status":"publish","type":"post","link":"https:\/\/blog.zeit.de\/zeit-der-leser\/2010\/10\/01\/frauen-hort-auf-frauen-zu-diskriminieren\/","title":{"rendered":"Frauen, h\u00f6rt auf, Frauen zu diskriminieren!"},"content":{"rendered":"<p>Da diskutieren wir u\u0308ber Frauenquote und gefu\u0308hlte Diskriminierung im Arbeitsleben, und gleichzeitig diskriminieren Frauen sich selber! Was mir gerade passiert ist, h\u00e4tte ich mir im Traum nicht vorstellen k\u00f6nnen: Mein Rechner verweigert seit gestern den Internetzugang. Also raffe ich mich auf, rufe meinen Provider an, und tats\u00e4chlich spreche ich schon nach wenigen Minuten mit einer jungen Dame, die meine Kundennummer eintippt, die \u00fcblichen Sicherheitsabfragen herunterbetet und mich dann fragt, womit sie mir helfen k\u00f6nne. Warum habe ich mich minutenlang durch den Themendschungel des Automaten getippt, wenn davon nicht der kleinste Informationsschnipsel ankommt? Nein, das ist nicht das \u00c4rgernis von dem ich berichten m\u00f6chte. Diese junge Frau also w\u00e4hlt sich in mein Modem ein, erkennt ein erfolgreiches Strom-Reset vor fu\u0308nfzehn Minuten und diagnostiziert meinem Modem gute Werte. Ich bedanke mich und frage nach, welche Fehlerm\u00f6glichkeit es noch geben k\u00f6nnte. Das k\u00f6nne an den Systemeinstellungen des Rechners liegen, sagt sie. Ob ich einen Sohn oder einen Mann h\u00e4tte, der mal danach schauen k\u00f6nne\u2026 Da bleibt mir glatt die Luft weg. Wenn es weiterhin Frauen gibt, die sich so d\u00e4mlich ausdr\u00fccken, wird auch eine gesetzliche Frauenf\u00f6rderung wenig Heil bringen. \u00dcbrigens: Mein Internetzugang spurt wieder. St\u00f6rung behoben. Mit weiblichem Grips.<\/p>\n<p><em>Anja Bogner, Achern, Baden<\/em><\/p>\n","protected":false},"excerpt":{"rendered":"<p>Da diskutieren wir u\u0308ber Frauenquote und gefu\u0308hlte Diskriminierung im Arbeitsleben, und gleichzeitig diskriminieren Frauen sich selber! Was mir gerade passiert ist, h\u00e4tte ich mir im Traum nicht vorstellen k\u00f6nnen: Mein Rechner verweigert seit gestern den Internetzugang. Also raffe ich mich auf, rufe meinen Provider an, und tats\u00e4chlich spreche ich schon nach wenigen Minuten mit einer [&hellip;]<\/p>\n","protected":false},"author":264,"featured_media":0,"comment_status":"open","ping_status":"open","sticky":false,"template":"","format":"standard","meta":{"_jetpack_memberships_contains_paid_content":false,"footnotes":""},"categories":[1869],"tags":[],"class_list":["post-2504","post","type-post","status-publish","format-standard","hentry","category-das-regt-mich-auf"],"yoast_head":"<!-- This site is optimized with the Yoast SEO plugin v21.0 - https:\/\/yoast.com\/wordpress\/plugins\/seo\/ -->\n<title>Frauen, h\u00f6rt auf, Frauen zu diskriminieren! - ZEIT der Leser<\/title>\n<meta name=\"robots\" content=\"index, follow, max-snippet:-1, max-image-preview:large, max-video-preview:-1\" \/>\n<link rel=\"canonical\" href=\"https:\/\/blog.zeit.de\/zeit-der-leser\/2010\/10\/01\/frauen-hort-auf-frauen-zu-diskriminieren\/\" \/>\n<meta property=\"og:locale\" content=\"de_DE\" \/>\n<meta property=\"og:type\" content=\"article\" \/>\n<meta property=\"og:title\" content=\"Frauen, h\u00f6rt auf, Frauen zu diskriminieren! - ZEIT der Leser\" \/>\n<meta property=\"og:description\" content=\"Da diskutieren wir u\u0308ber Frauenquote und gefu\u0308hlte Diskriminierung im Arbeitsleben, und gleichzeitig diskriminieren Frauen sich selber! Was mir gerade passiert ist, h\u00e4tte ich mir im Traum nicht vorstellen k\u00f6nnen: Mein Rechner verweigert seit gestern den Internetzugang. Also raffe ich mich auf, rufe meinen Provider an, und tats\u00e4chlich spreche ich schon nach wenigen Minuten mit einer [&hellip;]\" \/>\n<meta property=\"og:url\" content=\"https:\/\/blog.zeit.de\/zeit-der-leser\/2010\/10\/01\/frauen-hort-auf-frauen-zu-diskriminieren\/\" \/>\n<meta property=\"og:site_name\" content=\"ZEIT der Leser\" \/>\n<meta property=\"article:published_time\" content=\"2010-10-01T03:01:00+00:00\" \/>\n<meta property=\"article:modified_time\" content=\"2010-10-27T12:39:05+00:00\" \/>\n<meta name=\"author\" content=\"Zeit der Leser\" \/>\n<meta name=\"twitter:card\" content=\"summary_large_image\" \/>\n<meta name=\"twitter:label1\" content=\"Geschrieben von\" \/>\n\t<meta name=\"twitter:data1\" content=\"Zeit der Leser\" \/>\n\t<meta name=\"twitter:label2\" content=\"Gesch\u00e4tzte Lesezeit\" \/>\n\t<meta name=\"twitter:data2\" content=\"1\u00a0Minute\" \/>\n<script type=\"application\/ld+json\" class=\"yoast-schema-graph\">{\"@context\":\"https:\/\/schema.org\",\"@graph\":[{\"@type\":\"WebPage\",\"@id\":\"https:\/\/blog.zeit.de\/zeit-der-leser\/2010\/10\/01\/frauen-hort-auf-frauen-zu-diskriminieren\/\",\"url\":\"https:\/\/blog.zeit.de\/zeit-der-leser\/2010\/10\/01\/frauen-hort-auf-frauen-zu-diskriminieren\/\",\"name\":\"Frauen, h\u00f6rt auf, Frauen zu diskriminieren! - ZEIT der Leser\",\"isPartOf\":{\"@id\":\"https:\/\/blog.zeit.de\/zeit-der-leser\/#website\"},\"datePublished\":\"2010-10-01T03:01:00+00:00\",\"dateModified\":\"2010-10-27T12:39:05+00:00\",\"author\":{\"@id\":\"https:\/\/blog.zeit.de\/zeit-der-leser\/#\/schema\/person\/e248c7ff5a10552f6a3bd5e9385b3667\"},\"breadcrumb\":{\"@id\":\"https:\/\/blog.zeit.de\/zeit-der-leser\/2010\/10\/01\/frauen-hort-auf-frauen-zu-diskriminieren\/#breadcrumb\"},\"inLanguage\":\"de\",\"potentialAction\":[{\"@type\":\"ReadAction\",\"target\":[\"https:\/\/blog.zeit.de\/zeit-der-leser\/2010\/10\/01\/frauen-hort-auf-frauen-zu-diskriminieren\/\"]}]},{\"@type\":\"BreadcrumbList\",\"@id\":\"https:\/\/blog.zeit.de\/zeit-der-leser\/2010\/10\/01\/frauen-hort-auf-frauen-zu-diskriminieren\/#breadcrumb\",\"itemListElement\":[{\"@type\":\"ListItem\",\"position\":1,\"name\":\"Startseite\",\"item\":\"https:\/\/blog.zeit.de\/zeit-der-leser\/\"},{\"@type\":\"ListItem\",\"position\":2,\"name\":\"Frauen, h\u00f6rt auf, Frauen zu diskriminieren!\"}]},{\"@type\":\"WebSite\",\"@id\":\"https:\/\/blog.zeit.de\/zeit-der-leser\/#website\",\"url\":\"https:\/\/blog.zeit.de\/zeit-der-leser\/\",\"name\":\"ZEIT der Leser\",\"description\":\"Ein Blog mit Ihren Notizen, Gedichten und Bildern f\u00fcr die gedruckte ZEIT\",\"potentialAction\":[{\"@type\":\"SearchAction\",\"target\":{\"@type\":\"EntryPoint\",\"urlTemplate\":\"https:\/\/blog.zeit.de\/zeit-der-leser\/?s={search_term_string}\"},\"query-input\":\"required name=search_term_string\"}],\"inLanguage\":\"de\"},{\"@type\":\"Person\",\"@id\":\"https:\/\/blog.zeit.de\/zeit-der-leser\/#\/schema\/person\/e248c7ff5a10552f6a3bd5e9385b3667\",\"name\":\"Zeit der Leser\",\"image\":{\"@type\":\"ImageObject\",\"inLanguage\":\"de\",\"@id\":\"https:\/\/blog.zeit.de\/zeit-der-leser\/#\/schema\/person\/image\/\",\"url\":\"https:\/\/secure.gravatar.com\/avatar\/529bb2731085995bda6c8ba0e4da7e528ea8be4e6c7abdd217f176e2309035f6?s=96&d=mm&r=g\",\"contentUrl\":\"https:\/\/secure.gravatar.com\/avatar\/529bb2731085995bda6c8ba0e4da7e528ea8be4e6c7abdd217f176e2309035f6?s=96&d=mm&r=g\",\"caption\":\"Zeit der Leser\"},\"url\":\"https:\/\/blog.zeit.de\/zeit-der-leser\/author\/zeit-der-leser\/\"}]}<\/script>\n<!-- \/ Yoast SEO plugin. -->","yoast_head_json":{"title":"Frauen, h\u00f6rt auf, Frauen zu diskriminieren! - ZEIT der Leser","robots":{"index":"index","follow":"follow","max-snippet":"max-snippet:-1","max-image-preview":"max-image-preview:large","max-video-preview":"max-video-preview:-1"},"canonical":"https:\/\/blog.zeit.de\/zeit-der-leser\/2010\/10\/01\/frauen-hort-auf-frauen-zu-diskriminieren\/","og_locale":"de_DE","og_type":"article","og_title":"Frauen, h\u00f6rt auf, Frauen zu diskriminieren! - ZEIT der Leser","og_description":"Da diskutieren wir u\u0308ber Frauenquote und gefu\u0308hlte Diskriminierung im Arbeitsleben, und gleichzeitig diskriminieren Frauen sich selber! Was mir gerade passiert ist, h\u00e4tte ich mir im Traum nicht vorstellen k\u00f6nnen: Mein Rechner verweigert seit gestern den Internetzugang. Also raffe ich mich auf, rufe meinen Provider an, und tats\u00e4chlich spreche ich schon nach wenigen Minuten mit einer [&hellip;]","og_url":"https:\/\/blog.zeit.de\/zeit-der-leser\/2010\/10\/01\/frauen-hort-auf-frauen-zu-diskriminieren\/","og_site_name":"ZEIT der Leser","article_published_time":"2010-10-01T03:01:00+00:00","article_modified_time":"2010-10-27T12:39:05+00:00","author":"Zeit der Leser","twitter_card":"summary_large_image","twitter_misc":{"Geschrieben von":"Zeit der Leser","Gesch\u00e4tzte Lesezeit":"1\u00a0Minute"},"schema":{"@context":"https:\/\/schema.org","@graph":[{"@type":"WebPage","@id":"https:\/\/blog.zeit.de\/zeit-der-leser\/2010\/10\/01\/frauen-hort-auf-frauen-zu-diskriminieren\/","url":"https:\/\/blog.zeit.de\/zeit-der-leser\/2010\/10\/01\/frauen-hort-auf-frauen-zu-diskriminieren\/","name":"Frauen, h\u00f6rt auf, Frauen zu diskriminieren! - ZEIT der Leser","isPartOf":{"@id":"https:\/\/blog.zeit.de\/zeit-der-leser\/#website"},"datePublished":"2010-10-01T03:01:00+00:00","dateModified":"2010-10-27T12:39:05+00:00","author":{"@id":"https:\/\/blog.zeit.de\/zeit-der-leser\/#\/schema\/person\/e248c7ff5a10552f6a3bd5e9385b3667"},"breadcrumb":{"@id":"https:\/\/blog.zeit.de\/zeit-der-leser\/2010\/10\/01\/frauen-hort-auf-frauen-zu-diskriminieren\/#breadcrumb"},"inLanguage":"de","potentialAction":[{"@type":"ReadAction","target":["https:\/\/blog.zeit.de\/zeit-der-leser\/2010\/10\/01\/frauen-hort-auf-frauen-zu-diskriminieren\/"]}]},{"@type":"BreadcrumbList","@id":"https:\/\/blog.zeit.de\/zeit-der-leser\/2010\/10\/01\/frauen-hort-auf-frauen-zu-diskriminieren\/#breadcrumb","itemListElement":[{"@type":"ListItem","position":1,"name":"Startseite","item":"https:\/\/blog.zeit.de\/zeit-der-leser\/"},{"@type":"ListItem","position":2,"name":"Frauen, h\u00f6rt auf, Frauen zu diskriminieren!"}]},{"@type":"WebSite","@id":"https:\/\/blog.zeit.de\/zeit-der-leser\/#website","url":"https:\/\/blog.zeit.de\/zeit-der-leser\/","name":"ZEIT der Leser","description":"Ein Blog mit Ihren Notizen, Gedichten und Bildern f\u00fcr die gedruckte ZEIT","potentialAction":[{"@type":"SearchAction","target":{"@type":"EntryPoint","urlTemplate":"https:\/\/blog.zeit.de\/zeit-der-leser\/?s={search_term_string}"},"query-input":"required name=search_term_string"}],"inLanguage":"de"},{"@type":"Person","@id":"https:\/\/blog.zeit.de\/zeit-der-leser\/#\/schema\/person\/e248c7ff5a10552f6a3bd5e9385b3667","name":"Zeit der Leser","image":{"@type":"ImageObject","inLanguage":"de","@id":"https:\/\/blog.zeit.de\/zeit-der-leser\/#\/schema\/person\/image\/","url":"https:\/\/secure.gravatar.com\/avatar\/529bb2731085995bda6c8ba0e4da7e528ea8be4e6c7abdd217f176e2309035f6?s=96&d=mm&r=g","contentUrl":"https:\/\/secure.gravatar.com\/avatar\/529bb2731085995bda6c8ba0e4da7e528ea8be4e6c7abdd217f176e2309035f6?s=96&d=mm&r=g","caption":"Zeit der Leser"},"url":"https:\/\/blog.zeit.de\/zeit-der-leser\/author\/zeit-der-leser\/"}]}},"jetpack_featured_media_url":"","jetpack_sharing_enabled":true,"_links":{"self":[{"href":"https:\/\/blog.zeit.de\/zeit-der-leser\/wp-json\/wp\/v2\/posts\/2504","targetHints":{"allow":["GET"]}}],"collection":[{"href":"https:\/\/blog.zeit.de\/zeit-der-leser\/wp-json\/wp\/v2\/posts"}],"about":[{"href":"https:\/\/blog.zeit.de\/zeit-der-leser\/wp-json\/wp\/v2\/types\/post"}],"author":[{"embeddable":true,"href":"https:\/\/blog.zeit.de\/zeit-der-leser\/wp-json\/wp\/v2\/users\/264"}],"replies":[{"embeddable":true,"href":"https:\/\/blog.zeit.de\/zeit-der-leser\/wp-json\/wp\/v2\/comments?post=2504"}],"version-history":[{"count":3,"href":"https:\/\/blog.zeit.de\/zeit-der-leser\/wp-json\/wp\/v2\/posts\/2504\/revisions"}],"predecessor-version":[{"id":2506,"href":"https:\/\/blog.zeit.de\/zeit-der-leser\/wp-json\/wp\/v2\/posts\/2504\/revisions\/2506"}],"wp:attachment":[{"href":"https:\/\/blog.zeit.de\/zeit-der-leser\/wp-json\/wp\/v2\/media?parent=2504"}],"wp:term":[{"taxonomy":"category","embeddable":true,"href":"https:\/\/blog.zeit.de\/zeit-der-leser\/wp-json\/wp\/v2\/categories?post=2504"},{"taxonomy":"post_tag","embeddable":true,"href":"https:\/\/blog.zeit.de\/zeit-der-leser\/wp-json\/wp\/v2\/tags?post=2504"}],"curies":[{"name":"wp","href":"https:\/\/api.w.org\/{rel}","templated":true}]}}