{"id":2558,"date":"2010-10-08T05:20:38","date_gmt":"2010-10-08T03:20:38","guid":{"rendered":"http:\/\/blog.zeit.de\/zeit-der-leser\/?p=2558"},"modified":"2010-10-06T11:31:11","modified_gmt":"2010-10-06T09:31:11","slug":"ddr-geschichte-nicht-in-sassnitz","status":"publish","type":"post","link":"https:\/\/blog.zeit.de\/zeit-der-leser\/2010\/10\/08\/ddr-geschichte-nicht-in-sassnitz\/","title":{"rendered":"DDR-Geschichte? Nicht in Sassnitz"},"content":{"rendered":"<p>Von Herzen ge\u00e4rgert haben wir uns in diesem Sommer \u00fcber das Museum im ehemaligen F\u00e4hranleger der Trelleborg-F\u00e4hre in Sassnitz auf der Insel R\u00fcgen. Wir hatten in den sechziger Jahren bis zu unserer &#8222;Republikflucht&#8220; in Greifswald studiert, und diese F\u00e4hre war fu\u0308r uns ein magischer Ort gewesen, ein Tor in den versperrten Teil der Welt. Wir wussten genau, dass da keine (Ost-)Maus hindurchkommt, dass da auch geschossen wird\u2026 Hundert Jahre war die F\u00e4hre in Betrieb, immerhin vierzig Jahre davon in der DDR-Zeit. In diesem Museum nun ist allerlei Interessantes und Kurioses aus dem gesamten Jahrhundert zu sehen \u2013 bis man verwirrt feststellt, dass vierzig Jahre davon nur in (Werbe-)Plakaten existieren, kein Wort dazu, dass kein DDR-Bu\u0308rger auf die F\u00e4hre, ja nicht einmal an die F\u00e4hre durfte, dass sie abgetrennt von der Stadt existierte, die Grenze scharf bewacht war und so weiter. Ich habe einen roten Kopf bekommen ob dieser Unversch\u00e4mtheit zwanzig Jahre nach der \u00d6ffnung und sprach die Dame am Eingang darauf an. Zuerst wich sie milde l\u00e4chelnd aus, in irgendeiner Ecke w\u00e4re doch irgendwas angedeutet, gab aber dann zu, dass das auch schon andere moniert h\u00e4tten. Sie werde es natu\u0308rlich weitergeben. Wer\u2019s glaubt \u2026!<\/p>\n<p><em>Mechthild Herzog, Radolfzell<\/em><\/p>\n","protected":false},"excerpt":{"rendered":"<p>Von Herzen ge\u00e4rgert haben wir uns in diesem Sommer \u00fcber das Museum im ehemaligen F\u00e4hranleger der Trelleborg-F\u00e4hre in Sassnitz auf der Insel R\u00fcgen. Wir hatten in den sechziger Jahren bis zu unserer &#8222;Republikflucht&#8220; in Greifswald studiert, und diese F\u00e4hre war fu\u0308r uns ein magischer Ort gewesen, ein Tor in den versperrten Teil der Welt. Wir [&hellip;]<\/p>\n","protected":false},"author":264,"featured_media":0,"comment_status":"open","ping_status":"open","sticky":false,"template":"","format":"standard","meta":{"_jetpack_memberships_contains_paid_content":false,"footnotes":""},"categories":[1869],"tags":[],"class_list":["post-2558","post","type-post","status-publish","format-standard","hentry","category-das-regt-mich-auf"],"yoast_head":"<!-- This site is optimized with the Yoast SEO plugin v21.0 - https:\/\/yoast.com\/wordpress\/plugins\/seo\/ -->\n<title>DDR-Geschichte? Nicht in Sassnitz - ZEIT der Leser<\/title>\n<meta name=\"robots\" content=\"index, follow, max-snippet:-1, max-image-preview:large, max-video-preview:-1\" \/>\n<link rel=\"canonical\" href=\"https:\/\/blog.zeit.de\/zeit-der-leser\/2010\/10\/08\/ddr-geschichte-nicht-in-sassnitz\/\" \/>\n<meta property=\"og:locale\" content=\"de_DE\" \/>\n<meta property=\"og:type\" content=\"article\" \/>\n<meta property=\"og:title\" content=\"DDR-Geschichte? Nicht in Sassnitz - ZEIT der Leser\" \/>\n<meta property=\"og:description\" content=\"Von Herzen ge\u00e4rgert haben wir uns in diesem Sommer \u00fcber das Museum im ehemaligen F\u00e4hranleger der Trelleborg-F\u00e4hre in Sassnitz auf der Insel R\u00fcgen. Wir hatten in den sechziger Jahren bis zu unserer &#8222;Republikflucht&#8220; in Greifswald studiert, und diese F\u00e4hre war fu\u0308r uns ein magischer Ort gewesen, ein Tor in den versperrten Teil der Welt. Wir [&hellip;]\" \/>\n<meta property=\"og:url\" content=\"https:\/\/blog.zeit.de\/zeit-der-leser\/2010\/10\/08\/ddr-geschichte-nicht-in-sassnitz\/\" \/>\n<meta property=\"og:site_name\" content=\"ZEIT der Leser\" \/>\n<meta property=\"article:published_time\" content=\"2010-10-08T03:20:38+00:00\" \/>\n<meta property=\"article:modified_time\" content=\"2010-10-06T09:31:11+00:00\" \/>\n<meta name=\"author\" content=\"Zeit der Leser\" \/>\n<meta name=\"twitter:card\" content=\"summary_large_image\" \/>\n<meta name=\"twitter:label1\" content=\"Geschrieben von\" \/>\n\t<meta name=\"twitter:data1\" content=\"Zeit der Leser\" \/>\n\t<meta name=\"twitter:label2\" content=\"Gesch\u00e4tzte Lesezeit\" \/>\n\t<meta name=\"twitter:data2\" content=\"1\u00a0Minute\" \/>\n<script type=\"application\/ld+json\" class=\"yoast-schema-graph\">{\"@context\":\"https:\/\/schema.org\",\"@graph\":[{\"@type\":\"WebPage\",\"@id\":\"https:\/\/blog.zeit.de\/zeit-der-leser\/2010\/10\/08\/ddr-geschichte-nicht-in-sassnitz\/\",\"url\":\"https:\/\/blog.zeit.de\/zeit-der-leser\/2010\/10\/08\/ddr-geschichte-nicht-in-sassnitz\/\",\"name\":\"DDR-Geschichte? Nicht in Sassnitz - ZEIT der Leser\",\"isPartOf\":{\"@id\":\"https:\/\/blog.zeit.de\/zeit-der-leser\/#website\"},\"datePublished\":\"2010-10-08T03:20:38+00:00\",\"dateModified\":\"2010-10-06T09:31:11+00:00\",\"author\":{\"@id\":\"https:\/\/blog.zeit.de\/zeit-der-leser\/#\/schema\/person\/e248c7ff5a10552f6a3bd5e9385b3667\"},\"breadcrumb\":{\"@id\":\"https:\/\/blog.zeit.de\/zeit-der-leser\/2010\/10\/08\/ddr-geschichte-nicht-in-sassnitz\/#breadcrumb\"},\"inLanguage\":\"de\",\"potentialAction\":[{\"@type\":\"ReadAction\",\"target\":[\"https:\/\/blog.zeit.de\/zeit-der-leser\/2010\/10\/08\/ddr-geschichte-nicht-in-sassnitz\/\"]}]},{\"@type\":\"BreadcrumbList\",\"@id\":\"https:\/\/blog.zeit.de\/zeit-der-leser\/2010\/10\/08\/ddr-geschichte-nicht-in-sassnitz\/#breadcrumb\",\"itemListElement\":[{\"@type\":\"ListItem\",\"position\":1,\"name\":\"Startseite\",\"item\":\"https:\/\/blog.zeit.de\/zeit-der-leser\/\"},{\"@type\":\"ListItem\",\"position\":2,\"name\":\"DDR-Geschichte? Nicht in Sassnitz\"}]},{\"@type\":\"WebSite\",\"@id\":\"https:\/\/blog.zeit.de\/zeit-der-leser\/#website\",\"url\":\"https:\/\/blog.zeit.de\/zeit-der-leser\/\",\"name\":\"ZEIT der Leser\",\"description\":\"Ein Blog mit Ihren Notizen, Gedichten und Bildern f\u00fcr die gedruckte ZEIT\",\"potentialAction\":[{\"@type\":\"SearchAction\",\"target\":{\"@type\":\"EntryPoint\",\"urlTemplate\":\"https:\/\/blog.zeit.de\/zeit-der-leser\/?s={search_term_string}\"},\"query-input\":\"required name=search_term_string\"}],\"inLanguage\":\"de\"},{\"@type\":\"Person\",\"@id\":\"https:\/\/blog.zeit.de\/zeit-der-leser\/#\/schema\/person\/e248c7ff5a10552f6a3bd5e9385b3667\",\"name\":\"Zeit der Leser\",\"image\":{\"@type\":\"ImageObject\",\"inLanguage\":\"de\",\"@id\":\"https:\/\/blog.zeit.de\/zeit-der-leser\/#\/schema\/person\/image\/\",\"url\":\"https:\/\/secure.gravatar.com\/avatar\/529bb2731085995bda6c8ba0e4da7e528ea8be4e6c7abdd217f176e2309035f6?s=96&d=mm&r=g\",\"contentUrl\":\"https:\/\/secure.gravatar.com\/avatar\/529bb2731085995bda6c8ba0e4da7e528ea8be4e6c7abdd217f176e2309035f6?s=96&d=mm&r=g\",\"caption\":\"Zeit der Leser\"},\"url\":\"https:\/\/blog.zeit.de\/zeit-der-leser\/author\/zeit-der-leser\/\"}]}<\/script>\n<!-- \/ Yoast SEO plugin. -->","yoast_head_json":{"title":"DDR-Geschichte? Nicht in Sassnitz - ZEIT der Leser","robots":{"index":"index","follow":"follow","max-snippet":"max-snippet:-1","max-image-preview":"max-image-preview:large","max-video-preview":"max-video-preview:-1"},"canonical":"https:\/\/blog.zeit.de\/zeit-der-leser\/2010\/10\/08\/ddr-geschichte-nicht-in-sassnitz\/","og_locale":"de_DE","og_type":"article","og_title":"DDR-Geschichte? Nicht in Sassnitz - ZEIT der Leser","og_description":"Von Herzen ge\u00e4rgert haben wir uns in diesem Sommer \u00fcber das Museum im ehemaligen F\u00e4hranleger der Trelleborg-F\u00e4hre in Sassnitz auf der Insel R\u00fcgen. Wir hatten in den sechziger Jahren bis zu unserer &#8222;Republikflucht&#8220; in Greifswald studiert, und diese F\u00e4hre war fu\u0308r uns ein magischer Ort gewesen, ein Tor in den versperrten Teil der Welt. Wir [&hellip;]","og_url":"https:\/\/blog.zeit.de\/zeit-der-leser\/2010\/10\/08\/ddr-geschichte-nicht-in-sassnitz\/","og_site_name":"ZEIT der Leser","article_published_time":"2010-10-08T03:20:38+00:00","article_modified_time":"2010-10-06T09:31:11+00:00","author":"Zeit der Leser","twitter_card":"summary_large_image","twitter_misc":{"Geschrieben von":"Zeit der Leser","Gesch\u00e4tzte Lesezeit":"1\u00a0Minute"},"schema":{"@context":"https:\/\/schema.org","@graph":[{"@type":"WebPage","@id":"https:\/\/blog.zeit.de\/zeit-der-leser\/2010\/10\/08\/ddr-geschichte-nicht-in-sassnitz\/","url":"https:\/\/blog.zeit.de\/zeit-der-leser\/2010\/10\/08\/ddr-geschichte-nicht-in-sassnitz\/","name":"DDR-Geschichte? Nicht in Sassnitz - ZEIT der Leser","isPartOf":{"@id":"https:\/\/blog.zeit.de\/zeit-der-leser\/#website"},"datePublished":"2010-10-08T03:20:38+00:00","dateModified":"2010-10-06T09:31:11+00:00","author":{"@id":"https:\/\/blog.zeit.de\/zeit-der-leser\/#\/schema\/person\/e248c7ff5a10552f6a3bd5e9385b3667"},"breadcrumb":{"@id":"https:\/\/blog.zeit.de\/zeit-der-leser\/2010\/10\/08\/ddr-geschichte-nicht-in-sassnitz\/#breadcrumb"},"inLanguage":"de","potentialAction":[{"@type":"ReadAction","target":["https:\/\/blog.zeit.de\/zeit-der-leser\/2010\/10\/08\/ddr-geschichte-nicht-in-sassnitz\/"]}]},{"@type":"BreadcrumbList","@id":"https:\/\/blog.zeit.de\/zeit-der-leser\/2010\/10\/08\/ddr-geschichte-nicht-in-sassnitz\/#breadcrumb","itemListElement":[{"@type":"ListItem","position":1,"name":"Startseite","item":"https:\/\/blog.zeit.de\/zeit-der-leser\/"},{"@type":"ListItem","position":2,"name":"DDR-Geschichte? Nicht in Sassnitz"}]},{"@type":"WebSite","@id":"https:\/\/blog.zeit.de\/zeit-der-leser\/#website","url":"https:\/\/blog.zeit.de\/zeit-der-leser\/","name":"ZEIT der Leser","description":"Ein Blog mit Ihren Notizen, Gedichten und Bildern f\u00fcr die gedruckte ZEIT","potentialAction":[{"@type":"SearchAction","target":{"@type":"EntryPoint","urlTemplate":"https:\/\/blog.zeit.de\/zeit-der-leser\/?s={search_term_string}"},"query-input":"required name=search_term_string"}],"inLanguage":"de"},{"@type":"Person","@id":"https:\/\/blog.zeit.de\/zeit-der-leser\/#\/schema\/person\/e248c7ff5a10552f6a3bd5e9385b3667","name":"Zeit der Leser","image":{"@type":"ImageObject","inLanguage":"de","@id":"https:\/\/blog.zeit.de\/zeit-der-leser\/#\/schema\/person\/image\/","url":"https:\/\/secure.gravatar.com\/avatar\/529bb2731085995bda6c8ba0e4da7e528ea8be4e6c7abdd217f176e2309035f6?s=96&d=mm&r=g","contentUrl":"https:\/\/secure.gravatar.com\/avatar\/529bb2731085995bda6c8ba0e4da7e528ea8be4e6c7abdd217f176e2309035f6?s=96&d=mm&r=g","caption":"Zeit der Leser"},"url":"https:\/\/blog.zeit.de\/zeit-der-leser\/author\/zeit-der-leser\/"}]}},"jetpack_featured_media_url":"","jetpack_sharing_enabled":true,"_links":{"self":[{"href":"https:\/\/blog.zeit.de\/zeit-der-leser\/wp-json\/wp\/v2\/posts\/2558","targetHints":{"allow":["GET"]}}],"collection":[{"href":"https:\/\/blog.zeit.de\/zeit-der-leser\/wp-json\/wp\/v2\/posts"}],"about":[{"href":"https:\/\/blog.zeit.de\/zeit-der-leser\/wp-json\/wp\/v2\/types\/post"}],"author":[{"embeddable":true,"href":"https:\/\/blog.zeit.de\/zeit-der-leser\/wp-json\/wp\/v2\/users\/264"}],"replies":[{"embeddable":true,"href":"https:\/\/blog.zeit.de\/zeit-der-leser\/wp-json\/wp\/v2\/comments?post=2558"}],"version-history":[{"count":1,"href":"https:\/\/blog.zeit.de\/zeit-der-leser\/wp-json\/wp\/v2\/posts\/2558\/revisions"}],"predecessor-version":[{"id":2559,"href":"https:\/\/blog.zeit.de\/zeit-der-leser\/wp-json\/wp\/v2\/posts\/2558\/revisions\/2559"}],"wp:attachment":[{"href":"https:\/\/blog.zeit.de\/zeit-der-leser\/wp-json\/wp\/v2\/media?parent=2558"}],"wp:term":[{"taxonomy":"category","embeddable":true,"href":"https:\/\/blog.zeit.de\/zeit-der-leser\/wp-json\/wp\/v2\/categories?post=2558"},{"taxonomy":"post_tag","embeddable":true,"href":"https:\/\/blog.zeit.de\/zeit-der-leser\/wp-json\/wp\/v2\/tags?post=2558"}],"curies":[{"name":"wp","href":"https:\/\/api.w.org\/{rel}","templated":true}]}}