{"id":2638,"date":"2010-10-17T05:22:30","date_gmt":"2010-10-17T03:22:30","guid":{"rendered":"http:\/\/blog.zeit.de\/zeit-der-leser\/?p=2638"},"modified":"2010-10-13T15:22:40","modified_gmt":"2010-10-13T13:22:40","slug":"fuhrt-endlich-ein-tempolimit-ein","status":"publish","type":"post","link":"https:\/\/blog.zeit.de\/zeit-der-leser\/2010\/10\/17\/fuhrt-endlich-ein-tempolimit-ein\/","title":{"rendered":"F\u00fchrt endlich ein Tempolimit ein!"},"content":{"rendered":"<p>Als zugegeben reisetechnisch ein wenig unbedarfter \u00d6sterreicher gerate ich auf dem Weg nach Nordfrankreich mit einem Kleinwagen zum ersten Mal auf die deutsche Autobahn. Es dauert einige Zeit, bis ich begreife: Es ist ein Zur\u00fcck in die Geschichte. Ich verlasse die gem\u00fctlich egalit\u00e4re Moderne und sp\u00fcre die Macht der Gewalt, des Besitzes, das Vorrecht erlaubter R\u00fccksichtslosigkeit. Es ist klar: Ich mag das Autofahren nicht. Es ist tote, verlorene Zeit. Die schnelle Fortbewegung nagt an mir, sie raubt mir die Freude, l\u00e4sst mich den Wert des Daseins grunds\u00e4tzlich u\u0308berdenken. Also reise ich so selten wie m\u00f6glich. Und dann die deutsche Autobahn: Ich verstehe nun, wie Revolution\u00e4re gemacht werden, n\u00e4mlich durch fortgesetzte ungerechtfertigte Dem\u00fctigung vonseiten eines stupiden, protzigen, privilegiens\u00fcchtigen Gro\u00dfb\u00fcrgertums, dem ich hier, Jahrzehnte nach seinem Untergang, in automobiler Gestalt begegne. Und wie schon das Gro\u00dfb\u00fcrgertum des 19. Jahrhunderts weckt es Zweifel, da die Form dem Inhalt nicht entspricht. Wer verstehen m\u00f6chte, was die d\u00e4monische Grausamkeit eines Lenin entfachte, der begebe sich auf die deutsche Autobahn! In einem Augenblick echter Wut w\u00fcnschte ich diesen hohlk\u00f6pfigen Rasern einen neuen \u00f6sterreichischen F\u00fchrer an den Hals, der die automobile Deppenparade dorthin fu\u0308hrt, wo sie hingeh\u00f6rt, n\u00e4mlich in den Abgrund. Diesen Fluch nehme ich hiermit zur\u00fcck und beschw\u00f6re die Deutschen, besonders in Zeiten, wo doch l\u00e4ngst zehntausend Argumente in Richtung 80\/100 weisen, wenigstens ein Tempolimit einzuf\u00fchren, wie alle anderen Nationen auch.<\/p>\n<p><em>Marius Bonfert,Kottingbrunn, \u00d6sterreich<\/em><\/p>\n","protected":false},"excerpt":{"rendered":"<p>Als zugegeben reisetechnisch ein wenig unbedarfter \u00d6sterreicher gerate ich auf dem Weg nach Nordfrankreich mit einem Kleinwagen zum ersten Mal auf die deutsche Autobahn. Es dauert einige Zeit, bis ich begreife: Es ist ein Zur\u00fcck in die Geschichte. Ich verlasse die gem\u00fctlich egalit\u00e4re Moderne und sp\u00fcre die Macht der Gewalt, des Besitzes, das Vorrecht erlaubter [&hellip;]<\/p>\n","protected":false},"author":264,"featured_media":0,"comment_status":"open","ping_status":"open","sticky":false,"template":"","format":"standard","meta":{"_jetpack_memberships_contains_paid_content":false,"footnotes":""},"categories":[1869],"tags":[],"class_list":["post-2638","post","type-post","status-publish","format-standard","hentry","category-das-regt-mich-auf"],"yoast_head":"<!-- This site is optimized with the Yoast SEO plugin v21.0 - https:\/\/yoast.com\/wordpress\/plugins\/seo\/ -->\n<title>F\u00fchrt endlich ein Tempolimit ein! - ZEIT der Leser<\/title>\n<meta name=\"robots\" content=\"index, follow, max-snippet:-1, max-image-preview:large, max-video-preview:-1\" \/>\n<link rel=\"canonical\" href=\"https:\/\/blog.zeit.de\/zeit-der-leser\/2010\/10\/17\/fuhrt-endlich-ein-tempolimit-ein\/\" \/>\n<meta property=\"og:locale\" content=\"de_DE\" \/>\n<meta property=\"og:type\" content=\"article\" \/>\n<meta property=\"og:title\" content=\"F\u00fchrt endlich ein Tempolimit ein! - ZEIT der Leser\" \/>\n<meta property=\"og:description\" content=\"Als zugegeben reisetechnisch ein wenig unbedarfter \u00d6sterreicher gerate ich auf dem Weg nach Nordfrankreich mit einem Kleinwagen zum ersten Mal auf die deutsche Autobahn. Es dauert einige Zeit, bis ich begreife: Es ist ein Zur\u00fcck in die Geschichte. Ich verlasse die gem\u00fctlich egalit\u00e4re Moderne und sp\u00fcre die Macht der Gewalt, des Besitzes, das Vorrecht erlaubter [&hellip;]\" \/>\n<meta property=\"og:url\" content=\"https:\/\/blog.zeit.de\/zeit-der-leser\/2010\/10\/17\/fuhrt-endlich-ein-tempolimit-ein\/\" \/>\n<meta property=\"og:site_name\" content=\"ZEIT der Leser\" \/>\n<meta property=\"article:published_time\" content=\"2010-10-17T03:22:30+00:00\" \/>\n<meta property=\"article:modified_time\" content=\"2010-10-13T13:22:40+00:00\" \/>\n<meta name=\"author\" content=\"Zeit der Leser\" \/>\n<meta name=\"twitter:card\" content=\"summary_large_image\" \/>\n<meta name=\"twitter:label1\" content=\"Geschrieben von\" \/>\n\t<meta name=\"twitter:data1\" content=\"Zeit der Leser\" \/>\n\t<meta name=\"twitter:label2\" content=\"Gesch\u00e4tzte Lesezeit\" \/>\n\t<meta name=\"twitter:data2\" content=\"1\u00a0Minute\" \/>\n<script type=\"application\/ld+json\" class=\"yoast-schema-graph\">{\"@context\":\"https:\/\/schema.org\",\"@graph\":[{\"@type\":\"WebPage\",\"@id\":\"https:\/\/blog.zeit.de\/zeit-der-leser\/2010\/10\/17\/fuhrt-endlich-ein-tempolimit-ein\/\",\"url\":\"https:\/\/blog.zeit.de\/zeit-der-leser\/2010\/10\/17\/fuhrt-endlich-ein-tempolimit-ein\/\",\"name\":\"F\u00fchrt endlich ein Tempolimit ein! - ZEIT der Leser\",\"isPartOf\":{\"@id\":\"https:\/\/blog.zeit.de\/zeit-der-leser\/#website\"},\"datePublished\":\"2010-10-17T03:22:30+00:00\",\"dateModified\":\"2010-10-13T13:22:40+00:00\",\"author\":{\"@id\":\"https:\/\/blog.zeit.de\/zeit-der-leser\/#\/schema\/person\/e248c7ff5a10552f6a3bd5e9385b3667\"},\"breadcrumb\":{\"@id\":\"https:\/\/blog.zeit.de\/zeit-der-leser\/2010\/10\/17\/fuhrt-endlich-ein-tempolimit-ein\/#breadcrumb\"},\"inLanguage\":\"de\",\"potentialAction\":[{\"@type\":\"ReadAction\",\"target\":[\"https:\/\/blog.zeit.de\/zeit-der-leser\/2010\/10\/17\/fuhrt-endlich-ein-tempolimit-ein\/\"]}]},{\"@type\":\"BreadcrumbList\",\"@id\":\"https:\/\/blog.zeit.de\/zeit-der-leser\/2010\/10\/17\/fuhrt-endlich-ein-tempolimit-ein\/#breadcrumb\",\"itemListElement\":[{\"@type\":\"ListItem\",\"position\":1,\"name\":\"Startseite\",\"item\":\"https:\/\/blog.zeit.de\/zeit-der-leser\/\"},{\"@type\":\"ListItem\",\"position\":2,\"name\":\"F\u00fchrt endlich ein Tempolimit ein!\"}]},{\"@type\":\"WebSite\",\"@id\":\"https:\/\/blog.zeit.de\/zeit-der-leser\/#website\",\"url\":\"https:\/\/blog.zeit.de\/zeit-der-leser\/\",\"name\":\"ZEIT der Leser\",\"description\":\"Ein Blog mit Ihren Notizen, Gedichten und Bildern f\u00fcr die gedruckte ZEIT\",\"potentialAction\":[{\"@type\":\"SearchAction\",\"target\":{\"@type\":\"EntryPoint\",\"urlTemplate\":\"https:\/\/blog.zeit.de\/zeit-der-leser\/?s={search_term_string}\"},\"query-input\":\"required name=search_term_string\"}],\"inLanguage\":\"de\"},{\"@type\":\"Person\",\"@id\":\"https:\/\/blog.zeit.de\/zeit-der-leser\/#\/schema\/person\/e248c7ff5a10552f6a3bd5e9385b3667\",\"name\":\"Zeit der Leser\",\"image\":{\"@type\":\"ImageObject\",\"inLanguage\":\"de\",\"@id\":\"https:\/\/blog.zeit.de\/zeit-der-leser\/#\/schema\/person\/image\/\",\"url\":\"https:\/\/secure.gravatar.com\/avatar\/529bb2731085995bda6c8ba0e4da7e528ea8be4e6c7abdd217f176e2309035f6?s=96&d=mm&r=g\",\"contentUrl\":\"https:\/\/secure.gravatar.com\/avatar\/529bb2731085995bda6c8ba0e4da7e528ea8be4e6c7abdd217f176e2309035f6?s=96&d=mm&r=g\",\"caption\":\"Zeit der Leser\"},\"url\":\"https:\/\/blog.zeit.de\/zeit-der-leser\/author\/zeit-der-leser\/\"}]}<\/script>\n<!-- \/ Yoast SEO plugin. -->","yoast_head_json":{"title":"F\u00fchrt endlich ein Tempolimit ein! - ZEIT der Leser","robots":{"index":"index","follow":"follow","max-snippet":"max-snippet:-1","max-image-preview":"max-image-preview:large","max-video-preview":"max-video-preview:-1"},"canonical":"https:\/\/blog.zeit.de\/zeit-der-leser\/2010\/10\/17\/fuhrt-endlich-ein-tempolimit-ein\/","og_locale":"de_DE","og_type":"article","og_title":"F\u00fchrt endlich ein Tempolimit ein! - ZEIT der Leser","og_description":"Als zugegeben reisetechnisch ein wenig unbedarfter \u00d6sterreicher gerate ich auf dem Weg nach Nordfrankreich mit einem Kleinwagen zum ersten Mal auf die deutsche Autobahn. Es dauert einige Zeit, bis ich begreife: Es ist ein Zur\u00fcck in die Geschichte. Ich verlasse die gem\u00fctlich egalit\u00e4re Moderne und sp\u00fcre die Macht der Gewalt, des Besitzes, das Vorrecht erlaubter [&hellip;]","og_url":"https:\/\/blog.zeit.de\/zeit-der-leser\/2010\/10\/17\/fuhrt-endlich-ein-tempolimit-ein\/","og_site_name":"ZEIT der Leser","article_published_time":"2010-10-17T03:22:30+00:00","article_modified_time":"2010-10-13T13:22:40+00:00","author":"Zeit der Leser","twitter_card":"summary_large_image","twitter_misc":{"Geschrieben von":"Zeit der Leser","Gesch\u00e4tzte Lesezeit":"1\u00a0Minute"},"schema":{"@context":"https:\/\/schema.org","@graph":[{"@type":"WebPage","@id":"https:\/\/blog.zeit.de\/zeit-der-leser\/2010\/10\/17\/fuhrt-endlich-ein-tempolimit-ein\/","url":"https:\/\/blog.zeit.de\/zeit-der-leser\/2010\/10\/17\/fuhrt-endlich-ein-tempolimit-ein\/","name":"F\u00fchrt endlich ein Tempolimit ein! - ZEIT der Leser","isPartOf":{"@id":"https:\/\/blog.zeit.de\/zeit-der-leser\/#website"},"datePublished":"2010-10-17T03:22:30+00:00","dateModified":"2010-10-13T13:22:40+00:00","author":{"@id":"https:\/\/blog.zeit.de\/zeit-der-leser\/#\/schema\/person\/e248c7ff5a10552f6a3bd5e9385b3667"},"breadcrumb":{"@id":"https:\/\/blog.zeit.de\/zeit-der-leser\/2010\/10\/17\/fuhrt-endlich-ein-tempolimit-ein\/#breadcrumb"},"inLanguage":"de","potentialAction":[{"@type":"ReadAction","target":["https:\/\/blog.zeit.de\/zeit-der-leser\/2010\/10\/17\/fuhrt-endlich-ein-tempolimit-ein\/"]}]},{"@type":"BreadcrumbList","@id":"https:\/\/blog.zeit.de\/zeit-der-leser\/2010\/10\/17\/fuhrt-endlich-ein-tempolimit-ein\/#breadcrumb","itemListElement":[{"@type":"ListItem","position":1,"name":"Startseite","item":"https:\/\/blog.zeit.de\/zeit-der-leser\/"},{"@type":"ListItem","position":2,"name":"F\u00fchrt endlich ein Tempolimit ein!"}]},{"@type":"WebSite","@id":"https:\/\/blog.zeit.de\/zeit-der-leser\/#website","url":"https:\/\/blog.zeit.de\/zeit-der-leser\/","name":"ZEIT der Leser","description":"Ein Blog mit Ihren Notizen, Gedichten und Bildern f\u00fcr die gedruckte ZEIT","potentialAction":[{"@type":"SearchAction","target":{"@type":"EntryPoint","urlTemplate":"https:\/\/blog.zeit.de\/zeit-der-leser\/?s={search_term_string}"},"query-input":"required name=search_term_string"}],"inLanguage":"de"},{"@type":"Person","@id":"https:\/\/blog.zeit.de\/zeit-der-leser\/#\/schema\/person\/e248c7ff5a10552f6a3bd5e9385b3667","name":"Zeit der Leser","image":{"@type":"ImageObject","inLanguage":"de","@id":"https:\/\/blog.zeit.de\/zeit-der-leser\/#\/schema\/person\/image\/","url":"https:\/\/secure.gravatar.com\/avatar\/529bb2731085995bda6c8ba0e4da7e528ea8be4e6c7abdd217f176e2309035f6?s=96&d=mm&r=g","contentUrl":"https:\/\/secure.gravatar.com\/avatar\/529bb2731085995bda6c8ba0e4da7e528ea8be4e6c7abdd217f176e2309035f6?s=96&d=mm&r=g","caption":"Zeit der Leser"},"url":"https:\/\/blog.zeit.de\/zeit-der-leser\/author\/zeit-der-leser\/"}]}},"jetpack_featured_media_url":"","jetpack_sharing_enabled":true,"_links":{"self":[{"href":"https:\/\/blog.zeit.de\/zeit-der-leser\/wp-json\/wp\/v2\/posts\/2638","targetHints":{"allow":["GET"]}}],"collection":[{"href":"https:\/\/blog.zeit.de\/zeit-der-leser\/wp-json\/wp\/v2\/posts"}],"about":[{"href":"https:\/\/blog.zeit.de\/zeit-der-leser\/wp-json\/wp\/v2\/types\/post"}],"author":[{"embeddable":true,"href":"https:\/\/blog.zeit.de\/zeit-der-leser\/wp-json\/wp\/v2\/users\/264"}],"replies":[{"embeddable":true,"href":"https:\/\/blog.zeit.de\/zeit-der-leser\/wp-json\/wp\/v2\/comments?post=2638"}],"version-history":[{"count":2,"href":"https:\/\/blog.zeit.de\/zeit-der-leser\/wp-json\/wp\/v2\/posts\/2638\/revisions"}],"predecessor-version":[{"id":2640,"href":"https:\/\/blog.zeit.de\/zeit-der-leser\/wp-json\/wp\/v2\/posts\/2638\/revisions\/2640"}],"wp:attachment":[{"href":"https:\/\/blog.zeit.de\/zeit-der-leser\/wp-json\/wp\/v2\/media?parent=2638"}],"wp:term":[{"taxonomy":"category","embeddable":true,"href":"https:\/\/blog.zeit.de\/zeit-der-leser\/wp-json\/wp\/v2\/categories?post=2638"},{"taxonomy":"post_tag","embeddable":true,"href":"https:\/\/blog.zeit.de\/zeit-der-leser\/wp-json\/wp\/v2\/tags?post=2638"}],"curies":[{"name":"wp","href":"https:\/\/api.w.org\/{rel}","templated":true}]}}