{"id":2683,"date":"2010-10-21T05:51:22","date_gmt":"2010-10-21T03:51:22","guid":{"rendered":"http:\/\/blog.zeit.de\/zeit-der-leser\/?p=2683"},"modified":"2010-10-20T13:55:56","modified_gmt":"2010-10-20T11:55:56","slug":"2683","status":"publish","type":"post","link":"https:\/\/blog.zeit.de\/zeit-der-leser\/2010\/10\/21\/2683\/","title":{"rendered":"Der Terror der Laubbl\u00e4ser"},"content":{"rendered":"<p>Der Herbst k\u00f6nnte so sch\u00f6n sein: das Rascheln des Laubs auf den Stra\u00dfen, die warmen Sonnenstrahlen auf der Haut (seit gef\u00fchlten f\u00fcnf Sommern gab es keine so langen Sch\u00f6nwetterphasen mehr). Doch die beruhigende Herbstidylle, die auf die ruhige Winterzeit (in Bayern: die &#8222;stade Zeit&#8220;) vorzubereiten versucht, wird durch eine Erfindung der modernen Zivilisation fast g\u00e4nzlich zunichte gemacht. Laubbl\u00e4ser, eingesetzt von ganzen Hausmeistertrupps, schneiden sich lautstark mit ihrem gr\u00e4sslichen Motorenger\u00e4usch durch den Herbst.<\/p>\n<p>Denn Herbst bedeutet leider heute nicht mehr Ausklang des Jahres und Vorbereitung auf die besinnliche Zeit des Jahres. Nein, auch im Herbst wollen die Deutschen vor allem Ordnung machen. Es scheint ihnen angeboren zu sein. Sobald die ersten Bl\u00e4tter auf der Stra\u00dfe, dem Gehweg und dem Rasen liegen: hinfort damit! Und das geht anscheinend in dieser ohnehin schon so hektischen und gleichzeitig verw\u00f6hntbequemlichen Zeit nicht mehr mit dem leisen und emissionsfreien Besen und Rechen. Nein, in Zeiten von Klimaerw\u00e4rmung, h\u00f6chsten Spritpreisen und angeblich immer sparsameren Autos kann man ja den solcherart eingesparten Sprit gleich wieder beim Betrieb von Laubbl\u00e4sern verheizen! Laubsauger, die das Laub wenigstens effizient einsammeln und nicht nur nutzlos von einer in die andere Ecke wirbeln, sind da bei Weitem nicht so beliebt.<br \/>\n<em><br \/>\nChristoph Schwalb, Freilassing, Oberbayern<\/em><\/p>\n","protected":false},"excerpt":{"rendered":"<p>Der Herbst k\u00f6nnte so sch\u00f6n sein: das Rascheln des Laubs auf den Stra\u00dfen, die warmen Sonnenstrahlen auf der Haut (seit gef\u00fchlten f\u00fcnf Sommern gab es keine so langen Sch\u00f6nwetterphasen mehr). Doch die beruhigende Herbstidylle, die auf die ruhige Winterzeit (in Bayern: die &#8222;stade Zeit&#8220;) vorzubereiten versucht, wird durch eine Erfindung der modernen Zivilisation fast g\u00e4nzlich [&hellip;]<\/p>\n","protected":false},"author":264,"featured_media":0,"comment_status":"open","ping_status":"open","sticky":false,"template":"","format":"standard","meta":{"_jetpack_memberships_contains_paid_content":false,"footnotes":""},"categories":[1869],"tags":[],"class_list":["post-2683","post","type-post","status-publish","format-standard","hentry","category-das-regt-mich-auf"],"yoast_head":"<!-- This site is optimized with the Yoast SEO plugin v21.0 - https:\/\/yoast.com\/wordpress\/plugins\/seo\/ -->\n<title>Der Terror der Laubbl\u00e4ser - ZEIT der Leser<\/title>\n<meta name=\"robots\" content=\"index, follow, max-snippet:-1, max-image-preview:large, max-video-preview:-1\" \/>\n<link rel=\"canonical\" href=\"https:\/\/blog.zeit.de\/zeit-der-leser\/2010\/10\/21\/2683\/\" \/>\n<meta property=\"og:locale\" content=\"de_DE\" \/>\n<meta property=\"og:type\" content=\"article\" \/>\n<meta property=\"og:title\" content=\"Der Terror der Laubbl\u00e4ser - ZEIT der Leser\" \/>\n<meta property=\"og:description\" content=\"Der Herbst k\u00f6nnte so sch\u00f6n sein: das Rascheln des Laubs auf den Stra\u00dfen, die warmen Sonnenstrahlen auf der Haut (seit gef\u00fchlten f\u00fcnf Sommern gab es keine so langen Sch\u00f6nwetterphasen mehr). Doch die beruhigende Herbstidylle, die auf die ruhige Winterzeit (in Bayern: die &#8222;stade Zeit&#8220;) vorzubereiten versucht, wird durch eine Erfindung der modernen Zivilisation fast g\u00e4nzlich [&hellip;]\" \/>\n<meta property=\"og:url\" content=\"https:\/\/blog.zeit.de\/zeit-der-leser\/2010\/10\/21\/2683\/\" \/>\n<meta property=\"og:site_name\" content=\"ZEIT der Leser\" \/>\n<meta property=\"article:published_time\" content=\"2010-10-21T03:51:22+00:00\" \/>\n<meta property=\"article:modified_time\" content=\"2010-10-20T11:55:56+00:00\" \/>\n<meta name=\"author\" content=\"Zeit der Leser\" \/>\n<meta name=\"twitter:card\" content=\"summary_large_image\" \/>\n<meta name=\"twitter:label1\" content=\"Geschrieben von\" \/>\n\t<meta name=\"twitter:data1\" content=\"Zeit der Leser\" \/>\n\t<meta name=\"twitter:label2\" content=\"Gesch\u00e4tzte Lesezeit\" \/>\n\t<meta name=\"twitter:data2\" content=\"1\u00a0Minute\" \/>\n<script type=\"application\/ld+json\" class=\"yoast-schema-graph\">{\"@context\":\"https:\/\/schema.org\",\"@graph\":[{\"@type\":\"WebPage\",\"@id\":\"https:\/\/blog.zeit.de\/zeit-der-leser\/2010\/10\/21\/2683\/\",\"url\":\"https:\/\/blog.zeit.de\/zeit-der-leser\/2010\/10\/21\/2683\/\",\"name\":\"Der Terror der Laubbl\u00e4ser - ZEIT der Leser\",\"isPartOf\":{\"@id\":\"https:\/\/blog.zeit.de\/zeit-der-leser\/#website\"},\"datePublished\":\"2010-10-21T03:51:22+00:00\",\"dateModified\":\"2010-10-20T11:55:56+00:00\",\"author\":{\"@id\":\"https:\/\/blog.zeit.de\/zeit-der-leser\/#\/schema\/person\/e248c7ff5a10552f6a3bd5e9385b3667\"},\"breadcrumb\":{\"@id\":\"https:\/\/blog.zeit.de\/zeit-der-leser\/2010\/10\/21\/2683\/#breadcrumb\"},\"inLanguage\":\"de\",\"potentialAction\":[{\"@type\":\"ReadAction\",\"target\":[\"https:\/\/blog.zeit.de\/zeit-der-leser\/2010\/10\/21\/2683\/\"]}]},{\"@type\":\"BreadcrumbList\",\"@id\":\"https:\/\/blog.zeit.de\/zeit-der-leser\/2010\/10\/21\/2683\/#breadcrumb\",\"itemListElement\":[{\"@type\":\"ListItem\",\"position\":1,\"name\":\"Startseite\",\"item\":\"https:\/\/blog.zeit.de\/zeit-der-leser\/\"},{\"@type\":\"ListItem\",\"position\":2,\"name\":\"Der Terror der Laubbl\u00e4ser\"}]},{\"@type\":\"WebSite\",\"@id\":\"https:\/\/blog.zeit.de\/zeit-der-leser\/#website\",\"url\":\"https:\/\/blog.zeit.de\/zeit-der-leser\/\",\"name\":\"ZEIT der Leser\",\"description\":\"Ein Blog mit Ihren Notizen, Gedichten und Bildern f\u00fcr die gedruckte ZEIT\",\"potentialAction\":[{\"@type\":\"SearchAction\",\"target\":{\"@type\":\"EntryPoint\",\"urlTemplate\":\"https:\/\/blog.zeit.de\/zeit-der-leser\/?s={search_term_string}\"},\"query-input\":\"required name=search_term_string\"}],\"inLanguage\":\"de\"},{\"@type\":\"Person\",\"@id\":\"https:\/\/blog.zeit.de\/zeit-der-leser\/#\/schema\/person\/e248c7ff5a10552f6a3bd5e9385b3667\",\"name\":\"Zeit der Leser\",\"image\":{\"@type\":\"ImageObject\",\"inLanguage\":\"de\",\"@id\":\"https:\/\/blog.zeit.de\/zeit-der-leser\/#\/schema\/person\/image\/\",\"url\":\"https:\/\/secure.gravatar.com\/avatar\/529bb2731085995bda6c8ba0e4da7e528ea8be4e6c7abdd217f176e2309035f6?s=96&d=mm&r=g\",\"contentUrl\":\"https:\/\/secure.gravatar.com\/avatar\/529bb2731085995bda6c8ba0e4da7e528ea8be4e6c7abdd217f176e2309035f6?s=96&d=mm&r=g\",\"caption\":\"Zeit der Leser\"},\"url\":\"https:\/\/blog.zeit.de\/zeit-der-leser\/author\/zeit-der-leser\/\"}]}<\/script>\n<!-- \/ Yoast SEO plugin. -->","yoast_head_json":{"title":"Der Terror der Laubbl\u00e4ser - ZEIT der Leser","robots":{"index":"index","follow":"follow","max-snippet":"max-snippet:-1","max-image-preview":"max-image-preview:large","max-video-preview":"max-video-preview:-1"},"canonical":"https:\/\/blog.zeit.de\/zeit-der-leser\/2010\/10\/21\/2683\/","og_locale":"de_DE","og_type":"article","og_title":"Der Terror der Laubbl\u00e4ser - ZEIT der Leser","og_description":"Der Herbst k\u00f6nnte so sch\u00f6n sein: das Rascheln des Laubs auf den Stra\u00dfen, die warmen Sonnenstrahlen auf der Haut (seit gef\u00fchlten f\u00fcnf Sommern gab es keine so langen Sch\u00f6nwetterphasen mehr). Doch die beruhigende Herbstidylle, die auf die ruhige Winterzeit (in Bayern: die &#8222;stade Zeit&#8220;) vorzubereiten versucht, wird durch eine Erfindung der modernen Zivilisation fast g\u00e4nzlich [&hellip;]","og_url":"https:\/\/blog.zeit.de\/zeit-der-leser\/2010\/10\/21\/2683\/","og_site_name":"ZEIT der Leser","article_published_time":"2010-10-21T03:51:22+00:00","article_modified_time":"2010-10-20T11:55:56+00:00","author":"Zeit der Leser","twitter_card":"summary_large_image","twitter_misc":{"Geschrieben von":"Zeit der Leser","Gesch\u00e4tzte Lesezeit":"1\u00a0Minute"},"schema":{"@context":"https:\/\/schema.org","@graph":[{"@type":"WebPage","@id":"https:\/\/blog.zeit.de\/zeit-der-leser\/2010\/10\/21\/2683\/","url":"https:\/\/blog.zeit.de\/zeit-der-leser\/2010\/10\/21\/2683\/","name":"Der Terror der Laubbl\u00e4ser - ZEIT der Leser","isPartOf":{"@id":"https:\/\/blog.zeit.de\/zeit-der-leser\/#website"},"datePublished":"2010-10-21T03:51:22+00:00","dateModified":"2010-10-20T11:55:56+00:00","author":{"@id":"https:\/\/blog.zeit.de\/zeit-der-leser\/#\/schema\/person\/e248c7ff5a10552f6a3bd5e9385b3667"},"breadcrumb":{"@id":"https:\/\/blog.zeit.de\/zeit-der-leser\/2010\/10\/21\/2683\/#breadcrumb"},"inLanguage":"de","potentialAction":[{"@type":"ReadAction","target":["https:\/\/blog.zeit.de\/zeit-der-leser\/2010\/10\/21\/2683\/"]}]},{"@type":"BreadcrumbList","@id":"https:\/\/blog.zeit.de\/zeit-der-leser\/2010\/10\/21\/2683\/#breadcrumb","itemListElement":[{"@type":"ListItem","position":1,"name":"Startseite","item":"https:\/\/blog.zeit.de\/zeit-der-leser\/"},{"@type":"ListItem","position":2,"name":"Der Terror der Laubbl\u00e4ser"}]},{"@type":"WebSite","@id":"https:\/\/blog.zeit.de\/zeit-der-leser\/#website","url":"https:\/\/blog.zeit.de\/zeit-der-leser\/","name":"ZEIT der Leser","description":"Ein Blog mit Ihren Notizen, Gedichten und Bildern f\u00fcr die gedruckte ZEIT","potentialAction":[{"@type":"SearchAction","target":{"@type":"EntryPoint","urlTemplate":"https:\/\/blog.zeit.de\/zeit-der-leser\/?s={search_term_string}"},"query-input":"required name=search_term_string"}],"inLanguage":"de"},{"@type":"Person","@id":"https:\/\/blog.zeit.de\/zeit-der-leser\/#\/schema\/person\/e248c7ff5a10552f6a3bd5e9385b3667","name":"Zeit der Leser","image":{"@type":"ImageObject","inLanguage":"de","@id":"https:\/\/blog.zeit.de\/zeit-der-leser\/#\/schema\/person\/image\/","url":"https:\/\/secure.gravatar.com\/avatar\/529bb2731085995bda6c8ba0e4da7e528ea8be4e6c7abdd217f176e2309035f6?s=96&d=mm&r=g","contentUrl":"https:\/\/secure.gravatar.com\/avatar\/529bb2731085995bda6c8ba0e4da7e528ea8be4e6c7abdd217f176e2309035f6?s=96&d=mm&r=g","caption":"Zeit der Leser"},"url":"https:\/\/blog.zeit.de\/zeit-der-leser\/author\/zeit-der-leser\/"}]}},"jetpack_featured_media_url":"","jetpack_sharing_enabled":true,"_links":{"self":[{"href":"https:\/\/blog.zeit.de\/zeit-der-leser\/wp-json\/wp\/v2\/posts\/2683","targetHints":{"allow":["GET"]}}],"collection":[{"href":"https:\/\/blog.zeit.de\/zeit-der-leser\/wp-json\/wp\/v2\/posts"}],"about":[{"href":"https:\/\/blog.zeit.de\/zeit-der-leser\/wp-json\/wp\/v2\/types\/post"}],"author":[{"embeddable":true,"href":"https:\/\/blog.zeit.de\/zeit-der-leser\/wp-json\/wp\/v2\/users\/264"}],"replies":[{"embeddable":true,"href":"https:\/\/blog.zeit.de\/zeit-der-leser\/wp-json\/wp\/v2\/comments?post=2683"}],"version-history":[{"count":2,"href":"https:\/\/blog.zeit.de\/zeit-der-leser\/wp-json\/wp\/v2\/posts\/2683\/revisions"}],"predecessor-version":[{"id":2685,"href":"https:\/\/blog.zeit.de\/zeit-der-leser\/wp-json\/wp\/v2\/posts\/2683\/revisions\/2685"}],"wp:attachment":[{"href":"https:\/\/blog.zeit.de\/zeit-der-leser\/wp-json\/wp\/v2\/media?parent=2683"}],"wp:term":[{"taxonomy":"category","embeddable":true,"href":"https:\/\/blog.zeit.de\/zeit-der-leser\/wp-json\/wp\/v2\/categories?post=2683"},{"taxonomy":"post_tag","embeddable":true,"href":"https:\/\/blog.zeit.de\/zeit-der-leser\/wp-json\/wp\/v2\/tags?post=2683"}],"curies":[{"name":"wp","href":"https:\/\/api.w.org\/{rel}","templated":true}]}}