{"id":2750,"date":"2010-10-26T15:39:24","date_gmt":"2010-10-26T13:39:24","guid":{"rendered":"http:\/\/blog.zeit.de\/zeit-der-leser\/?p=2750"},"modified":"2010-10-21T12:46:08","modified_gmt":"2010-10-21T10:46:08","slug":"logik-des-bahnhofs","status":"publish","type":"post","link":"https:\/\/blog.zeit.de\/zeit-der-leser\/2010\/10\/26\/logik-des-bahnhofs\/","title":{"rendered":"Logik des Bahnhofs"},"content":{"rendered":"<p>Mit meinen beiden S\u00f6hnen, 11 und 13 Jahre alt, schauten wir, was in Stuttgart so passierte. Ich versuchte danach, den beiden Jungen zu erkl\u00e4ren, um was es eigentlich geht, erl\u00e4uterte ihnen das Projekt mit Bildern &#8211; der Kopfbahnhof wird zum Durchgangsbahnhof quer mit Tunnel durch den Berg &#8211; und dass das Ganze in 10 Jahren fertig sein soll. Unverst\u00e4ndliches Staunen bei beiden Jungen: &#8222;Manno&#8230;10 Jahre, da sind wir doch beide erwachsen!&#8220; Dann der Kleine, fassungslos: &#8222;Papa, machst du auch keinen Quatsch? Wenn die 10 Jahre Zeit haben, warum m\u00fcssen die dann am ersten Tag mitten in der Nacht damit anfangen?!&#8220; Ratloses Schweigen. Hat jemand eine plausible Antwort f\u00fcr den 11-J\u00e4hrigen?<\/p>\n<p><em>Harald Raebiger, Bad Wimpfen<\/em><\/p>\n","protected":false},"excerpt":{"rendered":"<p>Mit meinen beiden S\u00f6hnen, 11 und 13 Jahre alt, schauten wir, was in Stuttgart so passierte. Ich versuchte danach, den beiden Jungen zu erkl\u00e4ren, um was es eigentlich geht, erl\u00e4uterte ihnen das Projekt mit Bildern &#8211; der Kopfbahnhof wird zum Durchgangsbahnhof quer mit Tunnel durch den Berg &#8211; und dass das Ganze in 10 Jahren [&hellip;]<\/p>\n","protected":false},"author":264,"featured_media":0,"comment_status":"open","ping_status":"open","sticky":false,"template":"","format":"standard","meta":{"_jetpack_memberships_contains_paid_content":false,"footnotes":""},"categories":[1869],"tags":[],"class_list":["post-2750","post","type-post","status-publish","format-standard","hentry","category-das-regt-mich-auf"],"yoast_head":"<!-- This site is optimized with the Yoast SEO plugin v21.0 - https:\/\/yoast.com\/wordpress\/plugins\/seo\/ -->\n<title>Logik des Bahnhofs - ZEIT der Leser<\/title>\n<meta name=\"robots\" content=\"index, follow, max-snippet:-1, max-image-preview:large, max-video-preview:-1\" \/>\n<link rel=\"canonical\" href=\"https:\/\/blog.zeit.de\/zeit-der-leser\/2010\/10\/26\/logik-des-bahnhofs\/\" \/>\n<meta property=\"og:locale\" content=\"de_DE\" \/>\n<meta property=\"og:type\" content=\"article\" \/>\n<meta property=\"og:title\" content=\"Logik des Bahnhofs - ZEIT der Leser\" \/>\n<meta property=\"og:description\" content=\"Mit meinen beiden S\u00f6hnen, 11 und 13 Jahre alt, schauten wir, was in Stuttgart so passierte. Ich versuchte danach, den beiden Jungen zu erkl\u00e4ren, um was es eigentlich geht, erl\u00e4uterte ihnen das Projekt mit Bildern &#8211; der Kopfbahnhof wird zum Durchgangsbahnhof quer mit Tunnel durch den Berg &#8211; und dass das Ganze in 10 Jahren [&hellip;]\" \/>\n<meta property=\"og:url\" content=\"https:\/\/blog.zeit.de\/zeit-der-leser\/2010\/10\/26\/logik-des-bahnhofs\/\" \/>\n<meta property=\"og:site_name\" content=\"ZEIT der Leser\" \/>\n<meta property=\"article:published_time\" content=\"2010-10-26T13:39:24+00:00\" \/>\n<meta property=\"article:modified_time\" content=\"2010-10-21T10:46:08+00:00\" \/>\n<meta name=\"author\" content=\"Zeit der Leser\" \/>\n<meta name=\"twitter:card\" content=\"summary_large_image\" \/>\n<meta name=\"twitter:label1\" content=\"Geschrieben von\" \/>\n\t<meta name=\"twitter:data1\" content=\"Zeit der Leser\" \/>\n\t<meta name=\"twitter:label2\" content=\"Gesch\u00e4tzte Lesezeit\" \/>\n\t<meta name=\"twitter:data2\" content=\"1\u00a0Minute\" \/>\n<script type=\"application\/ld+json\" class=\"yoast-schema-graph\">{\"@context\":\"https:\/\/schema.org\",\"@graph\":[{\"@type\":\"WebPage\",\"@id\":\"https:\/\/blog.zeit.de\/zeit-der-leser\/2010\/10\/26\/logik-des-bahnhofs\/\",\"url\":\"https:\/\/blog.zeit.de\/zeit-der-leser\/2010\/10\/26\/logik-des-bahnhofs\/\",\"name\":\"Logik des Bahnhofs - ZEIT der Leser\",\"isPartOf\":{\"@id\":\"https:\/\/blog.zeit.de\/zeit-der-leser\/#website\"},\"datePublished\":\"2010-10-26T13:39:24+00:00\",\"dateModified\":\"2010-10-21T10:46:08+00:00\",\"author\":{\"@id\":\"https:\/\/blog.zeit.de\/zeit-der-leser\/#\/schema\/person\/e248c7ff5a10552f6a3bd5e9385b3667\"},\"breadcrumb\":{\"@id\":\"https:\/\/blog.zeit.de\/zeit-der-leser\/2010\/10\/26\/logik-des-bahnhofs\/#breadcrumb\"},\"inLanguage\":\"de\",\"potentialAction\":[{\"@type\":\"ReadAction\",\"target\":[\"https:\/\/blog.zeit.de\/zeit-der-leser\/2010\/10\/26\/logik-des-bahnhofs\/\"]}]},{\"@type\":\"BreadcrumbList\",\"@id\":\"https:\/\/blog.zeit.de\/zeit-der-leser\/2010\/10\/26\/logik-des-bahnhofs\/#breadcrumb\",\"itemListElement\":[{\"@type\":\"ListItem\",\"position\":1,\"name\":\"Startseite\",\"item\":\"https:\/\/blog.zeit.de\/zeit-der-leser\/\"},{\"@type\":\"ListItem\",\"position\":2,\"name\":\"Logik des Bahnhofs\"}]},{\"@type\":\"WebSite\",\"@id\":\"https:\/\/blog.zeit.de\/zeit-der-leser\/#website\",\"url\":\"https:\/\/blog.zeit.de\/zeit-der-leser\/\",\"name\":\"ZEIT der Leser\",\"description\":\"Ein Blog mit Ihren Notizen, Gedichten und Bildern f\u00fcr die gedruckte ZEIT\",\"potentialAction\":[{\"@type\":\"SearchAction\",\"target\":{\"@type\":\"EntryPoint\",\"urlTemplate\":\"https:\/\/blog.zeit.de\/zeit-der-leser\/?s={search_term_string}\"},\"query-input\":\"required name=search_term_string\"}],\"inLanguage\":\"de\"},{\"@type\":\"Person\",\"@id\":\"https:\/\/blog.zeit.de\/zeit-der-leser\/#\/schema\/person\/e248c7ff5a10552f6a3bd5e9385b3667\",\"name\":\"Zeit der Leser\",\"image\":{\"@type\":\"ImageObject\",\"inLanguage\":\"de\",\"@id\":\"https:\/\/blog.zeit.de\/zeit-der-leser\/#\/schema\/person\/image\/\",\"url\":\"https:\/\/secure.gravatar.com\/avatar\/529bb2731085995bda6c8ba0e4da7e528ea8be4e6c7abdd217f176e2309035f6?s=96&d=mm&r=g\",\"contentUrl\":\"https:\/\/secure.gravatar.com\/avatar\/529bb2731085995bda6c8ba0e4da7e528ea8be4e6c7abdd217f176e2309035f6?s=96&d=mm&r=g\",\"caption\":\"Zeit der Leser\"},\"url\":\"https:\/\/blog.zeit.de\/zeit-der-leser\/author\/zeit-der-leser\/\"}]}<\/script>\n<!-- \/ Yoast SEO plugin. -->","yoast_head_json":{"title":"Logik des Bahnhofs - ZEIT der Leser","robots":{"index":"index","follow":"follow","max-snippet":"max-snippet:-1","max-image-preview":"max-image-preview:large","max-video-preview":"max-video-preview:-1"},"canonical":"https:\/\/blog.zeit.de\/zeit-der-leser\/2010\/10\/26\/logik-des-bahnhofs\/","og_locale":"de_DE","og_type":"article","og_title":"Logik des Bahnhofs - ZEIT der Leser","og_description":"Mit meinen beiden S\u00f6hnen, 11 und 13 Jahre alt, schauten wir, was in Stuttgart so passierte. Ich versuchte danach, den beiden Jungen zu erkl\u00e4ren, um was es eigentlich geht, erl\u00e4uterte ihnen das Projekt mit Bildern &#8211; der Kopfbahnhof wird zum Durchgangsbahnhof quer mit Tunnel durch den Berg &#8211; und dass das Ganze in 10 Jahren [&hellip;]","og_url":"https:\/\/blog.zeit.de\/zeit-der-leser\/2010\/10\/26\/logik-des-bahnhofs\/","og_site_name":"ZEIT der Leser","article_published_time":"2010-10-26T13:39:24+00:00","article_modified_time":"2010-10-21T10:46:08+00:00","author":"Zeit der Leser","twitter_card":"summary_large_image","twitter_misc":{"Geschrieben von":"Zeit der Leser","Gesch\u00e4tzte Lesezeit":"1\u00a0Minute"},"schema":{"@context":"https:\/\/schema.org","@graph":[{"@type":"WebPage","@id":"https:\/\/blog.zeit.de\/zeit-der-leser\/2010\/10\/26\/logik-des-bahnhofs\/","url":"https:\/\/blog.zeit.de\/zeit-der-leser\/2010\/10\/26\/logik-des-bahnhofs\/","name":"Logik des Bahnhofs - ZEIT der Leser","isPartOf":{"@id":"https:\/\/blog.zeit.de\/zeit-der-leser\/#website"},"datePublished":"2010-10-26T13:39:24+00:00","dateModified":"2010-10-21T10:46:08+00:00","author":{"@id":"https:\/\/blog.zeit.de\/zeit-der-leser\/#\/schema\/person\/e248c7ff5a10552f6a3bd5e9385b3667"},"breadcrumb":{"@id":"https:\/\/blog.zeit.de\/zeit-der-leser\/2010\/10\/26\/logik-des-bahnhofs\/#breadcrumb"},"inLanguage":"de","potentialAction":[{"@type":"ReadAction","target":["https:\/\/blog.zeit.de\/zeit-der-leser\/2010\/10\/26\/logik-des-bahnhofs\/"]}]},{"@type":"BreadcrumbList","@id":"https:\/\/blog.zeit.de\/zeit-der-leser\/2010\/10\/26\/logik-des-bahnhofs\/#breadcrumb","itemListElement":[{"@type":"ListItem","position":1,"name":"Startseite","item":"https:\/\/blog.zeit.de\/zeit-der-leser\/"},{"@type":"ListItem","position":2,"name":"Logik des Bahnhofs"}]},{"@type":"WebSite","@id":"https:\/\/blog.zeit.de\/zeit-der-leser\/#website","url":"https:\/\/blog.zeit.de\/zeit-der-leser\/","name":"ZEIT der Leser","description":"Ein Blog mit Ihren Notizen, Gedichten und Bildern f\u00fcr die gedruckte ZEIT","potentialAction":[{"@type":"SearchAction","target":{"@type":"EntryPoint","urlTemplate":"https:\/\/blog.zeit.de\/zeit-der-leser\/?s={search_term_string}"},"query-input":"required name=search_term_string"}],"inLanguage":"de"},{"@type":"Person","@id":"https:\/\/blog.zeit.de\/zeit-der-leser\/#\/schema\/person\/e248c7ff5a10552f6a3bd5e9385b3667","name":"Zeit der Leser","image":{"@type":"ImageObject","inLanguage":"de","@id":"https:\/\/blog.zeit.de\/zeit-der-leser\/#\/schema\/person\/image\/","url":"https:\/\/secure.gravatar.com\/avatar\/529bb2731085995bda6c8ba0e4da7e528ea8be4e6c7abdd217f176e2309035f6?s=96&d=mm&r=g","contentUrl":"https:\/\/secure.gravatar.com\/avatar\/529bb2731085995bda6c8ba0e4da7e528ea8be4e6c7abdd217f176e2309035f6?s=96&d=mm&r=g","caption":"Zeit der Leser"},"url":"https:\/\/blog.zeit.de\/zeit-der-leser\/author\/zeit-der-leser\/"}]}},"jetpack_featured_media_url":"","jetpack_sharing_enabled":true,"_links":{"self":[{"href":"https:\/\/blog.zeit.de\/zeit-der-leser\/wp-json\/wp\/v2\/posts\/2750","targetHints":{"allow":["GET"]}}],"collection":[{"href":"https:\/\/blog.zeit.de\/zeit-der-leser\/wp-json\/wp\/v2\/posts"}],"about":[{"href":"https:\/\/blog.zeit.de\/zeit-der-leser\/wp-json\/wp\/v2\/types\/post"}],"author":[{"embeddable":true,"href":"https:\/\/blog.zeit.de\/zeit-der-leser\/wp-json\/wp\/v2\/users\/264"}],"replies":[{"embeddable":true,"href":"https:\/\/blog.zeit.de\/zeit-der-leser\/wp-json\/wp\/v2\/comments?post=2750"}],"version-history":[{"count":2,"href":"https:\/\/blog.zeit.de\/zeit-der-leser\/wp-json\/wp\/v2\/posts\/2750\/revisions"}],"predecessor-version":[{"id":2752,"href":"https:\/\/blog.zeit.de\/zeit-der-leser\/wp-json\/wp\/v2\/posts\/2750\/revisions\/2752"}],"wp:attachment":[{"href":"https:\/\/blog.zeit.de\/zeit-der-leser\/wp-json\/wp\/v2\/media?parent=2750"}],"wp:term":[{"taxonomy":"category","embeddable":true,"href":"https:\/\/blog.zeit.de\/zeit-der-leser\/wp-json\/wp\/v2\/categories?post=2750"},{"taxonomy":"post_tag","embeddable":true,"href":"https:\/\/blog.zeit.de\/zeit-der-leser\/wp-json\/wp\/v2\/tags?post=2750"}],"curies":[{"name":"wp","href":"https:\/\/api.w.org\/{rel}","templated":true}]}}