{"id":2758,"date":"2010-10-29T05:13:01","date_gmt":"2010-10-29T03:13:01","guid":{"rendered":"http:\/\/blog.zeit.de\/zeit-der-leser\/?p=2758"},"modified":"2010-10-27T11:23:15","modified_gmt":"2010-10-27T09:23:15","slug":"antwort-auf-den-osterreicher-der-die-autobahnen-hasst","status":"publish","type":"post","link":"https:\/\/blog.zeit.de\/zeit-der-leser\/2010\/10\/29\/antwort-auf-den-osterreicher-der-die-autobahnen-hasst\/","title":{"rendered":"Antwort auf den autobahnhassenden \u00d6sterreicher"},"content":{"rendered":"<p>Als ich vor zwei Wochen auf dieser Seite las, wie es Herrn Bonfert aus \u00d6sterreich <a href=\"https:\/\/blog.zeit.de\/zeit-der-leser\/2010\/10\/17\/fuhrt-endlich-ein-tempolimit-ein\/\">auf der deutschen Autobahn ergangen ist<\/a>, fragte ich mich zuerst, ob die Redaktion diese Zeilen get\u00fcrkt hat, um die \u00d6sterreicher zu veralbern. Oder ob sie tats\u00e4chlich von einem \u00f6sterreichischen Leser im Vollbesitz seiner geistigen Kr\u00e4fte verfasst wurden. Ich nehme an, dass Letzteres der Fall ist. Es ist lobenswert, dass Sie auch Briefe von Sonderlingen ver\u00f6ffentlichen. Aber ich hoffe sehr, dass diese Fahrt von Herrn Bonfert die erste und letzte unter Benutzung der deutschen Autobahnen war. Denn dieser Mann ist gemeingef\u00e4hrlich! Wenn schnelle Fortbewegung ihm &#8222;die Freude raubt&#8220;, so ist das sein Problem. Seine &#8222;logischen&#8220; Schlussfolgerungen sind geradezu tollk\u00fchn: Durch die deutschen Autobahnen versteht er jetzt, wie Revolution\u00e4re gemacht werden. Es ist nicht zu fassen! Neid, Wut und Hass des Herrn Bonfert sind auch von jedem Laien gut zu erkennen: Nur so versteht man seine abstrusen Formulierungen wie &#8222;fortgesetzte, ungerechtfertigte Demu\u0308tigung&#8220; und &#8222;stupides, protziges, privilegiensu\u0308chtiges Gro\u00dfbu\u0308rgertum&#8220;. Und so jemand f\u00e4hrt auch noch ins Ausland! Ein guter Rat an Herrn Bonfert: Nehmen Sie Ihr H\u00fctchen, Ihre Lederhose, Ihr Wams und Ihren Wanderstab und bleiben Sie damit bitte in Ihrem geliebten Land \u2013 dem Sie mit Ihren Zeilen dar\u00fcber hinaus einen sehr schlechten Dienst erwiesen haben! Verschonen Sie die Deutschen mit Ihrer Anwesenheit und schreiben nicht mehr so einen erheiternden Unsinn!<\/p>\n<p><em>Joachim Streitel, Henstedt-Ulzburg<\/em><\/p>\n","protected":false},"excerpt":{"rendered":"<p>Als ich vor zwei Wochen auf dieser Seite las, wie es Herrn Bonfert aus \u00d6sterreich auf der deutschen Autobahn ergangen ist, fragte ich mich zuerst, ob die Redaktion diese Zeilen get\u00fcrkt hat, um die \u00d6sterreicher zu veralbern. Oder ob sie tats\u00e4chlich von einem \u00f6sterreichischen Leser im Vollbesitz seiner geistigen Kr\u00e4fte verfasst wurden. Ich nehme an, [&hellip;]<\/p>\n","protected":false},"author":264,"featured_media":0,"comment_status":"open","ping_status":"open","sticky":false,"template":"","format":"standard","meta":{"_jetpack_memberships_contains_paid_content":false,"footnotes":""},"categories":[1869],"tags":[],"class_list":["post-2758","post","type-post","status-publish","format-standard","hentry","category-das-regt-mich-auf"],"yoast_head":"<!-- This site is optimized with the Yoast SEO plugin v21.0 - https:\/\/yoast.com\/wordpress\/plugins\/seo\/ -->\n<title>Antwort auf den autobahnhassenden \u00d6sterreicher - ZEIT der Leser<\/title>\n<meta name=\"robots\" content=\"index, follow, max-snippet:-1, max-image-preview:large, max-video-preview:-1\" \/>\n<link rel=\"canonical\" href=\"https:\/\/blog.zeit.de\/zeit-der-leser\/2010\/10\/29\/antwort-auf-den-osterreicher-der-die-autobahnen-hasst\/\" \/>\n<meta property=\"og:locale\" content=\"de_DE\" \/>\n<meta property=\"og:type\" content=\"article\" \/>\n<meta property=\"og:title\" content=\"Antwort auf den autobahnhassenden \u00d6sterreicher - ZEIT der Leser\" \/>\n<meta property=\"og:description\" content=\"Als ich vor zwei Wochen auf dieser Seite las, wie es Herrn Bonfert aus \u00d6sterreich auf der deutschen Autobahn ergangen ist, fragte ich mich zuerst, ob die Redaktion diese Zeilen get\u00fcrkt hat, um die \u00d6sterreicher zu veralbern. Oder ob sie tats\u00e4chlich von einem \u00f6sterreichischen Leser im Vollbesitz seiner geistigen Kr\u00e4fte verfasst wurden. Ich nehme an, [&hellip;]\" \/>\n<meta property=\"og:url\" content=\"https:\/\/blog.zeit.de\/zeit-der-leser\/2010\/10\/29\/antwort-auf-den-osterreicher-der-die-autobahnen-hasst\/\" \/>\n<meta property=\"og:site_name\" content=\"ZEIT der Leser\" \/>\n<meta property=\"article:published_time\" content=\"2010-10-29T03:13:01+00:00\" \/>\n<meta property=\"article:modified_time\" content=\"2010-10-27T09:23:15+00:00\" \/>\n<meta name=\"author\" content=\"Zeit der Leser\" \/>\n<meta name=\"twitter:card\" content=\"summary_large_image\" \/>\n<meta name=\"twitter:label1\" content=\"Geschrieben von\" \/>\n\t<meta name=\"twitter:data1\" content=\"Zeit der Leser\" \/>\n\t<meta name=\"twitter:label2\" content=\"Gesch\u00e4tzte Lesezeit\" \/>\n\t<meta name=\"twitter:data2\" content=\"1\u00a0Minute\" \/>\n<script type=\"application\/ld+json\" class=\"yoast-schema-graph\">{\"@context\":\"https:\/\/schema.org\",\"@graph\":[{\"@type\":\"WebPage\",\"@id\":\"https:\/\/blog.zeit.de\/zeit-der-leser\/2010\/10\/29\/antwort-auf-den-osterreicher-der-die-autobahnen-hasst\/\",\"url\":\"https:\/\/blog.zeit.de\/zeit-der-leser\/2010\/10\/29\/antwort-auf-den-osterreicher-der-die-autobahnen-hasst\/\",\"name\":\"Antwort auf den autobahnhassenden \u00d6sterreicher - ZEIT der Leser\",\"isPartOf\":{\"@id\":\"https:\/\/blog.zeit.de\/zeit-der-leser\/#website\"},\"datePublished\":\"2010-10-29T03:13:01+00:00\",\"dateModified\":\"2010-10-27T09:23:15+00:00\",\"author\":{\"@id\":\"https:\/\/blog.zeit.de\/zeit-der-leser\/#\/schema\/person\/e248c7ff5a10552f6a3bd5e9385b3667\"},\"breadcrumb\":{\"@id\":\"https:\/\/blog.zeit.de\/zeit-der-leser\/2010\/10\/29\/antwort-auf-den-osterreicher-der-die-autobahnen-hasst\/#breadcrumb\"},\"inLanguage\":\"de\",\"potentialAction\":[{\"@type\":\"ReadAction\",\"target\":[\"https:\/\/blog.zeit.de\/zeit-der-leser\/2010\/10\/29\/antwort-auf-den-osterreicher-der-die-autobahnen-hasst\/\"]}]},{\"@type\":\"BreadcrumbList\",\"@id\":\"https:\/\/blog.zeit.de\/zeit-der-leser\/2010\/10\/29\/antwort-auf-den-osterreicher-der-die-autobahnen-hasst\/#breadcrumb\",\"itemListElement\":[{\"@type\":\"ListItem\",\"position\":1,\"name\":\"Startseite\",\"item\":\"https:\/\/blog.zeit.de\/zeit-der-leser\/\"},{\"@type\":\"ListItem\",\"position\":2,\"name\":\"Antwort auf den autobahnhassenden \u00d6sterreicher\"}]},{\"@type\":\"WebSite\",\"@id\":\"https:\/\/blog.zeit.de\/zeit-der-leser\/#website\",\"url\":\"https:\/\/blog.zeit.de\/zeit-der-leser\/\",\"name\":\"ZEIT der Leser\",\"description\":\"Ein Blog mit Ihren Notizen, Gedichten und Bildern f\u00fcr die gedruckte ZEIT\",\"potentialAction\":[{\"@type\":\"SearchAction\",\"target\":{\"@type\":\"EntryPoint\",\"urlTemplate\":\"https:\/\/blog.zeit.de\/zeit-der-leser\/?s={search_term_string}\"},\"query-input\":\"required name=search_term_string\"}],\"inLanguage\":\"de\"},{\"@type\":\"Person\",\"@id\":\"https:\/\/blog.zeit.de\/zeit-der-leser\/#\/schema\/person\/e248c7ff5a10552f6a3bd5e9385b3667\",\"name\":\"Zeit der Leser\",\"image\":{\"@type\":\"ImageObject\",\"inLanguage\":\"de\",\"@id\":\"https:\/\/blog.zeit.de\/zeit-der-leser\/#\/schema\/person\/image\/\",\"url\":\"https:\/\/secure.gravatar.com\/avatar\/529bb2731085995bda6c8ba0e4da7e528ea8be4e6c7abdd217f176e2309035f6?s=96&d=mm&r=g\",\"contentUrl\":\"https:\/\/secure.gravatar.com\/avatar\/529bb2731085995bda6c8ba0e4da7e528ea8be4e6c7abdd217f176e2309035f6?s=96&d=mm&r=g\",\"caption\":\"Zeit der Leser\"},\"url\":\"https:\/\/blog.zeit.de\/zeit-der-leser\/author\/zeit-der-leser\/\"}]}<\/script>\n<!-- \/ Yoast SEO plugin. -->","yoast_head_json":{"title":"Antwort auf den autobahnhassenden \u00d6sterreicher - ZEIT der Leser","robots":{"index":"index","follow":"follow","max-snippet":"max-snippet:-1","max-image-preview":"max-image-preview:large","max-video-preview":"max-video-preview:-1"},"canonical":"https:\/\/blog.zeit.de\/zeit-der-leser\/2010\/10\/29\/antwort-auf-den-osterreicher-der-die-autobahnen-hasst\/","og_locale":"de_DE","og_type":"article","og_title":"Antwort auf den autobahnhassenden \u00d6sterreicher - ZEIT der Leser","og_description":"Als ich vor zwei Wochen auf dieser Seite las, wie es Herrn Bonfert aus \u00d6sterreich auf der deutschen Autobahn ergangen ist, fragte ich mich zuerst, ob die Redaktion diese Zeilen get\u00fcrkt hat, um die \u00d6sterreicher zu veralbern. Oder ob sie tats\u00e4chlich von einem \u00f6sterreichischen Leser im Vollbesitz seiner geistigen Kr\u00e4fte verfasst wurden. Ich nehme an, [&hellip;]","og_url":"https:\/\/blog.zeit.de\/zeit-der-leser\/2010\/10\/29\/antwort-auf-den-osterreicher-der-die-autobahnen-hasst\/","og_site_name":"ZEIT der Leser","article_published_time":"2010-10-29T03:13:01+00:00","article_modified_time":"2010-10-27T09:23:15+00:00","author":"Zeit der Leser","twitter_card":"summary_large_image","twitter_misc":{"Geschrieben von":"Zeit der Leser","Gesch\u00e4tzte Lesezeit":"1\u00a0Minute"},"schema":{"@context":"https:\/\/schema.org","@graph":[{"@type":"WebPage","@id":"https:\/\/blog.zeit.de\/zeit-der-leser\/2010\/10\/29\/antwort-auf-den-osterreicher-der-die-autobahnen-hasst\/","url":"https:\/\/blog.zeit.de\/zeit-der-leser\/2010\/10\/29\/antwort-auf-den-osterreicher-der-die-autobahnen-hasst\/","name":"Antwort auf den autobahnhassenden \u00d6sterreicher - ZEIT der Leser","isPartOf":{"@id":"https:\/\/blog.zeit.de\/zeit-der-leser\/#website"},"datePublished":"2010-10-29T03:13:01+00:00","dateModified":"2010-10-27T09:23:15+00:00","author":{"@id":"https:\/\/blog.zeit.de\/zeit-der-leser\/#\/schema\/person\/e248c7ff5a10552f6a3bd5e9385b3667"},"breadcrumb":{"@id":"https:\/\/blog.zeit.de\/zeit-der-leser\/2010\/10\/29\/antwort-auf-den-osterreicher-der-die-autobahnen-hasst\/#breadcrumb"},"inLanguage":"de","potentialAction":[{"@type":"ReadAction","target":["https:\/\/blog.zeit.de\/zeit-der-leser\/2010\/10\/29\/antwort-auf-den-osterreicher-der-die-autobahnen-hasst\/"]}]},{"@type":"BreadcrumbList","@id":"https:\/\/blog.zeit.de\/zeit-der-leser\/2010\/10\/29\/antwort-auf-den-osterreicher-der-die-autobahnen-hasst\/#breadcrumb","itemListElement":[{"@type":"ListItem","position":1,"name":"Startseite","item":"https:\/\/blog.zeit.de\/zeit-der-leser\/"},{"@type":"ListItem","position":2,"name":"Antwort auf den autobahnhassenden \u00d6sterreicher"}]},{"@type":"WebSite","@id":"https:\/\/blog.zeit.de\/zeit-der-leser\/#website","url":"https:\/\/blog.zeit.de\/zeit-der-leser\/","name":"ZEIT der Leser","description":"Ein Blog mit Ihren Notizen, Gedichten und Bildern f\u00fcr die gedruckte ZEIT","potentialAction":[{"@type":"SearchAction","target":{"@type":"EntryPoint","urlTemplate":"https:\/\/blog.zeit.de\/zeit-der-leser\/?s={search_term_string}"},"query-input":"required name=search_term_string"}],"inLanguage":"de"},{"@type":"Person","@id":"https:\/\/blog.zeit.de\/zeit-der-leser\/#\/schema\/person\/e248c7ff5a10552f6a3bd5e9385b3667","name":"Zeit der Leser","image":{"@type":"ImageObject","inLanguage":"de","@id":"https:\/\/blog.zeit.de\/zeit-der-leser\/#\/schema\/person\/image\/","url":"https:\/\/secure.gravatar.com\/avatar\/529bb2731085995bda6c8ba0e4da7e528ea8be4e6c7abdd217f176e2309035f6?s=96&d=mm&r=g","contentUrl":"https:\/\/secure.gravatar.com\/avatar\/529bb2731085995bda6c8ba0e4da7e528ea8be4e6c7abdd217f176e2309035f6?s=96&d=mm&r=g","caption":"Zeit der Leser"},"url":"https:\/\/blog.zeit.de\/zeit-der-leser\/author\/zeit-der-leser\/"}]}},"jetpack_featured_media_url":"","jetpack_sharing_enabled":true,"_links":{"self":[{"href":"https:\/\/blog.zeit.de\/zeit-der-leser\/wp-json\/wp\/v2\/posts\/2758","targetHints":{"allow":["GET"]}}],"collection":[{"href":"https:\/\/blog.zeit.de\/zeit-der-leser\/wp-json\/wp\/v2\/posts"}],"about":[{"href":"https:\/\/blog.zeit.de\/zeit-der-leser\/wp-json\/wp\/v2\/types\/post"}],"author":[{"embeddable":true,"href":"https:\/\/blog.zeit.de\/zeit-der-leser\/wp-json\/wp\/v2\/users\/264"}],"replies":[{"embeddable":true,"href":"https:\/\/blog.zeit.de\/zeit-der-leser\/wp-json\/wp\/v2\/comments?post=2758"}],"version-history":[{"count":3,"href":"https:\/\/blog.zeit.de\/zeit-der-leser\/wp-json\/wp\/v2\/posts\/2758\/revisions"}],"predecessor-version":[{"id":2762,"href":"https:\/\/blog.zeit.de\/zeit-der-leser\/wp-json\/wp\/v2\/posts\/2758\/revisions\/2762"}],"wp:attachment":[{"href":"https:\/\/blog.zeit.de\/zeit-der-leser\/wp-json\/wp\/v2\/media?parent=2758"}],"wp:term":[{"taxonomy":"category","embeddable":true,"href":"https:\/\/blog.zeit.de\/zeit-der-leser\/wp-json\/wp\/v2\/categories?post=2758"},{"taxonomy":"post_tag","embeddable":true,"href":"https:\/\/blog.zeit.de\/zeit-der-leser\/wp-json\/wp\/v2\/tags?post=2758"}],"curies":[{"name":"wp","href":"https:\/\/api.w.org\/{rel}","templated":true}]}}