{"id":2845,"date":"2010-11-05T05:40:50","date_gmt":"2010-11-05T04:40:50","guid":{"rendered":"http:\/\/blog.zeit.de\/zeit-der-leser\/?p=2845"},"modified":"2010-11-01T17:45:08","modified_gmt":"2010-11-01T16:45:08","slug":"kleine-und-grose-egoisten","status":"publish","type":"post","link":"https:\/\/blog.zeit.de\/zeit-der-leser\/2010\/11\/05\/kleine-und-grose-egoisten\/","title":{"rendered":"Kleine und gro\u00dfe Egoisten"},"content":{"rendered":"<p>Auf dem Spielplatz wird die Sandburg meines Sohnes dreimal vom selben Jungen zerst\u00f6rt. Der daneben sitzende Vater des Zerst\u00f6rers meint l\u00e4chelnd, dann m\u00fcsse mein Sohn die Sandburg eben wieder neu aufbauen. Im voll besetzten ICE-Abteil spielt ein Zweij\u00e4hriger Triola, w\u00e4hrend ich meine beiden Kinder stetig bitte, aus R\u00fccksicht auf die anderen Reisenden nicht so laut zu sein. Die Mutter des tr\u00f6tenden Kleinen greift nicht ein. Auf dem Weg zum Fahrstuhl mit Gep\u00e4ck und Kindern u\u0308berholt uns ein \u00e4lteres Ehepaar, das froh ist, vor uns in den Fahrstuhl einzusteigen, und das gar keine Lust hat, f\u00fcr uns etwas zusammenzuru\u0308cken. Was ist mit den Menschen los? Warum denkt jeder nur an sich? Nimmt die R\u00fccksichtslosigkeit zu, oder bilde ich mir das ein? Bei einer Radtour werden wir von Joggern, Spazierg\u00e4ngern, anderen Radfahrern angemotzt, die sich offensichtlich durch uns gest\u00f6rt f\u00fchlen. Was ist so schlimm daran, wenn man wartet, dem anderen Vorfahrt gew\u00e4hrt, einmal zur\u00fccksteckt, um beim n\u00e4chsten Mal wieder Erster zu sein? Ich finde keine Antwort. In einer Gesellschaft voller gro\u00dfer und kleiner r\u00fccksichtsloser Egoisten m\u00f6chte ich jedoch nicht leben. Also versuche ich es weiterhin mit der Gegenstrategie und lasse die Triola f\u00fcr meine Kinder zu Hause, wenn wir Zug fahren. In der Hoffnung, dass ihr anerzogenes Sozialverhalten sie sp\u00e4ter nicht behindern wird.<\/p>\n<p><em>Anja Flade, Berlin<\/em><\/p>\n","protected":false},"excerpt":{"rendered":"<p>Auf dem Spielplatz wird die Sandburg meines Sohnes dreimal vom selben Jungen zerst\u00f6rt. Der daneben sitzende Vater des Zerst\u00f6rers meint l\u00e4chelnd, dann m\u00fcsse mein Sohn die Sandburg eben wieder neu aufbauen. Im voll besetzten ICE-Abteil spielt ein Zweij\u00e4hriger Triola, w\u00e4hrend ich meine beiden Kinder stetig bitte, aus R\u00fccksicht auf die anderen Reisenden nicht so laut [&hellip;]<\/p>\n","protected":false},"author":264,"featured_media":0,"comment_status":"open","ping_status":"open","sticky":false,"template":"","format":"standard","meta":{"_jetpack_memberships_contains_paid_content":false,"footnotes":""},"categories":[1869],"tags":[],"class_list":["post-2845","post","type-post","status-publish","format-standard","hentry","category-das-regt-mich-auf"],"yoast_head":"<!-- This site is optimized with the Yoast SEO plugin v21.0 - https:\/\/yoast.com\/wordpress\/plugins\/seo\/ -->\n<title>Kleine und gro\u00dfe Egoisten - ZEIT der Leser<\/title>\n<meta name=\"robots\" content=\"index, follow, max-snippet:-1, max-image-preview:large, max-video-preview:-1\" \/>\n<link rel=\"canonical\" href=\"https:\/\/blog.zeit.de\/zeit-der-leser\/2010\/11\/05\/kleine-und-grose-egoisten\/\" \/>\n<meta property=\"og:locale\" content=\"de_DE\" \/>\n<meta property=\"og:type\" content=\"article\" \/>\n<meta property=\"og:title\" content=\"Kleine und gro\u00dfe Egoisten - ZEIT der Leser\" \/>\n<meta property=\"og:description\" content=\"Auf dem Spielplatz wird die Sandburg meines Sohnes dreimal vom selben Jungen zerst\u00f6rt. Der daneben sitzende Vater des Zerst\u00f6rers meint l\u00e4chelnd, dann m\u00fcsse mein Sohn die Sandburg eben wieder neu aufbauen. Im voll besetzten ICE-Abteil spielt ein Zweij\u00e4hriger Triola, w\u00e4hrend ich meine beiden Kinder stetig bitte, aus R\u00fccksicht auf die anderen Reisenden nicht so laut [&hellip;]\" \/>\n<meta property=\"og:url\" content=\"https:\/\/blog.zeit.de\/zeit-der-leser\/2010\/11\/05\/kleine-und-grose-egoisten\/\" \/>\n<meta property=\"og:site_name\" content=\"ZEIT der Leser\" \/>\n<meta property=\"article:published_time\" content=\"2010-11-05T04:40:50+00:00\" \/>\n<meta property=\"article:modified_time\" content=\"2010-11-01T16:45:08+00:00\" \/>\n<meta name=\"author\" content=\"Zeit der Leser\" \/>\n<meta name=\"twitter:card\" content=\"summary_large_image\" \/>\n<meta name=\"twitter:label1\" content=\"Geschrieben von\" \/>\n\t<meta name=\"twitter:data1\" content=\"Zeit der Leser\" \/>\n\t<meta name=\"twitter:label2\" content=\"Gesch\u00e4tzte Lesezeit\" \/>\n\t<meta name=\"twitter:data2\" content=\"1\u00a0Minute\" \/>\n<script type=\"application\/ld+json\" class=\"yoast-schema-graph\">{\"@context\":\"https:\/\/schema.org\",\"@graph\":[{\"@type\":\"WebPage\",\"@id\":\"https:\/\/blog.zeit.de\/zeit-der-leser\/2010\/11\/05\/kleine-und-grose-egoisten\/\",\"url\":\"https:\/\/blog.zeit.de\/zeit-der-leser\/2010\/11\/05\/kleine-und-grose-egoisten\/\",\"name\":\"Kleine und gro\u00dfe Egoisten - ZEIT der Leser\",\"isPartOf\":{\"@id\":\"https:\/\/blog.zeit.de\/zeit-der-leser\/#website\"},\"datePublished\":\"2010-11-05T04:40:50+00:00\",\"dateModified\":\"2010-11-01T16:45:08+00:00\",\"author\":{\"@id\":\"https:\/\/blog.zeit.de\/zeit-der-leser\/#\/schema\/person\/e248c7ff5a10552f6a3bd5e9385b3667\"},\"breadcrumb\":{\"@id\":\"https:\/\/blog.zeit.de\/zeit-der-leser\/2010\/11\/05\/kleine-und-grose-egoisten\/#breadcrumb\"},\"inLanguage\":\"de\",\"potentialAction\":[{\"@type\":\"ReadAction\",\"target\":[\"https:\/\/blog.zeit.de\/zeit-der-leser\/2010\/11\/05\/kleine-und-grose-egoisten\/\"]}]},{\"@type\":\"BreadcrumbList\",\"@id\":\"https:\/\/blog.zeit.de\/zeit-der-leser\/2010\/11\/05\/kleine-und-grose-egoisten\/#breadcrumb\",\"itemListElement\":[{\"@type\":\"ListItem\",\"position\":1,\"name\":\"Startseite\",\"item\":\"https:\/\/blog.zeit.de\/zeit-der-leser\/\"},{\"@type\":\"ListItem\",\"position\":2,\"name\":\"Kleine und gro\u00dfe Egoisten\"}]},{\"@type\":\"WebSite\",\"@id\":\"https:\/\/blog.zeit.de\/zeit-der-leser\/#website\",\"url\":\"https:\/\/blog.zeit.de\/zeit-der-leser\/\",\"name\":\"ZEIT der Leser\",\"description\":\"Ein Blog mit Ihren Notizen, Gedichten und Bildern f\u00fcr die gedruckte ZEIT\",\"potentialAction\":[{\"@type\":\"SearchAction\",\"target\":{\"@type\":\"EntryPoint\",\"urlTemplate\":\"https:\/\/blog.zeit.de\/zeit-der-leser\/?s={search_term_string}\"},\"query-input\":\"required name=search_term_string\"}],\"inLanguage\":\"de\"},{\"@type\":\"Person\",\"@id\":\"https:\/\/blog.zeit.de\/zeit-der-leser\/#\/schema\/person\/e248c7ff5a10552f6a3bd5e9385b3667\",\"name\":\"Zeit der Leser\",\"image\":{\"@type\":\"ImageObject\",\"inLanguage\":\"de\",\"@id\":\"https:\/\/blog.zeit.de\/zeit-der-leser\/#\/schema\/person\/image\/\",\"url\":\"https:\/\/secure.gravatar.com\/avatar\/529bb2731085995bda6c8ba0e4da7e528ea8be4e6c7abdd217f176e2309035f6?s=96&d=mm&r=g\",\"contentUrl\":\"https:\/\/secure.gravatar.com\/avatar\/529bb2731085995bda6c8ba0e4da7e528ea8be4e6c7abdd217f176e2309035f6?s=96&d=mm&r=g\",\"caption\":\"Zeit der Leser\"},\"url\":\"https:\/\/blog.zeit.de\/zeit-der-leser\/author\/zeit-der-leser\/\"}]}<\/script>\n<!-- \/ Yoast SEO plugin. -->","yoast_head_json":{"title":"Kleine und gro\u00dfe Egoisten - ZEIT der Leser","robots":{"index":"index","follow":"follow","max-snippet":"max-snippet:-1","max-image-preview":"max-image-preview:large","max-video-preview":"max-video-preview:-1"},"canonical":"https:\/\/blog.zeit.de\/zeit-der-leser\/2010\/11\/05\/kleine-und-grose-egoisten\/","og_locale":"de_DE","og_type":"article","og_title":"Kleine und gro\u00dfe Egoisten - ZEIT der Leser","og_description":"Auf dem Spielplatz wird die Sandburg meines Sohnes dreimal vom selben Jungen zerst\u00f6rt. Der daneben sitzende Vater des Zerst\u00f6rers meint l\u00e4chelnd, dann m\u00fcsse mein Sohn die Sandburg eben wieder neu aufbauen. Im voll besetzten ICE-Abteil spielt ein Zweij\u00e4hriger Triola, w\u00e4hrend ich meine beiden Kinder stetig bitte, aus R\u00fccksicht auf die anderen Reisenden nicht so laut [&hellip;]","og_url":"https:\/\/blog.zeit.de\/zeit-der-leser\/2010\/11\/05\/kleine-und-grose-egoisten\/","og_site_name":"ZEIT der Leser","article_published_time":"2010-11-05T04:40:50+00:00","article_modified_time":"2010-11-01T16:45:08+00:00","author":"Zeit der Leser","twitter_card":"summary_large_image","twitter_misc":{"Geschrieben von":"Zeit der Leser","Gesch\u00e4tzte Lesezeit":"1\u00a0Minute"},"schema":{"@context":"https:\/\/schema.org","@graph":[{"@type":"WebPage","@id":"https:\/\/blog.zeit.de\/zeit-der-leser\/2010\/11\/05\/kleine-und-grose-egoisten\/","url":"https:\/\/blog.zeit.de\/zeit-der-leser\/2010\/11\/05\/kleine-und-grose-egoisten\/","name":"Kleine und gro\u00dfe Egoisten - ZEIT der Leser","isPartOf":{"@id":"https:\/\/blog.zeit.de\/zeit-der-leser\/#website"},"datePublished":"2010-11-05T04:40:50+00:00","dateModified":"2010-11-01T16:45:08+00:00","author":{"@id":"https:\/\/blog.zeit.de\/zeit-der-leser\/#\/schema\/person\/e248c7ff5a10552f6a3bd5e9385b3667"},"breadcrumb":{"@id":"https:\/\/blog.zeit.de\/zeit-der-leser\/2010\/11\/05\/kleine-und-grose-egoisten\/#breadcrumb"},"inLanguage":"de","potentialAction":[{"@type":"ReadAction","target":["https:\/\/blog.zeit.de\/zeit-der-leser\/2010\/11\/05\/kleine-und-grose-egoisten\/"]}]},{"@type":"BreadcrumbList","@id":"https:\/\/blog.zeit.de\/zeit-der-leser\/2010\/11\/05\/kleine-und-grose-egoisten\/#breadcrumb","itemListElement":[{"@type":"ListItem","position":1,"name":"Startseite","item":"https:\/\/blog.zeit.de\/zeit-der-leser\/"},{"@type":"ListItem","position":2,"name":"Kleine und gro\u00dfe Egoisten"}]},{"@type":"WebSite","@id":"https:\/\/blog.zeit.de\/zeit-der-leser\/#website","url":"https:\/\/blog.zeit.de\/zeit-der-leser\/","name":"ZEIT der Leser","description":"Ein Blog mit Ihren Notizen, Gedichten und Bildern f\u00fcr die gedruckte ZEIT","potentialAction":[{"@type":"SearchAction","target":{"@type":"EntryPoint","urlTemplate":"https:\/\/blog.zeit.de\/zeit-der-leser\/?s={search_term_string}"},"query-input":"required name=search_term_string"}],"inLanguage":"de"},{"@type":"Person","@id":"https:\/\/blog.zeit.de\/zeit-der-leser\/#\/schema\/person\/e248c7ff5a10552f6a3bd5e9385b3667","name":"Zeit der Leser","image":{"@type":"ImageObject","inLanguage":"de","@id":"https:\/\/blog.zeit.de\/zeit-der-leser\/#\/schema\/person\/image\/","url":"https:\/\/secure.gravatar.com\/avatar\/529bb2731085995bda6c8ba0e4da7e528ea8be4e6c7abdd217f176e2309035f6?s=96&d=mm&r=g","contentUrl":"https:\/\/secure.gravatar.com\/avatar\/529bb2731085995bda6c8ba0e4da7e528ea8be4e6c7abdd217f176e2309035f6?s=96&d=mm&r=g","caption":"Zeit der Leser"},"url":"https:\/\/blog.zeit.de\/zeit-der-leser\/author\/zeit-der-leser\/"}]}},"jetpack_featured_media_url":"","jetpack_sharing_enabled":true,"_links":{"self":[{"href":"https:\/\/blog.zeit.de\/zeit-der-leser\/wp-json\/wp\/v2\/posts\/2845","targetHints":{"allow":["GET"]}}],"collection":[{"href":"https:\/\/blog.zeit.de\/zeit-der-leser\/wp-json\/wp\/v2\/posts"}],"about":[{"href":"https:\/\/blog.zeit.de\/zeit-der-leser\/wp-json\/wp\/v2\/types\/post"}],"author":[{"embeddable":true,"href":"https:\/\/blog.zeit.de\/zeit-der-leser\/wp-json\/wp\/v2\/users\/264"}],"replies":[{"embeddable":true,"href":"https:\/\/blog.zeit.de\/zeit-der-leser\/wp-json\/wp\/v2\/comments?post=2845"}],"version-history":[{"count":1,"href":"https:\/\/blog.zeit.de\/zeit-der-leser\/wp-json\/wp\/v2\/posts\/2845\/revisions"}],"predecessor-version":[{"id":2846,"href":"https:\/\/blog.zeit.de\/zeit-der-leser\/wp-json\/wp\/v2\/posts\/2845\/revisions\/2846"}],"wp:attachment":[{"href":"https:\/\/blog.zeit.de\/zeit-der-leser\/wp-json\/wp\/v2\/media?parent=2845"}],"wp:term":[{"taxonomy":"category","embeddable":true,"href":"https:\/\/blog.zeit.de\/zeit-der-leser\/wp-json\/wp\/v2\/categories?post=2845"},{"taxonomy":"post_tag","embeddable":true,"href":"https:\/\/blog.zeit.de\/zeit-der-leser\/wp-json\/wp\/v2\/tags?post=2845"}],"curies":[{"name":"wp","href":"https:\/\/api.w.org\/{rel}","templated":true}]}}