{"id":2990,"date":"2010-11-16T14:34:30","date_gmt":"2010-11-16T13:34:30","guid":{"rendered":"http:\/\/blog.zeit.de\/zeit-der-leser\/?p=2990"},"modified":"2010-11-15T08:35:49","modified_gmt":"2010-11-15T07:35:49","slug":"wann-gestehen-wir-uns-die-krise-ein","status":"publish","type":"post","link":"https:\/\/blog.zeit.de\/zeit-der-leser\/2010\/11\/16\/wann-gestehen-wir-uns-die-krise-ein\/","title":{"rendered":"Wann gestehen wir uns die Krise ein?"},"content":{"rendered":"<p>\u00dcberschwemmungen, verheerende Waldbr\u00e4nde und Wetterextreme nehmen zu. Die globale Durchschnittstemperatur ist gestiegen. Die Arktis schmilzt dedrohlich. Aber viel zu viele wollen den menschengemachten Klimawandel noch immer nicht wahrhaben. Werde ich je den Tag erleben, an dem Las Vegas nicht mehr so viel Strom verbraucht wie Peru, damit es so sch\u00f6n blinkt? <\/p>\n<p>Wir befinden uns in einer fortschreitenden Krise der Zivilisation. Wenn wir weiterhin so leben, dass selbst vier Erden nicht ausreichen w\u00fcrden, ist jede Hoffnung auf Fortbestand von Demokratie und Kultur unbegr\u00fcndet. Und was ist in der Glotze zu sehen? Der Hype um m\u00f6glichst schnelle Autos mit hohem Benzinverbrauch und viel PS. Autofreaks blasen f\u00fcr das vermeintliche Gef\u00fchl von Fun und Abenteuer CO2-Emissionen in den s\u00fcdamerikanischen Urwald. Hau raus die Gifte, egal, wie gro\u00df die Katastrophen noch werden. Privatsender machen ihre Quoten, indem sie zur Schau stellen, wie eine sp\u00e4tr\u00f6misch-dekadent anmutende Geldelite mit Privatjets und Luxusjachten st\u00fcndlich hunderte Liter fossiler Brennstoffe verschwenden. Verona Pooth geh\u00f6rt zur seichten Prominenz. Sie vermehrt l\u00e4chelnd ihr Verm\u00f6gen mit Werbung f\u00fcr einen Textildiscounter. Experten der \u00d6konomie fordern nach den Auswirkungen einer verheerenden Gier l\u00e4ngst wieder mehr Optimismus, weil ja die Konjunktur wieder anzieht, nachdem die Staaten Billion von Geldeinheiten in die Banken pumpen. Hauptsache Wachstum XXL, egal, dass uns die Nachkommen noch verfluchen werden. <\/p>\n<p>Wir Nutznie\u00dfer des wohlen Konsums leben nicht nur auf Kosten unserer Kinder. Wir nehmen im wahrsten Sinne des Wortes in Kauf, dass gleichzeitig abermillionen Menschen unter inhumanen Arbeitsbedingungen und sittenwidriger Entlohnung leiden. Werde ich den Tag noch erleben, an dem in Indien die N\u00e4herinnen nicht mehr ausgebeutet werden und die Armut in Deutschland durch Mindestl\u00f6hne abnimmt? Barack Obama will die Welt befrieden, sie gr\u00fcner und gerechter machen. Welch ein Hass die Lobbyisten der Trusts und Konzerne auf ihn sch\u00fcren. Und warum? Um einen neoliberalen und unflexiblen Kapitalismus wieder und wieder durchzusetzen, egal, wie falsch seine Scheinphilosophie ist. Als wohlfeiler Neiduntersteller und Gutmenschver\u00e4chter nur weiter seinen br\u00e4sigen Machiavellismus pflegen, gleichg\u00fcltig, dass ohne die Realisierung humaner und \u00f6kologischer Visionen alles nichts ist.<\/p>\n<p><em>Wolf Niese, Berlin<\/em><\/p>\n","protected":false},"excerpt":{"rendered":"<p>\u00dcberschwemmungen, verheerende Waldbr\u00e4nde und Wetterextreme nehmen zu. Die globale Durchschnittstemperatur ist gestiegen. Die Arktis schmilzt dedrohlich. Aber viel zu viele wollen den menschengemachten Klimawandel noch immer nicht wahrhaben. Werde ich je den Tag erleben, an dem Las Vegas nicht mehr so viel Strom verbraucht wie Peru, damit es so sch\u00f6n blinkt? Wir befinden uns in [&hellip;]<\/p>\n","protected":false},"author":264,"featured_media":0,"comment_status":"open","ping_status":"open","sticky":false,"template":"","format":"standard","meta":{"_jetpack_memberships_contains_paid_content":false,"footnotes":""},"categories":[1869],"tags":[],"class_list":["post-2990","post","type-post","status-publish","format-standard","hentry","category-das-regt-mich-auf"],"yoast_head":"<!-- This site is optimized with the Yoast SEO plugin v21.0 - https:\/\/yoast.com\/wordpress\/plugins\/seo\/ -->\n<title>Wann gestehen wir uns die Krise ein? - ZEIT der Leser<\/title>\n<meta name=\"robots\" content=\"index, follow, max-snippet:-1, max-image-preview:large, max-video-preview:-1\" \/>\n<link rel=\"canonical\" href=\"https:\/\/blog.zeit.de\/zeit-der-leser\/2010\/11\/16\/wann-gestehen-wir-uns-die-krise-ein\/\" \/>\n<meta property=\"og:locale\" content=\"de_DE\" \/>\n<meta property=\"og:type\" content=\"article\" \/>\n<meta property=\"og:title\" content=\"Wann gestehen wir uns die Krise ein? - ZEIT der Leser\" \/>\n<meta property=\"og:description\" content=\"\u00dcberschwemmungen, verheerende Waldbr\u00e4nde und Wetterextreme nehmen zu. Die globale Durchschnittstemperatur ist gestiegen. Die Arktis schmilzt dedrohlich. Aber viel zu viele wollen den menschengemachten Klimawandel noch immer nicht wahrhaben. Werde ich je den Tag erleben, an dem Las Vegas nicht mehr so viel Strom verbraucht wie Peru, damit es so sch\u00f6n blinkt? Wir befinden uns in [&hellip;]\" \/>\n<meta property=\"og:url\" content=\"https:\/\/blog.zeit.de\/zeit-der-leser\/2010\/11\/16\/wann-gestehen-wir-uns-die-krise-ein\/\" \/>\n<meta property=\"og:site_name\" content=\"ZEIT der Leser\" \/>\n<meta property=\"article:published_time\" content=\"2010-11-16T13:34:30+00:00\" \/>\n<meta property=\"article:modified_time\" content=\"2010-11-15T07:35:49+00:00\" \/>\n<meta name=\"author\" content=\"Zeit der Leser\" \/>\n<meta name=\"twitter:card\" content=\"summary_large_image\" \/>\n<meta name=\"twitter:label1\" content=\"Geschrieben von\" \/>\n\t<meta name=\"twitter:data1\" content=\"Zeit der Leser\" \/>\n\t<meta name=\"twitter:label2\" content=\"Gesch\u00e4tzte Lesezeit\" \/>\n\t<meta name=\"twitter:data2\" content=\"2\u00a0Minuten\" \/>\n<script type=\"application\/ld+json\" class=\"yoast-schema-graph\">{\"@context\":\"https:\/\/schema.org\",\"@graph\":[{\"@type\":\"WebPage\",\"@id\":\"https:\/\/blog.zeit.de\/zeit-der-leser\/2010\/11\/16\/wann-gestehen-wir-uns-die-krise-ein\/\",\"url\":\"https:\/\/blog.zeit.de\/zeit-der-leser\/2010\/11\/16\/wann-gestehen-wir-uns-die-krise-ein\/\",\"name\":\"Wann gestehen wir uns die Krise ein? - ZEIT der Leser\",\"isPartOf\":{\"@id\":\"https:\/\/blog.zeit.de\/zeit-der-leser\/#website\"},\"datePublished\":\"2010-11-16T13:34:30+00:00\",\"dateModified\":\"2010-11-15T07:35:49+00:00\",\"author\":{\"@id\":\"https:\/\/blog.zeit.de\/zeit-der-leser\/#\/schema\/person\/e248c7ff5a10552f6a3bd5e9385b3667\"},\"breadcrumb\":{\"@id\":\"https:\/\/blog.zeit.de\/zeit-der-leser\/2010\/11\/16\/wann-gestehen-wir-uns-die-krise-ein\/#breadcrumb\"},\"inLanguage\":\"de\",\"potentialAction\":[{\"@type\":\"ReadAction\",\"target\":[\"https:\/\/blog.zeit.de\/zeit-der-leser\/2010\/11\/16\/wann-gestehen-wir-uns-die-krise-ein\/\"]}]},{\"@type\":\"BreadcrumbList\",\"@id\":\"https:\/\/blog.zeit.de\/zeit-der-leser\/2010\/11\/16\/wann-gestehen-wir-uns-die-krise-ein\/#breadcrumb\",\"itemListElement\":[{\"@type\":\"ListItem\",\"position\":1,\"name\":\"Startseite\",\"item\":\"https:\/\/blog.zeit.de\/zeit-der-leser\/\"},{\"@type\":\"ListItem\",\"position\":2,\"name\":\"Wann gestehen wir uns die Krise ein?\"}]},{\"@type\":\"WebSite\",\"@id\":\"https:\/\/blog.zeit.de\/zeit-der-leser\/#website\",\"url\":\"https:\/\/blog.zeit.de\/zeit-der-leser\/\",\"name\":\"ZEIT der Leser\",\"description\":\"Ein Blog mit Ihren Notizen, Gedichten und Bildern f\u00fcr die gedruckte ZEIT\",\"potentialAction\":[{\"@type\":\"SearchAction\",\"target\":{\"@type\":\"EntryPoint\",\"urlTemplate\":\"https:\/\/blog.zeit.de\/zeit-der-leser\/?s={search_term_string}\"},\"query-input\":\"required name=search_term_string\"}],\"inLanguage\":\"de\"},{\"@type\":\"Person\",\"@id\":\"https:\/\/blog.zeit.de\/zeit-der-leser\/#\/schema\/person\/e248c7ff5a10552f6a3bd5e9385b3667\",\"name\":\"Zeit der Leser\",\"image\":{\"@type\":\"ImageObject\",\"inLanguage\":\"de\",\"@id\":\"https:\/\/blog.zeit.de\/zeit-der-leser\/#\/schema\/person\/image\/\",\"url\":\"https:\/\/secure.gravatar.com\/avatar\/529bb2731085995bda6c8ba0e4da7e528ea8be4e6c7abdd217f176e2309035f6?s=96&d=mm&r=g\",\"contentUrl\":\"https:\/\/secure.gravatar.com\/avatar\/529bb2731085995bda6c8ba0e4da7e528ea8be4e6c7abdd217f176e2309035f6?s=96&d=mm&r=g\",\"caption\":\"Zeit der Leser\"},\"url\":\"https:\/\/blog.zeit.de\/zeit-der-leser\/author\/zeit-der-leser\/\"}]}<\/script>\n<!-- \/ Yoast SEO plugin. -->","yoast_head_json":{"title":"Wann gestehen wir uns die Krise ein? - ZEIT der Leser","robots":{"index":"index","follow":"follow","max-snippet":"max-snippet:-1","max-image-preview":"max-image-preview:large","max-video-preview":"max-video-preview:-1"},"canonical":"https:\/\/blog.zeit.de\/zeit-der-leser\/2010\/11\/16\/wann-gestehen-wir-uns-die-krise-ein\/","og_locale":"de_DE","og_type":"article","og_title":"Wann gestehen wir uns die Krise ein? - ZEIT der Leser","og_description":"\u00dcberschwemmungen, verheerende Waldbr\u00e4nde und Wetterextreme nehmen zu. Die globale Durchschnittstemperatur ist gestiegen. Die Arktis schmilzt dedrohlich. Aber viel zu viele wollen den menschengemachten Klimawandel noch immer nicht wahrhaben. Werde ich je den Tag erleben, an dem Las Vegas nicht mehr so viel Strom verbraucht wie Peru, damit es so sch\u00f6n blinkt? Wir befinden uns in [&hellip;]","og_url":"https:\/\/blog.zeit.de\/zeit-der-leser\/2010\/11\/16\/wann-gestehen-wir-uns-die-krise-ein\/","og_site_name":"ZEIT der Leser","article_published_time":"2010-11-16T13:34:30+00:00","article_modified_time":"2010-11-15T07:35:49+00:00","author":"Zeit der Leser","twitter_card":"summary_large_image","twitter_misc":{"Geschrieben von":"Zeit der Leser","Gesch\u00e4tzte Lesezeit":"2\u00a0Minuten"},"schema":{"@context":"https:\/\/schema.org","@graph":[{"@type":"WebPage","@id":"https:\/\/blog.zeit.de\/zeit-der-leser\/2010\/11\/16\/wann-gestehen-wir-uns-die-krise-ein\/","url":"https:\/\/blog.zeit.de\/zeit-der-leser\/2010\/11\/16\/wann-gestehen-wir-uns-die-krise-ein\/","name":"Wann gestehen wir uns die Krise ein? - ZEIT der Leser","isPartOf":{"@id":"https:\/\/blog.zeit.de\/zeit-der-leser\/#website"},"datePublished":"2010-11-16T13:34:30+00:00","dateModified":"2010-11-15T07:35:49+00:00","author":{"@id":"https:\/\/blog.zeit.de\/zeit-der-leser\/#\/schema\/person\/e248c7ff5a10552f6a3bd5e9385b3667"},"breadcrumb":{"@id":"https:\/\/blog.zeit.de\/zeit-der-leser\/2010\/11\/16\/wann-gestehen-wir-uns-die-krise-ein\/#breadcrumb"},"inLanguage":"de","potentialAction":[{"@type":"ReadAction","target":["https:\/\/blog.zeit.de\/zeit-der-leser\/2010\/11\/16\/wann-gestehen-wir-uns-die-krise-ein\/"]}]},{"@type":"BreadcrumbList","@id":"https:\/\/blog.zeit.de\/zeit-der-leser\/2010\/11\/16\/wann-gestehen-wir-uns-die-krise-ein\/#breadcrumb","itemListElement":[{"@type":"ListItem","position":1,"name":"Startseite","item":"https:\/\/blog.zeit.de\/zeit-der-leser\/"},{"@type":"ListItem","position":2,"name":"Wann gestehen wir uns die Krise ein?"}]},{"@type":"WebSite","@id":"https:\/\/blog.zeit.de\/zeit-der-leser\/#website","url":"https:\/\/blog.zeit.de\/zeit-der-leser\/","name":"ZEIT der Leser","description":"Ein Blog mit Ihren Notizen, Gedichten und Bildern f\u00fcr die gedruckte ZEIT","potentialAction":[{"@type":"SearchAction","target":{"@type":"EntryPoint","urlTemplate":"https:\/\/blog.zeit.de\/zeit-der-leser\/?s={search_term_string}"},"query-input":"required name=search_term_string"}],"inLanguage":"de"},{"@type":"Person","@id":"https:\/\/blog.zeit.de\/zeit-der-leser\/#\/schema\/person\/e248c7ff5a10552f6a3bd5e9385b3667","name":"Zeit der Leser","image":{"@type":"ImageObject","inLanguage":"de","@id":"https:\/\/blog.zeit.de\/zeit-der-leser\/#\/schema\/person\/image\/","url":"https:\/\/secure.gravatar.com\/avatar\/529bb2731085995bda6c8ba0e4da7e528ea8be4e6c7abdd217f176e2309035f6?s=96&d=mm&r=g","contentUrl":"https:\/\/secure.gravatar.com\/avatar\/529bb2731085995bda6c8ba0e4da7e528ea8be4e6c7abdd217f176e2309035f6?s=96&d=mm&r=g","caption":"Zeit der Leser"},"url":"https:\/\/blog.zeit.de\/zeit-der-leser\/author\/zeit-der-leser\/"}]}},"jetpack_featured_media_url":"","jetpack_sharing_enabled":true,"_links":{"self":[{"href":"https:\/\/blog.zeit.de\/zeit-der-leser\/wp-json\/wp\/v2\/posts\/2990","targetHints":{"allow":["GET"]}}],"collection":[{"href":"https:\/\/blog.zeit.de\/zeit-der-leser\/wp-json\/wp\/v2\/posts"}],"about":[{"href":"https:\/\/blog.zeit.de\/zeit-der-leser\/wp-json\/wp\/v2\/types\/post"}],"author":[{"embeddable":true,"href":"https:\/\/blog.zeit.de\/zeit-der-leser\/wp-json\/wp\/v2\/users\/264"}],"replies":[{"embeddable":true,"href":"https:\/\/blog.zeit.de\/zeit-der-leser\/wp-json\/wp\/v2\/comments?post=2990"}],"version-history":[{"count":3,"href":"https:\/\/blog.zeit.de\/zeit-der-leser\/wp-json\/wp\/v2\/posts\/2990\/revisions"}],"predecessor-version":[{"id":2994,"href":"https:\/\/blog.zeit.de\/zeit-der-leser\/wp-json\/wp\/v2\/posts\/2990\/revisions\/2994"}],"wp:attachment":[{"href":"https:\/\/blog.zeit.de\/zeit-der-leser\/wp-json\/wp\/v2\/media?parent=2990"}],"wp:term":[{"taxonomy":"category","embeddable":true,"href":"https:\/\/blog.zeit.de\/zeit-der-leser\/wp-json\/wp\/v2\/categories?post=2990"},{"taxonomy":"post_tag","embeddable":true,"href":"https:\/\/blog.zeit.de\/zeit-der-leser\/wp-json\/wp\/v2\/tags?post=2990"}],"curies":[{"name":"wp","href":"https:\/\/api.w.org\/{rel}","templated":true}]}}