{"id":3039,"date":"2010-11-18T05:19:55","date_gmt":"2010-11-18T04:19:55","guid":{"rendered":"http:\/\/blog.zeit.de\/zeit-der-leser\/?p=3039"},"modified":"2010-11-17T14:21:38","modified_gmt":"2010-11-17T13:21:38","slug":"zeitsprung-igelwinter","status":"publish","type":"post","link":"https:\/\/blog.zeit.de\/zeit-der-leser\/2010\/11\/18\/zeitsprung-igelwinter\/","title":{"rendered":"Zeitsprung: Igelwinter"},"content":{"rendered":"<p><figure id=\"attachment_3053\" aria-describedby=\"caption-attachment-3053\" style=\"width: 540px\" class=\"wp-caption alignleft\"><a href=\"https:\/\/blog.zeit.de\/zeit-der-leser\/files\/2010\/11\/z2.jpg\"><img loading=\"lazy\" decoding=\"async\" src=\"https:\/\/blog.zeit.de\/zeit-der-leser\/files\/2010\/11\/z2.jpg\" alt=\"\" title=\"z2\" width=\"540\" height=\"319\" class=\"size-full wp-image-3053\" srcset=\"https:\/\/blog.zeit.de\/zeit-der-leser\/files\/2010\/11\/z2.jpg 540w, https:\/\/blog.zeit.de\/zeit-der-leser\/files\/2010\/11\/z2-300x177.jpg 300w\" sizes=\"auto, (max-width: 540px) 100vw, 540px\" \/><\/a><figcaption id=\"caption-attachment-3053\" class=\"wp-caption-text\">1988<\/figcaption><\/figure><\/p>\n<p>Hier zwei Fotos, die mich auf der Terrasse meiner Eltern im Berliner Norden zeigen. Das obere stammt aus dem Fr\u00fchjahr 1988: Wir hatten im Winter diese vier kleinen Igelkinder aufgenommen, weil sie ohne Hilfe den Winter im Freien kaum \u00fcberlebt h\u00e4tten. Ich war m\u00e4chtig stolz auf diese kleinen stachligen G\u00e4ste! Und nun, viele Jahre sp\u00e4ter, wohnen wir in der N\u00e4he meines Elternhauses. Erneut haben wir G\u00e4ste fu\u0308r den Winter aufgenommen.<br \/>\n<figure id=\"attachment_3054\" aria-describedby=\"caption-attachment-3054\" style=\"width: 540px\" class=\"wp-caption alignleft\"><a href=\"https:\/\/blog.zeit.de\/zeit-der-leser\/files\/2010\/11\/z1.jpg\"><img loading=\"lazy\" decoding=\"async\" src=\"https:\/\/blog.zeit.de\/zeit-der-leser\/files\/2010\/11\/z1.jpg\" alt=\"\" title=\"z1\" width=\"540\" height=\"319\" class=\"size-full wp-image-3054\" srcset=\"https:\/\/blog.zeit.de\/zeit-der-leser\/files\/2010\/11\/z1.jpg 540w, https:\/\/blog.zeit.de\/zeit-der-leser\/files\/2010\/11\/z1-300x177.jpg 300w\" sizes=\"auto, (max-width: 540px) 100vw, 540px\" \/><\/a><figcaption id=\"caption-attachment-3054\" class=\"wp-caption-text\">2010<\/figcaption><\/figure><\/p>\n<p>Das untere Foto, das mich mit meinem eineinhalbj\u00e4hrigen Sohn Tim zeigt, haben wir an demselben Tisch auf der Terrasse meiner Eltern aufgenommen. Diese Igelkinder fanden wir peu \u00e0 peu vor unserem Haus. Sie werden bis zum n\u00e4chsten Fru\u0308hjahr bei uns bleiben. Es lohnt sich bestimmt fu\u0308r manchen ZEIT-Leser in diesen Wochen, einen Blick in den Garten zu werfen. Nur bei einem Gewicht von mindestens 500 bis 600 Gramm haben Igel gute Chancen, allein durch den Winter zu kommen. Und sollte ein Igel bei Tage unterwegs sein, ist er vermutlich krank. Man sollte ihn gesund pflegen und ihn mit Katzenfutter ern\u00e4hren. Bitte auf keinen Fall mit Milch! Die vertragen Igel n\u00e4mlich u\u0308berhaupt nicht!<\/p>\n<p><em>Corinna Hensel, Berlin<\/em><\/p>\n","protected":false},"excerpt":{"rendered":"<p>Hier zwei Fotos, die mich auf der Terrasse meiner Eltern im Berliner Norden zeigen. Das obere stammt aus dem Fr\u00fchjahr 1988: Wir hatten im Winter diese vier kleinen Igelkinder aufgenommen, weil sie ohne Hilfe den Winter im Freien kaum \u00fcberlebt h\u00e4tten. Ich war m\u00e4chtig stolz auf diese kleinen stachligen G\u00e4ste! Und nun, viele Jahre sp\u00e4ter, [&hellip;]<\/p>\n","protected":false},"author":264,"featured_media":0,"comment_status":"open","ping_status":"open","sticky":false,"template":"","format":"standard","meta":{"_jetpack_memberships_contains_paid_content":false,"footnotes":""},"categories":[1878],"tags":[],"class_list":["post-3039","post","type-post","status-publish","format-standard","hentry","category-zeitsprung"],"yoast_head":"<!-- This site is optimized with the Yoast SEO plugin v21.0 - https:\/\/yoast.com\/wordpress\/plugins\/seo\/ -->\n<title>Zeitsprung: Igelwinter - ZEIT der Leser<\/title>\n<meta name=\"robots\" content=\"index, follow, max-snippet:-1, max-image-preview:large, max-video-preview:-1\" \/>\n<link rel=\"canonical\" href=\"https:\/\/blog.zeit.de\/zeit-der-leser\/2010\/11\/18\/zeitsprung-igelwinter\/\" \/>\n<meta property=\"og:locale\" content=\"de_DE\" \/>\n<meta property=\"og:type\" content=\"article\" \/>\n<meta property=\"og:title\" content=\"Zeitsprung: Igelwinter - ZEIT der Leser\" \/>\n<meta property=\"og:description\" content=\"Hier zwei Fotos, die mich auf der Terrasse meiner Eltern im Berliner Norden zeigen. Das obere stammt aus dem Fr\u00fchjahr 1988: Wir hatten im Winter diese vier kleinen Igelkinder aufgenommen, weil sie ohne Hilfe den Winter im Freien kaum \u00fcberlebt h\u00e4tten. Ich war m\u00e4chtig stolz auf diese kleinen stachligen G\u00e4ste! Und nun, viele Jahre sp\u00e4ter, [&hellip;]\" \/>\n<meta property=\"og:url\" content=\"https:\/\/blog.zeit.de\/zeit-der-leser\/2010\/11\/18\/zeitsprung-igelwinter\/\" \/>\n<meta property=\"og:site_name\" content=\"ZEIT der Leser\" \/>\n<meta property=\"article:published_time\" content=\"2010-11-18T04:19:55+00:00\" \/>\n<meta property=\"article:modified_time\" content=\"2010-11-17T13:21:38+00:00\" \/>\n<meta property=\"og:image\" content=\"https:\/\/blog.zeit.de\/zeit-der-leser\/files\/2010\/11\/z2.jpg\" \/>\n<meta name=\"author\" content=\"Zeit der Leser\" \/>\n<meta name=\"twitter:card\" content=\"summary_large_image\" \/>\n<meta name=\"twitter:label1\" content=\"Geschrieben von\" \/>\n\t<meta name=\"twitter:data1\" content=\"Zeit der Leser\" \/>\n\t<meta name=\"twitter:label2\" content=\"Gesch\u00e4tzte Lesezeit\" \/>\n\t<meta name=\"twitter:data2\" content=\"1\u00a0Minute\" \/>\n<script type=\"application\/ld+json\" class=\"yoast-schema-graph\">{\"@context\":\"https:\/\/schema.org\",\"@graph\":[{\"@type\":\"WebPage\",\"@id\":\"https:\/\/blog.zeit.de\/zeit-der-leser\/2010\/11\/18\/zeitsprung-igelwinter\/\",\"url\":\"https:\/\/blog.zeit.de\/zeit-der-leser\/2010\/11\/18\/zeitsprung-igelwinter\/\",\"name\":\"Zeitsprung: Igelwinter - ZEIT der Leser\",\"isPartOf\":{\"@id\":\"https:\/\/blog.zeit.de\/zeit-der-leser\/#website\"},\"datePublished\":\"2010-11-18T04:19:55+00:00\",\"dateModified\":\"2010-11-17T13:21:38+00:00\",\"author\":{\"@id\":\"https:\/\/blog.zeit.de\/zeit-der-leser\/#\/schema\/person\/e248c7ff5a10552f6a3bd5e9385b3667\"},\"breadcrumb\":{\"@id\":\"https:\/\/blog.zeit.de\/zeit-der-leser\/2010\/11\/18\/zeitsprung-igelwinter\/#breadcrumb\"},\"inLanguage\":\"de\",\"potentialAction\":[{\"@type\":\"ReadAction\",\"target\":[\"https:\/\/blog.zeit.de\/zeit-der-leser\/2010\/11\/18\/zeitsprung-igelwinter\/\"]}]},{\"@type\":\"BreadcrumbList\",\"@id\":\"https:\/\/blog.zeit.de\/zeit-der-leser\/2010\/11\/18\/zeitsprung-igelwinter\/#breadcrumb\",\"itemListElement\":[{\"@type\":\"ListItem\",\"position\":1,\"name\":\"Startseite\",\"item\":\"https:\/\/blog.zeit.de\/zeit-der-leser\/\"},{\"@type\":\"ListItem\",\"position\":2,\"name\":\"Zeitsprung: Igelwinter\"}]},{\"@type\":\"WebSite\",\"@id\":\"https:\/\/blog.zeit.de\/zeit-der-leser\/#website\",\"url\":\"https:\/\/blog.zeit.de\/zeit-der-leser\/\",\"name\":\"ZEIT der Leser\",\"description\":\"Ein Blog mit Ihren Notizen, Gedichten und Bildern f\u00fcr die gedruckte ZEIT\",\"potentialAction\":[{\"@type\":\"SearchAction\",\"target\":{\"@type\":\"EntryPoint\",\"urlTemplate\":\"https:\/\/blog.zeit.de\/zeit-der-leser\/?s={search_term_string}\"},\"query-input\":\"required name=search_term_string\"}],\"inLanguage\":\"de\"},{\"@type\":\"Person\",\"@id\":\"https:\/\/blog.zeit.de\/zeit-der-leser\/#\/schema\/person\/e248c7ff5a10552f6a3bd5e9385b3667\",\"name\":\"Zeit der Leser\",\"image\":{\"@type\":\"ImageObject\",\"inLanguage\":\"de\",\"@id\":\"https:\/\/blog.zeit.de\/zeit-der-leser\/#\/schema\/person\/image\/\",\"url\":\"https:\/\/secure.gravatar.com\/avatar\/529bb2731085995bda6c8ba0e4da7e528ea8be4e6c7abdd217f176e2309035f6?s=96&d=mm&r=g\",\"contentUrl\":\"https:\/\/secure.gravatar.com\/avatar\/529bb2731085995bda6c8ba0e4da7e528ea8be4e6c7abdd217f176e2309035f6?s=96&d=mm&r=g\",\"caption\":\"Zeit der Leser\"},\"url\":\"https:\/\/blog.zeit.de\/zeit-der-leser\/author\/zeit-der-leser\/\"}]}<\/script>\n<!-- \/ Yoast SEO plugin. -->","yoast_head_json":{"title":"Zeitsprung: Igelwinter - ZEIT der Leser","robots":{"index":"index","follow":"follow","max-snippet":"max-snippet:-1","max-image-preview":"max-image-preview:large","max-video-preview":"max-video-preview:-1"},"canonical":"https:\/\/blog.zeit.de\/zeit-der-leser\/2010\/11\/18\/zeitsprung-igelwinter\/","og_locale":"de_DE","og_type":"article","og_title":"Zeitsprung: Igelwinter - ZEIT der Leser","og_description":"Hier zwei Fotos, die mich auf der Terrasse meiner Eltern im Berliner Norden zeigen. Das obere stammt aus dem Fr\u00fchjahr 1988: Wir hatten im Winter diese vier kleinen Igelkinder aufgenommen, weil sie ohne Hilfe den Winter im Freien kaum \u00fcberlebt h\u00e4tten. Ich war m\u00e4chtig stolz auf diese kleinen stachligen G\u00e4ste! Und nun, viele Jahre sp\u00e4ter, [&hellip;]","og_url":"https:\/\/blog.zeit.de\/zeit-der-leser\/2010\/11\/18\/zeitsprung-igelwinter\/","og_site_name":"ZEIT der Leser","article_published_time":"2010-11-18T04:19:55+00:00","article_modified_time":"2010-11-17T13:21:38+00:00","og_image":[{"url":"https:\/\/blog.zeit.de\/zeit-der-leser\/files\/2010\/11\/z2.jpg"}],"author":"Zeit der Leser","twitter_card":"summary_large_image","twitter_misc":{"Geschrieben von":"Zeit der Leser","Gesch\u00e4tzte Lesezeit":"1\u00a0Minute"},"schema":{"@context":"https:\/\/schema.org","@graph":[{"@type":"WebPage","@id":"https:\/\/blog.zeit.de\/zeit-der-leser\/2010\/11\/18\/zeitsprung-igelwinter\/","url":"https:\/\/blog.zeit.de\/zeit-der-leser\/2010\/11\/18\/zeitsprung-igelwinter\/","name":"Zeitsprung: Igelwinter - ZEIT der Leser","isPartOf":{"@id":"https:\/\/blog.zeit.de\/zeit-der-leser\/#website"},"datePublished":"2010-11-18T04:19:55+00:00","dateModified":"2010-11-17T13:21:38+00:00","author":{"@id":"https:\/\/blog.zeit.de\/zeit-der-leser\/#\/schema\/person\/e248c7ff5a10552f6a3bd5e9385b3667"},"breadcrumb":{"@id":"https:\/\/blog.zeit.de\/zeit-der-leser\/2010\/11\/18\/zeitsprung-igelwinter\/#breadcrumb"},"inLanguage":"de","potentialAction":[{"@type":"ReadAction","target":["https:\/\/blog.zeit.de\/zeit-der-leser\/2010\/11\/18\/zeitsprung-igelwinter\/"]}]},{"@type":"BreadcrumbList","@id":"https:\/\/blog.zeit.de\/zeit-der-leser\/2010\/11\/18\/zeitsprung-igelwinter\/#breadcrumb","itemListElement":[{"@type":"ListItem","position":1,"name":"Startseite","item":"https:\/\/blog.zeit.de\/zeit-der-leser\/"},{"@type":"ListItem","position":2,"name":"Zeitsprung: Igelwinter"}]},{"@type":"WebSite","@id":"https:\/\/blog.zeit.de\/zeit-der-leser\/#website","url":"https:\/\/blog.zeit.de\/zeit-der-leser\/","name":"ZEIT der Leser","description":"Ein Blog mit Ihren Notizen, Gedichten und Bildern f\u00fcr die gedruckte ZEIT","potentialAction":[{"@type":"SearchAction","target":{"@type":"EntryPoint","urlTemplate":"https:\/\/blog.zeit.de\/zeit-der-leser\/?s={search_term_string}"},"query-input":"required name=search_term_string"}],"inLanguage":"de"},{"@type":"Person","@id":"https:\/\/blog.zeit.de\/zeit-der-leser\/#\/schema\/person\/e248c7ff5a10552f6a3bd5e9385b3667","name":"Zeit der Leser","image":{"@type":"ImageObject","inLanguage":"de","@id":"https:\/\/blog.zeit.de\/zeit-der-leser\/#\/schema\/person\/image\/","url":"https:\/\/secure.gravatar.com\/avatar\/529bb2731085995bda6c8ba0e4da7e528ea8be4e6c7abdd217f176e2309035f6?s=96&d=mm&r=g","contentUrl":"https:\/\/secure.gravatar.com\/avatar\/529bb2731085995bda6c8ba0e4da7e528ea8be4e6c7abdd217f176e2309035f6?s=96&d=mm&r=g","caption":"Zeit der Leser"},"url":"https:\/\/blog.zeit.de\/zeit-der-leser\/author\/zeit-der-leser\/"}]}},"jetpack_featured_media_url":"","jetpack_sharing_enabled":true,"_links":{"self":[{"href":"https:\/\/blog.zeit.de\/zeit-der-leser\/wp-json\/wp\/v2\/posts\/3039","targetHints":{"allow":["GET"]}}],"collection":[{"href":"https:\/\/blog.zeit.de\/zeit-der-leser\/wp-json\/wp\/v2\/posts"}],"about":[{"href":"https:\/\/blog.zeit.de\/zeit-der-leser\/wp-json\/wp\/v2\/types\/post"}],"author":[{"embeddable":true,"href":"https:\/\/blog.zeit.de\/zeit-der-leser\/wp-json\/wp\/v2\/users\/264"}],"replies":[{"embeddable":true,"href":"https:\/\/blog.zeit.de\/zeit-der-leser\/wp-json\/wp\/v2\/comments?post=3039"}],"version-history":[{"count":10,"href":"https:\/\/blog.zeit.de\/zeit-der-leser\/wp-json\/wp\/v2\/posts\/3039\/revisions"}],"predecessor-version":[{"id":3057,"href":"https:\/\/blog.zeit.de\/zeit-der-leser\/wp-json\/wp\/v2\/posts\/3039\/revisions\/3057"}],"wp:attachment":[{"href":"https:\/\/blog.zeit.de\/zeit-der-leser\/wp-json\/wp\/v2\/media?parent=3039"}],"wp:term":[{"taxonomy":"category","embeddable":true,"href":"https:\/\/blog.zeit.de\/zeit-der-leser\/wp-json\/wp\/v2\/categories?post=3039"},{"taxonomy":"post_tag","embeddable":true,"href":"https:\/\/blog.zeit.de\/zeit-der-leser\/wp-json\/wp\/v2\/tags?post=3039"}],"curies":[{"name":"wp","href":"https:\/\/api.w.org\/{rel}","templated":true}]}}