{"id":3049,"date":"2010-11-19T05:24:23","date_gmt":"2010-11-19T04:24:23","guid":{"rendered":"http:\/\/blog.zeit.de\/zeit-der-leser\/?p=3049"},"modified":"2010-11-17T13:35:38","modified_gmt":"2010-11-17T12:35:38","slug":"hurdenlauf-fur-tagesmutter","status":"publish","type":"post","link":"https:\/\/blog.zeit.de\/zeit-der-leser\/2010\/11\/19\/hurdenlauf-fur-tagesmutter\/","title":{"rendered":"H\u00fcrdenlauf f\u00fcr Tagesm\u00fctter"},"content":{"rendered":"<p>Wegen einer neuen Stelle meines Mannes sind wir u\u0308berraschend umgezogen. Auf der Suche nach einem Kita-Platz f\u00fcr unsere Tochter sto\u00dfen wir nur auf verschlossene T\u00fcren. Eine Vorlaufzeit von mindestens einem Jahr w\u00e4re n\u00f6tig gewesen, um einen der sp\u00e4rlichen Pl\u00e4tze zu ergattern. Als Akademikerin, die zumindest in Teilzeit gerne wieder in ihren Beruf einsteigen wu\u0308rde, h\u00e4tte ich also Grund genug, mich zu \u00e4rgern. Doch es kommt noch schlimmer: Ich m\u00f6chte wenigstens einer anderen Mutter die Berufst\u00e4tigkeit erm\u00f6glichen und melde mich bei der st\u00e4dtischen Vermittlungsstelle fu\u0308r Tagesm\u00fctter. <\/p>\n<p>Nach erfolgreicher &#8222;Eignungspru\u0308fung&#8220; im einstu\u0308ndigen Interview steht mir trotz meiner Erfahrungen als P\u00e4dagogin, Mutter und Ehefrau eines Kinderarztes ein 30-stu\u0308ndiger &#8222;Qualifizierungskurs in Tagespflege&#8220; bevor. Ich gebe mich gelassen und organisiere die Betreuung meiner Tochter fu\u0308r die Zeit der Kursstunden. Am Tag vor Kursbeginn wird mir mitgeteilt, dass dieser aufgrund mangelnder Teilnehmerzahl ausfallen werde. Man k\u00f6nne jedoch beim Jugendamt nachfragen, ob eine verk\u00fcrzte Form des Kurses m\u00f6glich w\u00e4re \u2013 schlie\u00dflich sei ich zweifellos als Tagesmutter geeignet und man wolle mein Betreuungsangebot nicht &#8222;sausen lassen&#8220;. Es vergehen Wochen. Auf Nachfrage erhalte ich schlie\u00dflich eine kurze Mail von einer mir unbekannten Sachbearbeiterin, in der mir mitgeteilt wird, das Jugendamt lehne verk\u00fcrzte Kurse grunds\u00e4tzlich ab. Man k\u00f6nne mir derzeit auch noch keine neuen Kurstermine mitteilen. Kann das die M\u00f6glichkeit sein?<\/p>\n<p><em>Maria Baumgartner, N\u00fcrnberg<\/em><\/p>\n","protected":false},"excerpt":{"rendered":"<p>Wegen einer neuen Stelle meines Mannes sind wir u\u0308berraschend umgezogen. Auf der Suche nach einem Kita-Platz f\u00fcr unsere Tochter sto\u00dfen wir nur auf verschlossene T\u00fcren. Eine Vorlaufzeit von mindestens einem Jahr w\u00e4re n\u00f6tig gewesen, um einen der sp\u00e4rlichen Pl\u00e4tze zu ergattern. Als Akademikerin, die zumindest in Teilzeit gerne wieder in ihren Beruf einsteigen wu\u0308rde, h\u00e4tte [&hellip;]<\/p>\n","protected":false},"author":264,"featured_media":0,"comment_status":"open","ping_status":"open","sticky":false,"template":"","format":"standard","meta":{"_jetpack_memberships_contains_paid_content":false,"footnotes":""},"categories":[1869],"tags":[],"class_list":["post-3049","post","type-post","status-publish","format-standard","hentry","category-das-regt-mich-auf"],"yoast_head":"<!-- This site is optimized with the Yoast SEO plugin v21.0 - https:\/\/yoast.com\/wordpress\/plugins\/seo\/ -->\n<title>H\u00fcrdenlauf f\u00fcr Tagesm\u00fctter - ZEIT der Leser<\/title>\n<meta name=\"robots\" content=\"index, follow, max-snippet:-1, max-image-preview:large, max-video-preview:-1\" \/>\n<link rel=\"canonical\" href=\"https:\/\/blog.zeit.de\/zeit-der-leser\/2010\/11\/19\/hurdenlauf-fur-tagesmutter\/\" \/>\n<meta property=\"og:locale\" content=\"de_DE\" \/>\n<meta property=\"og:type\" content=\"article\" \/>\n<meta property=\"og:title\" content=\"H\u00fcrdenlauf f\u00fcr Tagesm\u00fctter - ZEIT der Leser\" \/>\n<meta property=\"og:description\" content=\"Wegen einer neuen Stelle meines Mannes sind wir u\u0308berraschend umgezogen. Auf der Suche nach einem Kita-Platz f\u00fcr unsere Tochter sto\u00dfen wir nur auf verschlossene T\u00fcren. Eine Vorlaufzeit von mindestens einem Jahr w\u00e4re n\u00f6tig gewesen, um einen der sp\u00e4rlichen Pl\u00e4tze zu ergattern. Als Akademikerin, die zumindest in Teilzeit gerne wieder in ihren Beruf einsteigen wu\u0308rde, h\u00e4tte [&hellip;]\" \/>\n<meta property=\"og:url\" content=\"https:\/\/blog.zeit.de\/zeit-der-leser\/2010\/11\/19\/hurdenlauf-fur-tagesmutter\/\" \/>\n<meta property=\"og:site_name\" content=\"ZEIT der Leser\" \/>\n<meta property=\"article:published_time\" content=\"2010-11-19T04:24:23+00:00\" \/>\n<meta property=\"article:modified_time\" content=\"2010-11-17T12:35:38+00:00\" \/>\n<meta name=\"author\" content=\"Zeit der Leser\" \/>\n<meta name=\"twitter:card\" content=\"summary_large_image\" \/>\n<meta name=\"twitter:label1\" content=\"Geschrieben von\" \/>\n\t<meta name=\"twitter:data1\" content=\"Zeit der Leser\" \/>\n\t<meta name=\"twitter:label2\" content=\"Gesch\u00e4tzte Lesezeit\" \/>\n\t<meta name=\"twitter:data2\" content=\"1\u00a0Minute\" \/>\n<script type=\"application\/ld+json\" class=\"yoast-schema-graph\">{\"@context\":\"https:\/\/schema.org\",\"@graph\":[{\"@type\":\"WebPage\",\"@id\":\"https:\/\/blog.zeit.de\/zeit-der-leser\/2010\/11\/19\/hurdenlauf-fur-tagesmutter\/\",\"url\":\"https:\/\/blog.zeit.de\/zeit-der-leser\/2010\/11\/19\/hurdenlauf-fur-tagesmutter\/\",\"name\":\"H\u00fcrdenlauf f\u00fcr Tagesm\u00fctter - ZEIT der Leser\",\"isPartOf\":{\"@id\":\"https:\/\/blog.zeit.de\/zeit-der-leser\/#website\"},\"datePublished\":\"2010-11-19T04:24:23+00:00\",\"dateModified\":\"2010-11-17T12:35:38+00:00\",\"author\":{\"@id\":\"https:\/\/blog.zeit.de\/zeit-der-leser\/#\/schema\/person\/e248c7ff5a10552f6a3bd5e9385b3667\"},\"breadcrumb\":{\"@id\":\"https:\/\/blog.zeit.de\/zeit-der-leser\/2010\/11\/19\/hurdenlauf-fur-tagesmutter\/#breadcrumb\"},\"inLanguage\":\"de\",\"potentialAction\":[{\"@type\":\"ReadAction\",\"target\":[\"https:\/\/blog.zeit.de\/zeit-der-leser\/2010\/11\/19\/hurdenlauf-fur-tagesmutter\/\"]}]},{\"@type\":\"BreadcrumbList\",\"@id\":\"https:\/\/blog.zeit.de\/zeit-der-leser\/2010\/11\/19\/hurdenlauf-fur-tagesmutter\/#breadcrumb\",\"itemListElement\":[{\"@type\":\"ListItem\",\"position\":1,\"name\":\"Startseite\",\"item\":\"https:\/\/blog.zeit.de\/zeit-der-leser\/\"},{\"@type\":\"ListItem\",\"position\":2,\"name\":\"H\u00fcrdenlauf f\u00fcr Tagesm\u00fctter\"}]},{\"@type\":\"WebSite\",\"@id\":\"https:\/\/blog.zeit.de\/zeit-der-leser\/#website\",\"url\":\"https:\/\/blog.zeit.de\/zeit-der-leser\/\",\"name\":\"ZEIT der Leser\",\"description\":\"Ein Blog mit Ihren Notizen, Gedichten und Bildern f\u00fcr die gedruckte ZEIT\",\"potentialAction\":[{\"@type\":\"SearchAction\",\"target\":{\"@type\":\"EntryPoint\",\"urlTemplate\":\"https:\/\/blog.zeit.de\/zeit-der-leser\/?s={search_term_string}\"},\"query-input\":\"required name=search_term_string\"}],\"inLanguage\":\"de\"},{\"@type\":\"Person\",\"@id\":\"https:\/\/blog.zeit.de\/zeit-der-leser\/#\/schema\/person\/e248c7ff5a10552f6a3bd5e9385b3667\",\"name\":\"Zeit der Leser\",\"image\":{\"@type\":\"ImageObject\",\"inLanguage\":\"de\",\"@id\":\"https:\/\/blog.zeit.de\/zeit-der-leser\/#\/schema\/person\/image\/\",\"url\":\"https:\/\/secure.gravatar.com\/avatar\/529bb2731085995bda6c8ba0e4da7e528ea8be4e6c7abdd217f176e2309035f6?s=96&d=mm&r=g\",\"contentUrl\":\"https:\/\/secure.gravatar.com\/avatar\/529bb2731085995bda6c8ba0e4da7e528ea8be4e6c7abdd217f176e2309035f6?s=96&d=mm&r=g\",\"caption\":\"Zeit der Leser\"},\"url\":\"https:\/\/blog.zeit.de\/zeit-der-leser\/author\/zeit-der-leser\/\"}]}<\/script>\n<!-- \/ Yoast SEO plugin. -->","yoast_head_json":{"title":"H\u00fcrdenlauf f\u00fcr Tagesm\u00fctter - ZEIT der Leser","robots":{"index":"index","follow":"follow","max-snippet":"max-snippet:-1","max-image-preview":"max-image-preview:large","max-video-preview":"max-video-preview:-1"},"canonical":"https:\/\/blog.zeit.de\/zeit-der-leser\/2010\/11\/19\/hurdenlauf-fur-tagesmutter\/","og_locale":"de_DE","og_type":"article","og_title":"H\u00fcrdenlauf f\u00fcr Tagesm\u00fctter - ZEIT der Leser","og_description":"Wegen einer neuen Stelle meines Mannes sind wir u\u0308berraschend umgezogen. Auf der Suche nach einem Kita-Platz f\u00fcr unsere Tochter sto\u00dfen wir nur auf verschlossene T\u00fcren. Eine Vorlaufzeit von mindestens einem Jahr w\u00e4re n\u00f6tig gewesen, um einen der sp\u00e4rlichen Pl\u00e4tze zu ergattern. Als Akademikerin, die zumindest in Teilzeit gerne wieder in ihren Beruf einsteigen wu\u0308rde, h\u00e4tte [&hellip;]","og_url":"https:\/\/blog.zeit.de\/zeit-der-leser\/2010\/11\/19\/hurdenlauf-fur-tagesmutter\/","og_site_name":"ZEIT der Leser","article_published_time":"2010-11-19T04:24:23+00:00","article_modified_time":"2010-11-17T12:35:38+00:00","author":"Zeit der Leser","twitter_card":"summary_large_image","twitter_misc":{"Geschrieben von":"Zeit der Leser","Gesch\u00e4tzte Lesezeit":"1\u00a0Minute"},"schema":{"@context":"https:\/\/schema.org","@graph":[{"@type":"WebPage","@id":"https:\/\/blog.zeit.de\/zeit-der-leser\/2010\/11\/19\/hurdenlauf-fur-tagesmutter\/","url":"https:\/\/blog.zeit.de\/zeit-der-leser\/2010\/11\/19\/hurdenlauf-fur-tagesmutter\/","name":"H\u00fcrdenlauf f\u00fcr Tagesm\u00fctter - ZEIT der Leser","isPartOf":{"@id":"https:\/\/blog.zeit.de\/zeit-der-leser\/#website"},"datePublished":"2010-11-19T04:24:23+00:00","dateModified":"2010-11-17T12:35:38+00:00","author":{"@id":"https:\/\/blog.zeit.de\/zeit-der-leser\/#\/schema\/person\/e248c7ff5a10552f6a3bd5e9385b3667"},"breadcrumb":{"@id":"https:\/\/blog.zeit.de\/zeit-der-leser\/2010\/11\/19\/hurdenlauf-fur-tagesmutter\/#breadcrumb"},"inLanguage":"de","potentialAction":[{"@type":"ReadAction","target":["https:\/\/blog.zeit.de\/zeit-der-leser\/2010\/11\/19\/hurdenlauf-fur-tagesmutter\/"]}]},{"@type":"BreadcrumbList","@id":"https:\/\/blog.zeit.de\/zeit-der-leser\/2010\/11\/19\/hurdenlauf-fur-tagesmutter\/#breadcrumb","itemListElement":[{"@type":"ListItem","position":1,"name":"Startseite","item":"https:\/\/blog.zeit.de\/zeit-der-leser\/"},{"@type":"ListItem","position":2,"name":"H\u00fcrdenlauf f\u00fcr Tagesm\u00fctter"}]},{"@type":"WebSite","@id":"https:\/\/blog.zeit.de\/zeit-der-leser\/#website","url":"https:\/\/blog.zeit.de\/zeit-der-leser\/","name":"ZEIT der Leser","description":"Ein Blog mit Ihren Notizen, Gedichten und Bildern f\u00fcr die gedruckte ZEIT","potentialAction":[{"@type":"SearchAction","target":{"@type":"EntryPoint","urlTemplate":"https:\/\/blog.zeit.de\/zeit-der-leser\/?s={search_term_string}"},"query-input":"required name=search_term_string"}],"inLanguage":"de"},{"@type":"Person","@id":"https:\/\/blog.zeit.de\/zeit-der-leser\/#\/schema\/person\/e248c7ff5a10552f6a3bd5e9385b3667","name":"Zeit der Leser","image":{"@type":"ImageObject","inLanguage":"de","@id":"https:\/\/blog.zeit.de\/zeit-der-leser\/#\/schema\/person\/image\/","url":"https:\/\/secure.gravatar.com\/avatar\/529bb2731085995bda6c8ba0e4da7e528ea8be4e6c7abdd217f176e2309035f6?s=96&d=mm&r=g","contentUrl":"https:\/\/secure.gravatar.com\/avatar\/529bb2731085995bda6c8ba0e4da7e528ea8be4e6c7abdd217f176e2309035f6?s=96&d=mm&r=g","caption":"Zeit der Leser"},"url":"https:\/\/blog.zeit.de\/zeit-der-leser\/author\/zeit-der-leser\/"}]}},"jetpack_featured_media_url":"","jetpack_sharing_enabled":true,"_links":{"self":[{"href":"https:\/\/blog.zeit.de\/zeit-der-leser\/wp-json\/wp\/v2\/posts\/3049","targetHints":{"allow":["GET"]}}],"collection":[{"href":"https:\/\/blog.zeit.de\/zeit-der-leser\/wp-json\/wp\/v2\/posts"}],"about":[{"href":"https:\/\/blog.zeit.de\/zeit-der-leser\/wp-json\/wp\/v2\/types\/post"}],"author":[{"embeddable":true,"href":"https:\/\/blog.zeit.de\/zeit-der-leser\/wp-json\/wp\/v2\/users\/264"}],"replies":[{"embeddable":true,"href":"https:\/\/blog.zeit.de\/zeit-der-leser\/wp-json\/wp\/v2\/comments?post=3049"}],"version-history":[{"count":2,"href":"https:\/\/blog.zeit.de\/zeit-der-leser\/wp-json\/wp\/v2\/posts\/3049\/revisions"}],"predecessor-version":[{"id":3051,"href":"https:\/\/blog.zeit.de\/zeit-der-leser\/wp-json\/wp\/v2\/posts\/3049\/revisions\/3051"}],"wp:attachment":[{"href":"https:\/\/blog.zeit.de\/zeit-der-leser\/wp-json\/wp\/v2\/media?parent=3049"}],"wp:term":[{"taxonomy":"category","embeddable":true,"href":"https:\/\/blog.zeit.de\/zeit-der-leser\/wp-json\/wp\/v2\/categories?post=3049"},{"taxonomy":"post_tag","embeddable":true,"href":"https:\/\/blog.zeit.de\/zeit-der-leser\/wp-json\/wp\/v2\/tags?post=3049"}],"curies":[{"name":"wp","href":"https:\/\/api.w.org\/{rel}","templated":true}]}}