{"id":3175,"date":"2010-11-25T05:02:37","date_gmt":"2010-11-25T04:02:37","guid":{"rendered":"http:\/\/blog.zeit.de\/zeit-der-leser\/?p=3175"},"modified":"2010-11-24T16:09:20","modified_gmt":"2010-11-24T15:09:20","slug":"zeitsprung-hochtzeitsoutfit","status":"publish","type":"post","link":"https:\/\/blog.zeit.de\/zeit-der-leser\/2010\/11\/25\/zeitsprung-hochtzeitsoutfit\/","title":{"rendered":"Zeitsprung: Hochtzeitsoutfit"},"content":{"rendered":"<p><figure id=\"attachment_3176\" aria-describedby=\"caption-attachment-3176\" style=\"width: 180px\" class=\"wp-caption alignleft\"><a href=\"https:\/\/blog.zeit.de\/zeit-der-leser\/files\/2010\/11\/s100-zeitsprung-gestern.jpg\"><img loading=\"lazy\" decoding=\"async\" src=\"https:\/\/blog.zeit.de\/zeit-der-leser\/files\/2010\/11\/s100-zeitsprung-gestern.jpg\" alt=\"\" title=\"s100-zeitsprung-gestern\" width=\"180\" height=\"242\" class=\"size-full wp-image-3176\" \/><\/a><figcaption id=\"caption-attachment-3176\" class=\"wp-caption-text\">1970<\/figcaption><\/figure><\/p>\n<p>K\u00fcrzlich hatten wir unseren 40. Hochzeitstag. Bei den Vorbereitungen fu\u0308r unsere kleine Familienfeier mit italienischen Freunden kam mir die Idee, mein Hochzeitskleid wieder anzuziehen. Es ruhte seit vierzig Jahren im Keller, und dementsprechend muffig roch es. Aber es passte noch! Ich hatte damals \u2013 als Achtundsechzigerin! \u2013 aus Traditionsverweigerung nicht Wei\u00df getragen, obwohl wir auch in der Kirche geheiratet hatten, sondern dieses kurze, bunte Kleid mit Kapuze. <\/p>\n<p><figure id=\"attachment_3177\" aria-describedby=\"caption-attachment-3177\" style=\"width: 180px\" class=\"wp-caption alignleft\"><a href=\"https:\/\/blog.zeit.de\/zeit-der-leser\/files\/2010\/11\/s100-zeitsprung-heute.jpg\"><img loading=\"lazy\" decoding=\"async\" src=\"https:\/\/blog.zeit.de\/zeit-der-leser\/files\/2010\/11\/s100-zeitsprung-heute.jpg\" alt=\"\" title=\"s100-zeitsprung-heute\" width=\"180\" height=\"242\" class=\"size-full wp-image-3177\" \/><\/a><figcaption id=\"caption-attachment-3177\" class=\"wp-caption-text\">2010<\/figcaption><\/figure><\/p>\n<p>Wir hatten es damals in London, in der Carneby Street, f\u00fcr f\u00fcnf Pfund gekauft. Mein Mann hatte sich fu\u0308r ein kariertes Sakko mit Weste entschieden. Und auch die Weste hatte \u00fcberlebt und passte tats\u00e4chlich auch noch. Meine Schwiegermutter \u00fcbrigens hatte damals, bei unserer Hochzeit, unseren Anblick kaum ertragen. Sie hatte demonstrativ weggeblickt.<\/p>\n<p><em>Monika und Bernd Fogt, Berlin<\/em><\/p>\n","protected":false},"excerpt":{"rendered":"<p>K\u00fcrzlich hatten wir unseren 40. Hochzeitstag. Bei den Vorbereitungen fu\u0308r unsere kleine Familienfeier mit italienischen Freunden kam mir die Idee, mein Hochzeitskleid wieder anzuziehen. Es ruhte seit vierzig Jahren im Keller, und dementsprechend muffig roch es. Aber es passte noch! Ich hatte damals \u2013 als Achtundsechzigerin! \u2013 aus Traditionsverweigerung nicht Wei\u00df getragen, obwohl wir auch [&hellip;]<\/p>\n","protected":false},"author":264,"featured_media":0,"comment_status":"open","ping_status":"open","sticky":false,"template":"","format":"standard","meta":{"_jetpack_memberships_contains_paid_content":false,"footnotes":""},"categories":[1878],"tags":[],"class_list":["post-3175","post","type-post","status-publish","format-standard","hentry","category-zeitsprung"],"yoast_head":"<!-- This site is optimized with the Yoast SEO plugin v21.0 - https:\/\/yoast.com\/wordpress\/plugins\/seo\/ -->\n<title>Zeitsprung: Hochtzeitsoutfit - ZEIT der Leser<\/title>\n<meta name=\"robots\" content=\"index, follow, max-snippet:-1, max-image-preview:large, max-video-preview:-1\" \/>\n<link rel=\"canonical\" href=\"https:\/\/blog.zeit.de\/zeit-der-leser\/2010\/11\/25\/zeitsprung-hochtzeitsoutfit\/\" \/>\n<meta property=\"og:locale\" content=\"de_DE\" \/>\n<meta property=\"og:type\" content=\"article\" \/>\n<meta property=\"og:title\" content=\"Zeitsprung: Hochtzeitsoutfit - ZEIT der Leser\" \/>\n<meta property=\"og:description\" content=\"K\u00fcrzlich hatten wir unseren 40. Hochzeitstag. Bei den Vorbereitungen fu\u0308r unsere kleine Familienfeier mit italienischen Freunden kam mir die Idee, mein Hochzeitskleid wieder anzuziehen. Es ruhte seit vierzig Jahren im Keller, und dementsprechend muffig roch es. Aber es passte noch! Ich hatte damals \u2013 als Achtundsechzigerin! \u2013 aus Traditionsverweigerung nicht Wei\u00df getragen, obwohl wir auch [&hellip;]\" \/>\n<meta property=\"og:url\" content=\"https:\/\/blog.zeit.de\/zeit-der-leser\/2010\/11\/25\/zeitsprung-hochtzeitsoutfit\/\" \/>\n<meta property=\"og:site_name\" content=\"ZEIT der Leser\" \/>\n<meta property=\"article:published_time\" content=\"2010-11-25T04:02:37+00:00\" \/>\n<meta property=\"article:modified_time\" content=\"2010-11-24T15:09:20+00:00\" \/>\n<meta property=\"og:image\" content=\"https:\/\/blog.zeit.de\/zeit-der-leser\/files\/2010\/11\/s100-zeitsprung-gestern.jpg\" \/>\n<meta name=\"author\" content=\"Zeit der Leser\" \/>\n<meta name=\"twitter:card\" content=\"summary_large_image\" \/>\n<meta name=\"twitter:label1\" content=\"Geschrieben von\" \/>\n\t<meta name=\"twitter:data1\" content=\"Zeit der Leser\" \/>\n\t<meta name=\"twitter:label2\" content=\"Gesch\u00e4tzte Lesezeit\" \/>\n\t<meta name=\"twitter:data2\" content=\"1\u00a0Minute\" \/>\n<script type=\"application\/ld+json\" class=\"yoast-schema-graph\">{\"@context\":\"https:\/\/schema.org\",\"@graph\":[{\"@type\":\"WebPage\",\"@id\":\"https:\/\/blog.zeit.de\/zeit-der-leser\/2010\/11\/25\/zeitsprung-hochtzeitsoutfit\/\",\"url\":\"https:\/\/blog.zeit.de\/zeit-der-leser\/2010\/11\/25\/zeitsprung-hochtzeitsoutfit\/\",\"name\":\"Zeitsprung: Hochtzeitsoutfit - ZEIT der Leser\",\"isPartOf\":{\"@id\":\"https:\/\/blog.zeit.de\/zeit-der-leser\/#website\"},\"datePublished\":\"2010-11-25T04:02:37+00:00\",\"dateModified\":\"2010-11-24T15:09:20+00:00\",\"author\":{\"@id\":\"https:\/\/blog.zeit.de\/zeit-der-leser\/#\/schema\/person\/e248c7ff5a10552f6a3bd5e9385b3667\"},\"breadcrumb\":{\"@id\":\"https:\/\/blog.zeit.de\/zeit-der-leser\/2010\/11\/25\/zeitsprung-hochtzeitsoutfit\/#breadcrumb\"},\"inLanguage\":\"de\",\"potentialAction\":[{\"@type\":\"ReadAction\",\"target\":[\"https:\/\/blog.zeit.de\/zeit-der-leser\/2010\/11\/25\/zeitsprung-hochtzeitsoutfit\/\"]}]},{\"@type\":\"BreadcrumbList\",\"@id\":\"https:\/\/blog.zeit.de\/zeit-der-leser\/2010\/11\/25\/zeitsprung-hochtzeitsoutfit\/#breadcrumb\",\"itemListElement\":[{\"@type\":\"ListItem\",\"position\":1,\"name\":\"Startseite\",\"item\":\"https:\/\/blog.zeit.de\/zeit-der-leser\/\"},{\"@type\":\"ListItem\",\"position\":2,\"name\":\"Zeitsprung: Hochtzeitsoutfit\"}]},{\"@type\":\"WebSite\",\"@id\":\"https:\/\/blog.zeit.de\/zeit-der-leser\/#website\",\"url\":\"https:\/\/blog.zeit.de\/zeit-der-leser\/\",\"name\":\"ZEIT der Leser\",\"description\":\"Ein Blog mit Ihren Notizen, Gedichten und Bildern f\u00fcr die gedruckte ZEIT\",\"potentialAction\":[{\"@type\":\"SearchAction\",\"target\":{\"@type\":\"EntryPoint\",\"urlTemplate\":\"https:\/\/blog.zeit.de\/zeit-der-leser\/?s={search_term_string}\"},\"query-input\":\"required name=search_term_string\"}],\"inLanguage\":\"de\"},{\"@type\":\"Person\",\"@id\":\"https:\/\/blog.zeit.de\/zeit-der-leser\/#\/schema\/person\/e248c7ff5a10552f6a3bd5e9385b3667\",\"name\":\"Zeit der Leser\",\"image\":{\"@type\":\"ImageObject\",\"inLanguage\":\"de\",\"@id\":\"https:\/\/blog.zeit.de\/zeit-der-leser\/#\/schema\/person\/image\/\",\"url\":\"https:\/\/secure.gravatar.com\/avatar\/529bb2731085995bda6c8ba0e4da7e528ea8be4e6c7abdd217f176e2309035f6?s=96&d=mm&r=g\",\"contentUrl\":\"https:\/\/secure.gravatar.com\/avatar\/529bb2731085995bda6c8ba0e4da7e528ea8be4e6c7abdd217f176e2309035f6?s=96&d=mm&r=g\",\"caption\":\"Zeit der Leser\"},\"url\":\"https:\/\/blog.zeit.de\/zeit-der-leser\/author\/zeit-der-leser\/\"}]}<\/script>\n<!-- \/ Yoast SEO plugin. -->","yoast_head_json":{"title":"Zeitsprung: Hochtzeitsoutfit - ZEIT der Leser","robots":{"index":"index","follow":"follow","max-snippet":"max-snippet:-1","max-image-preview":"max-image-preview:large","max-video-preview":"max-video-preview:-1"},"canonical":"https:\/\/blog.zeit.de\/zeit-der-leser\/2010\/11\/25\/zeitsprung-hochtzeitsoutfit\/","og_locale":"de_DE","og_type":"article","og_title":"Zeitsprung: Hochtzeitsoutfit - ZEIT der Leser","og_description":"K\u00fcrzlich hatten wir unseren 40. Hochzeitstag. Bei den Vorbereitungen fu\u0308r unsere kleine Familienfeier mit italienischen Freunden kam mir die Idee, mein Hochzeitskleid wieder anzuziehen. Es ruhte seit vierzig Jahren im Keller, und dementsprechend muffig roch es. Aber es passte noch! Ich hatte damals \u2013 als Achtundsechzigerin! \u2013 aus Traditionsverweigerung nicht Wei\u00df getragen, obwohl wir auch [&hellip;]","og_url":"https:\/\/blog.zeit.de\/zeit-der-leser\/2010\/11\/25\/zeitsprung-hochtzeitsoutfit\/","og_site_name":"ZEIT der Leser","article_published_time":"2010-11-25T04:02:37+00:00","article_modified_time":"2010-11-24T15:09:20+00:00","og_image":[{"url":"https:\/\/blog.zeit.de\/zeit-der-leser\/files\/2010\/11\/s100-zeitsprung-gestern.jpg"}],"author":"Zeit der Leser","twitter_card":"summary_large_image","twitter_misc":{"Geschrieben von":"Zeit der Leser","Gesch\u00e4tzte Lesezeit":"1\u00a0Minute"},"schema":{"@context":"https:\/\/schema.org","@graph":[{"@type":"WebPage","@id":"https:\/\/blog.zeit.de\/zeit-der-leser\/2010\/11\/25\/zeitsprung-hochtzeitsoutfit\/","url":"https:\/\/blog.zeit.de\/zeit-der-leser\/2010\/11\/25\/zeitsprung-hochtzeitsoutfit\/","name":"Zeitsprung: Hochtzeitsoutfit - ZEIT der Leser","isPartOf":{"@id":"https:\/\/blog.zeit.de\/zeit-der-leser\/#website"},"datePublished":"2010-11-25T04:02:37+00:00","dateModified":"2010-11-24T15:09:20+00:00","author":{"@id":"https:\/\/blog.zeit.de\/zeit-der-leser\/#\/schema\/person\/e248c7ff5a10552f6a3bd5e9385b3667"},"breadcrumb":{"@id":"https:\/\/blog.zeit.de\/zeit-der-leser\/2010\/11\/25\/zeitsprung-hochtzeitsoutfit\/#breadcrumb"},"inLanguage":"de","potentialAction":[{"@type":"ReadAction","target":["https:\/\/blog.zeit.de\/zeit-der-leser\/2010\/11\/25\/zeitsprung-hochtzeitsoutfit\/"]}]},{"@type":"BreadcrumbList","@id":"https:\/\/blog.zeit.de\/zeit-der-leser\/2010\/11\/25\/zeitsprung-hochtzeitsoutfit\/#breadcrumb","itemListElement":[{"@type":"ListItem","position":1,"name":"Startseite","item":"https:\/\/blog.zeit.de\/zeit-der-leser\/"},{"@type":"ListItem","position":2,"name":"Zeitsprung: Hochtzeitsoutfit"}]},{"@type":"WebSite","@id":"https:\/\/blog.zeit.de\/zeit-der-leser\/#website","url":"https:\/\/blog.zeit.de\/zeit-der-leser\/","name":"ZEIT der Leser","description":"Ein Blog mit Ihren Notizen, Gedichten und Bildern f\u00fcr die gedruckte ZEIT","potentialAction":[{"@type":"SearchAction","target":{"@type":"EntryPoint","urlTemplate":"https:\/\/blog.zeit.de\/zeit-der-leser\/?s={search_term_string}"},"query-input":"required name=search_term_string"}],"inLanguage":"de"},{"@type":"Person","@id":"https:\/\/blog.zeit.de\/zeit-der-leser\/#\/schema\/person\/e248c7ff5a10552f6a3bd5e9385b3667","name":"Zeit der Leser","image":{"@type":"ImageObject","inLanguage":"de","@id":"https:\/\/blog.zeit.de\/zeit-der-leser\/#\/schema\/person\/image\/","url":"https:\/\/secure.gravatar.com\/avatar\/529bb2731085995bda6c8ba0e4da7e528ea8be4e6c7abdd217f176e2309035f6?s=96&d=mm&r=g","contentUrl":"https:\/\/secure.gravatar.com\/avatar\/529bb2731085995bda6c8ba0e4da7e528ea8be4e6c7abdd217f176e2309035f6?s=96&d=mm&r=g","caption":"Zeit der Leser"},"url":"https:\/\/blog.zeit.de\/zeit-der-leser\/author\/zeit-der-leser\/"}]}},"jetpack_featured_media_url":"","jetpack_sharing_enabled":true,"_links":{"self":[{"href":"https:\/\/blog.zeit.de\/zeit-der-leser\/wp-json\/wp\/v2\/posts\/3175","targetHints":{"allow":["GET"]}}],"collection":[{"href":"https:\/\/blog.zeit.de\/zeit-der-leser\/wp-json\/wp\/v2\/posts"}],"about":[{"href":"https:\/\/blog.zeit.de\/zeit-der-leser\/wp-json\/wp\/v2\/types\/post"}],"author":[{"embeddable":true,"href":"https:\/\/blog.zeit.de\/zeit-der-leser\/wp-json\/wp\/v2\/users\/264"}],"replies":[{"embeddable":true,"href":"https:\/\/blog.zeit.de\/zeit-der-leser\/wp-json\/wp\/v2\/comments?post=3175"}],"version-history":[{"count":2,"href":"https:\/\/blog.zeit.de\/zeit-der-leser\/wp-json\/wp\/v2\/posts\/3175\/revisions"}],"predecessor-version":[{"id":3179,"href":"https:\/\/blog.zeit.de\/zeit-der-leser\/wp-json\/wp\/v2\/posts\/3175\/revisions\/3179"}],"wp:attachment":[{"href":"https:\/\/blog.zeit.de\/zeit-der-leser\/wp-json\/wp\/v2\/media?parent=3175"}],"wp:term":[{"taxonomy":"category","embeddable":true,"href":"https:\/\/blog.zeit.de\/zeit-der-leser\/wp-json\/wp\/v2\/categories?post=3175"},{"taxonomy":"post_tag","embeddable":true,"href":"https:\/\/blog.zeit.de\/zeit-der-leser\/wp-json\/wp\/v2\/tags?post=3175"}],"curies":[{"name":"wp","href":"https:\/\/api.w.org\/{rel}","templated":true}]}}