{"id":3256,"date":"2010-12-02T05:59:44","date_gmt":"2010-12-02T04:59:44","guid":{"rendered":"http:\/\/blog.zeit.de\/zeit-der-leser\/?p=3256"},"modified":"2010-12-02T16:18:56","modified_gmt":"2010-12-02T15:18:56","slug":"zeitsprung-berner-alpen","status":"publish","type":"post","link":"https:\/\/blog.zeit.de\/zeit-der-leser\/2010\/12\/02\/zeitsprung-berner-alpen\/","title":{"rendered":"Zeitsprung: Berner Alpen"},"content":{"rendered":"<p><figure id=\"attachment_3257\" aria-describedby=\"caption-attachment-3257\" style=\"width: 540px\" class=\"wp-caption alignleft\"><a href=\"https:\/\/blog.zeit.de\/zeit-der-leser\/files\/2010\/12\/s98-zeitsprung-1.jpg\"><img loading=\"lazy\" decoding=\"async\" src=\"https:\/\/blog.zeit.de\/zeit-der-leser\/files\/2010\/12\/s98-zeitsprung-1.jpg\" alt=\"\" title=\"s98-zeitsprung-1\" width=\"540\" height=\"371\" class=\"size-full wp-image-3257\" srcset=\"https:\/\/blog.zeit.de\/zeit-der-leser\/files\/2010\/12\/s98-zeitsprung-1.jpg 540w, https:\/\/blog.zeit.de\/zeit-der-leser\/files\/2010\/12\/s98-zeitsprung-1-300x206.jpg 300w\" sizes=\"auto, (max-width: 540px) 100vw, 540px\" \/><\/a><figcaption id=\"caption-attachment-3257\" class=\"wp-caption-text\">1990<\/figcaption><\/figure><\/p>\n<p>Im Oktober 1990 war ich einige Tage in einer einsamen Gegend in den Berner Alpen und habe unter anderem das obere Foto von den Lobh\u00f6rnern geschossen. In der Mitte kann man mein dunkelgr\u00fcnes Zelt erkennen. Diesen Herbst, also zwanzig Jahre sp\u00e4ter, war ich neugierig darauf, zu sehen, ob sich etwas ge\u00e4ndert hat. Ich war also auf die Woche genau wieder dort und habe einige Motive von vor zwanzig Jahren von denselben Positionen aus noch mal fotografiert. <\/p>\n<p><figure id=\"attachment_3258\" aria-describedby=\"caption-attachment-3258\" style=\"width: 540px\" class=\"wp-caption alignleft\"><a href=\"https:\/\/blog.zeit.de\/zeit-der-leser\/files\/2010\/12\/s98-zeitsprung-2.jpg\"><img loading=\"lazy\" decoding=\"async\" src=\"https:\/\/blog.zeit.de\/zeit-der-leser\/files\/2010\/12\/s98-zeitsprung-2.jpg\" alt=\"\" title=\"s98-zeitsprung-2\" width=\"540\" height=\"370\" class=\"size-full wp-image-3258\" srcset=\"https:\/\/blog.zeit.de\/zeit-der-leser\/files\/2010\/12\/s98-zeitsprung-2.jpg 540w, https:\/\/blog.zeit.de\/zeit-der-leser\/files\/2010\/12\/s98-zeitsprung-2-300x205.jpg 300w\" sizes=\"auto, (max-width: 540px) 100vw, 540px\" \/><\/a><figcaption id=\"caption-attachment-3258\" class=\"wp-caption-text\">2010<\/figcaption><\/figure><\/p>\n<p>Bis auf Wetter und Schattenwurf der Sonne sieht man auf den ersten Blick keine Unterschiede. Selbst bei kleinen Steinen im Vordergrund konnte ich keine Ver\u00e4nderung erkennen. Ein Unterschied ist allerdings deutlich vorne links zu sehen: Das Gras ist dieses Jahr h\u00f6her gewachsen.<\/p>\n<p><em>Franz-Josef Elmer, Liestal, Schweiz<\/em><\/p>\n","protected":false},"excerpt":{"rendered":"<p>Im Oktober 1990 war ich einige Tage in einer einsamen Gegend in den Berner Alpen und habe unter anderem das obere Foto von den Lobh\u00f6rnern geschossen. In der Mitte kann man mein dunkelgr\u00fcnes Zelt erkennen. Diesen Herbst, also zwanzig Jahre sp\u00e4ter, war ich neugierig darauf, zu sehen, ob sich etwas ge\u00e4ndert hat. Ich war also [&hellip;]<\/p>\n","protected":false},"author":264,"featured_media":0,"comment_status":"open","ping_status":"open","sticky":false,"template":"","format":"standard","meta":{"_jetpack_memberships_contains_paid_content":false,"footnotes":""},"categories":[1878],"tags":[],"class_list":["post-3256","post","type-post","status-publish","format-standard","hentry","category-zeitsprung"],"yoast_head":"<!-- This site is optimized with the Yoast SEO plugin v21.0 - https:\/\/yoast.com\/wordpress\/plugins\/seo\/ -->\n<title>Zeitsprung: Berner Alpen - ZEIT der Leser<\/title>\n<meta name=\"robots\" content=\"index, follow, max-snippet:-1, max-image-preview:large, max-video-preview:-1\" \/>\n<link rel=\"canonical\" href=\"https:\/\/blog.zeit.de\/zeit-der-leser\/2010\/12\/02\/zeitsprung-berner-alpen\/\" \/>\n<meta property=\"og:locale\" content=\"de_DE\" \/>\n<meta property=\"og:type\" content=\"article\" \/>\n<meta property=\"og:title\" content=\"Zeitsprung: Berner Alpen - ZEIT der Leser\" \/>\n<meta property=\"og:description\" content=\"Im Oktober 1990 war ich einige Tage in einer einsamen Gegend in den Berner Alpen und habe unter anderem das obere Foto von den Lobh\u00f6rnern geschossen. In der Mitte kann man mein dunkelgr\u00fcnes Zelt erkennen. Diesen Herbst, also zwanzig Jahre sp\u00e4ter, war ich neugierig darauf, zu sehen, ob sich etwas ge\u00e4ndert hat. Ich war also [&hellip;]\" \/>\n<meta property=\"og:url\" content=\"https:\/\/blog.zeit.de\/zeit-der-leser\/2010\/12\/02\/zeitsprung-berner-alpen\/\" \/>\n<meta property=\"og:site_name\" content=\"ZEIT der Leser\" \/>\n<meta property=\"article:published_time\" content=\"2010-12-02T04:59:44+00:00\" \/>\n<meta property=\"article:modified_time\" content=\"2010-12-02T15:18:56+00:00\" \/>\n<meta property=\"og:image\" content=\"https:\/\/blog.zeit.de\/zeit-der-leser\/files\/2010\/12\/s98-zeitsprung-1.jpg\" \/>\n<meta name=\"author\" content=\"Zeit der Leser\" \/>\n<meta name=\"twitter:card\" content=\"summary_large_image\" \/>\n<meta name=\"twitter:label1\" content=\"Geschrieben von\" \/>\n\t<meta name=\"twitter:data1\" content=\"Zeit der Leser\" \/>\n\t<meta name=\"twitter:label2\" content=\"Gesch\u00e4tzte Lesezeit\" \/>\n\t<meta name=\"twitter:data2\" content=\"1\u00a0Minute\" \/>\n<script type=\"application\/ld+json\" class=\"yoast-schema-graph\">{\"@context\":\"https:\/\/schema.org\",\"@graph\":[{\"@type\":\"WebPage\",\"@id\":\"https:\/\/blog.zeit.de\/zeit-der-leser\/2010\/12\/02\/zeitsprung-berner-alpen\/\",\"url\":\"https:\/\/blog.zeit.de\/zeit-der-leser\/2010\/12\/02\/zeitsprung-berner-alpen\/\",\"name\":\"Zeitsprung: Berner Alpen - ZEIT der Leser\",\"isPartOf\":{\"@id\":\"https:\/\/blog.zeit.de\/zeit-der-leser\/#website\"},\"datePublished\":\"2010-12-02T04:59:44+00:00\",\"dateModified\":\"2010-12-02T15:18:56+00:00\",\"author\":{\"@id\":\"https:\/\/blog.zeit.de\/zeit-der-leser\/#\/schema\/person\/e248c7ff5a10552f6a3bd5e9385b3667\"},\"breadcrumb\":{\"@id\":\"https:\/\/blog.zeit.de\/zeit-der-leser\/2010\/12\/02\/zeitsprung-berner-alpen\/#breadcrumb\"},\"inLanguage\":\"de\",\"potentialAction\":[{\"@type\":\"ReadAction\",\"target\":[\"https:\/\/blog.zeit.de\/zeit-der-leser\/2010\/12\/02\/zeitsprung-berner-alpen\/\"]}]},{\"@type\":\"BreadcrumbList\",\"@id\":\"https:\/\/blog.zeit.de\/zeit-der-leser\/2010\/12\/02\/zeitsprung-berner-alpen\/#breadcrumb\",\"itemListElement\":[{\"@type\":\"ListItem\",\"position\":1,\"name\":\"Startseite\",\"item\":\"https:\/\/blog.zeit.de\/zeit-der-leser\/\"},{\"@type\":\"ListItem\",\"position\":2,\"name\":\"Zeitsprung: Berner Alpen\"}]},{\"@type\":\"WebSite\",\"@id\":\"https:\/\/blog.zeit.de\/zeit-der-leser\/#website\",\"url\":\"https:\/\/blog.zeit.de\/zeit-der-leser\/\",\"name\":\"ZEIT der Leser\",\"description\":\"Ein Blog mit Ihren Notizen, Gedichten und Bildern f\u00fcr die gedruckte ZEIT\",\"potentialAction\":[{\"@type\":\"SearchAction\",\"target\":{\"@type\":\"EntryPoint\",\"urlTemplate\":\"https:\/\/blog.zeit.de\/zeit-der-leser\/?s={search_term_string}\"},\"query-input\":\"required name=search_term_string\"}],\"inLanguage\":\"de\"},{\"@type\":\"Person\",\"@id\":\"https:\/\/blog.zeit.de\/zeit-der-leser\/#\/schema\/person\/e248c7ff5a10552f6a3bd5e9385b3667\",\"name\":\"Zeit der Leser\",\"image\":{\"@type\":\"ImageObject\",\"inLanguage\":\"de\",\"@id\":\"https:\/\/blog.zeit.de\/zeit-der-leser\/#\/schema\/person\/image\/\",\"url\":\"https:\/\/secure.gravatar.com\/avatar\/529bb2731085995bda6c8ba0e4da7e528ea8be4e6c7abdd217f176e2309035f6?s=96&d=mm&r=g\",\"contentUrl\":\"https:\/\/secure.gravatar.com\/avatar\/529bb2731085995bda6c8ba0e4da7e528ea8be4e6c7abdd217f176e2309035f6?s=96&d=mm&r=g\",\"caption\":\"Zeit der Leser\"},\"url\":\"https:\/\/blog.zeit.de\/zeit-der-leser\/author\/zeit-der-leser\/\"}]}<\/script>\n<!-- \/ Yoast SEO plugin. -->","yoast_head_json":{"title":"Zeitsprung: Berner Alpen - ZEIT der Leser","robots":{"index":"index","follow":"follow","max-snippet":"max-snippet:-1","max-image-preview":"max-image-preview:large","max-video-preview":"max-video-preview:-1"},"canonical":"https:\/\/blog.zeit.de\/zeit-der-leser\/2010\/12\/02\/zeitsprung-berner-alpen\/","og_locale":"de_DE","og_type":"article","og_title":"Zeitsprung: Berner Alpen - ZEIT der Leser","og_description":"Im Oktober 1990 war ich einige Tage in einer einsamen Gegend in den Berner Alpen und habe unter anderem das obere Foto von den Lobh\u00f6rnern geschossen. In der Mitte kann man mein dunkelgr\u00fcnes Zelt erkennen. Diesen Herbst, also zwanzig Jahre sp\u00e4ter, war ich neugierig darauf, zu sehen, ob sich etwas ge\u00e4ndert hat. Ich war also [&hellip;]","og_url":"https:\/\/blog.zeit.de\/zeit-der-leser\/2010\/12\/02\/zeitsprung-berner-alpen\/","og_site_name":"ZEIT der Leser","article_published_time":"2010-12-02T04:59:44+00:00","article_modified_time":"2010-12-02T15:18:56+00:00","og_image":[{"url":"https:\/\/blog.zeit.de\/zeit-der-leser\/files\/2010\/12\/s98-zeitsprung-1.jpg"}],"author":"Zeit der Leser","twitter_card":"summary_large_image","twitter_misc":{"Geschrieben von":"Zeit der Leser","Gesch\u00e4tzte Lesezeit":"1\u00a0Minute"},"schema":{"@context":"https:\/\/schema.org","@graph":[{"@type":"WebPage","@id":"https:\/\/blog.zeit.de\/zeit-der-leser\/2010\/12\/02\/zeitsprung-berner-alpen\/","url":"https:\/\/blog.zeit.de\/zeit-der-leser\/2010\/12\/02\/zeitsprung-berner-alpen\/","name":"Zeitsprung: Berner Alpen - ZEIT der Leser","isPartOf":{"@id":"https:\/\/blog.zeit.de\/zeit-der-leser\/#website"},"datePublished":"2010-12-02T04:59:44+00:00","dateModified":"2010-12-02T15:18:56+00:00","author":{"@id":"https:\/\/blog.zeit.de\/zeit-der-leser\/#\/schema\/person\/e248c7ff5a10552f6a3bd5e9385b3667"},"breadcrumb":{"@id":"https:\/\/blog.zeit.de\/zeit-der-leser\/2010\/12\/02\/zeitsprung-berner-alpen\/#breadcrumb"},"inLanguage":"de","potentialAction":[{"@type":"ReadAction","target":["https:\/\/blog.zeit.de\/zeit-der-leser\/2010\/12\/02\/zeitsprung-berner-alpen\/"]}]},{"@type":"BreadcrumbList","@id":"https:\/\/blog.zeit.de\/zeit-der-leser\/2010\/12\/02\/zeitsprung-berner-alpen\/#breadcrumb","itemListElement":[{"@type":"ListItem","position":1,"name":"Startseite","item":"https:\/\/blog.zeit.de\/zeit-der-leser\/"},{"@type":"ListItem","position":2,"name":"Zeitsprung: Berner Alpen"}]},{"@type":"WebSite","@id":"https:\/\/blog.zeit.de\/zeit-der-leser\/#website","url":"https:\/\/blog.zeit.de\/zeit-der-leser\/","name":"ZEIT der Leser","description":"Ein Blog mit Ihren Notizen, Gedichten und Bildern f\u00fcr die gedruckte ZEIT","potentialAction":[{"@type":"SearchAction","target":{"@type":"EntryPoint","urlTemplate":"https:\/\/blog.zeit.de\/zeit-der-leser\/?s={search_term_string}"},"query-input":"required name=search_term_string"}],"inLanguage":"de"},{"@type":"Person","@id":"https:\/\/blog.zeit.de\/zeit-der-leser\/#\/schema\/person\/e248c7ff5a10552f6a3bd5e9385b3667","name":"Zeit der Leser","image":{"@type":"ImageObject","inLanguage":"de","@id":"https:\/\/blog.zeit.de\/zeit-der-leser\/#\/schema\/person\/image\/","url":"https:\/\/secure.gravatar.com\/avatar\/529bb2731085995bda6c8ba0e4da7e528ea8be4e6c7abdd217f176e2309035f6?s=96&d=mm&r=g","contentUrl":"https:\/\/secure.gravatar.com\/avatar\/529bb2731085995bda6c8ba0e4da7e528ea8be4e6c7abdd217f176e2309035f6?s=96&d=mm&r=g","caption":"Zeit der Leser"},"url":"https:\/\/blog.zeit.de\/zeit-der-leser\/author\/zeit-der-leser\/"}]}},"jetpack_featured_media_url":"","jetpack_sharing_enabled":true,"_links":{"self":[{"href":"https:\/\/blog.zeit.de\/zeit-der-leser\/wp-json\/wp\/v2\/posts\/3256","targetHints":{"allow":["GET"]}}],"collection":[{"href":"https:\/\/blog.zeit.de\/zeit-der-leser\/wp-json\/wp\/v2\/posts"}],"about":[{"href":"https:\/\/blog.zeit.de\/zeit-der-leser\/wp-json\/wp\/v2\/types\/post"}],"author":[{"embeddable":true,"href":"https:\/\/blog.zeit.de\/zeit-der-leser\/wp-json\/wp\/v2\/users\/264"}],"replies":[{"embeddable":true,"href":"https:\/\/blog.zeit.de\/zeit-der-leser\/wp-json\/wp\/v2\/comments?post=3256"}],"version-history":[{"count":4,"href":"https:\/\/blog.zeit.de\/zeit-der-leser\/wp-json\/wp\/v2\/posts\/3256\/revisions"}],"predecessor-version":[{"id":3323,"href":"https:\/\/blog.zeit.de\/zeit-der-leser\/wp-json\/wp\/v2\/posts\/3256\/revisions\/3323"}],"wp:attachment":[{"href":"https:\/\/blog.zeit.de\/zeit-der-leser\/wp-json\/wp\/v2\/media?parent=3256"}],"wp:term":[{"taxonomy":"category","embeddable":true,"href":"https:\/\/blog.zeit.de\/zeit-der-leser\/wp-json\/wp\/v2\/categories?post=3256"},{"taxonomy":"post_tag","embeddable":true,"href":"https:\/\/blog.zeit.de\/zeit-der-leser\/wp-json\/wp\/v2\/tags?post=3256"}],"curies":[{"name":"wp","href":"https:\/\/api.w.org\/{rel}","templated":true}]}}