{"id":3278,"date":"2010-12-07T05:17:48","date_gmt":"2010-12-07T04:17:48","guid":{"rendered":"http:\/\/blog.zeit.de\/zeit-der-leser\/?p=3278"},"modified":"2011-02-01T12:03:12","modified_gmt":"2011-02-01T11:03:12","slug":"verehrter-professor-wapnewski","status":"publish","type":"post","link":"https:\/\/blog.zeit.de\/zeit-der-leser\/2010\/12\/07\/verehrter-professor-wapnewski\/","title":{"rendered":"Verehrter Professor Wapnewski,"},"content":{"rendered":"<p>ich habe Sie vor vielen Jahren besucht, als Sie den Lehrstuhl f\u00fcr Medi\u00e4vistik in Heidelberg hatten. Und bin dann doch nicht mit nach Berlin gekommen. Sp\u00e4ter haben Sie w\u00e4hrend meiner Lektoratszeit in der Fischer-B\u00fccherei mit mir korrespondiert, meine ausufernd-gr\u00fcnschn\u00e4belige Schreibe liebevoll-ironisch kommentiert \u2013 und mich doch ernst genommen. Das hat mich gepr\u00e4gt. Heute danke ich Ihnen daf\u00fcr. (Damals hie\u00df ich u\u0308brigens Major.)<\/p>\n<p><em>Sch\u00f6ne Gr\u00fc\u00dfe,<br \/>\nIngrid Riedmeier, Unterschlei\u00dfheim<\/em><\/p>\n","protected":false},"excerpt":{"rendered":"<p>ich habe Sie vor vielen Jahren besucht, als Sie den Lehrstuhl f\u00fcr Medi\u00e4vistik in Heidelberg hatten. Und bin dann doch nicht mit nach Berlin gekommen. Sp\u00e4ter haben Sie w\u00e4hrend meiner Lektoratszeit in der Fischer-B\u00fccherei mit mir korrespondiert, meine ausufernd-gr\u00fcnschn\u00e4belige Schreibe liebevoll-ironisch kommentiert \u2013 und mich doch ernst genommen. Das hat mich gepr\u00e4gt. Heute danke ich [&hellip;]<\/p>\n","protected":false},"author":264,"featured_media":0,"comment_status":"open","ping_status":"open","sticky":false,"template":"","format":"standard","meta":{"_jetpack_memberships_contains_paid_content":false,"footnotes":""},"categories":[1875],"tags":[],"class_list":["post-3278","post","type-post","status-publish","format-standard","hentry","category-schone-gruse"],"yoast_head":"<!-- This site is optimized with the Yoast SEO plugin v21.0 - https:\/\/yoast.com\/wordpress\/plugins\/seo\/ -->\n<title>Verehrter Professor Wapnewski, - ZEIT der Leser<\/title>\n<meta name=\"robots\" content=\"index, follow, max-snippet:-1, max-image-preview:large, max-video-preview:-1\" \/>\n<link rel=\"canonical\" href=\"https:\/\/blog.zeit.de\/zeit-der-leser\/2010\/12\/07\/verehrter-professor-wapnewski\/\" \/>\n<meta property=\"og:locale\" content=\"de_DE\" \/>\n<meta property=\"og:type\" content=\"article\" \/>\n<meta property=\"og:title\" content=\"Verehrter Professor Wapnewski, - ZEIT der Leser\" \/>\n<meta property=\"og:description\" content=\"ich habe Sie vor vielen Jahren besucht, als Sie den Lehrstuhl f\u00fcr Medi\u00e4vistik in Heidelberg hatten. Und bin dann doch nicht mit nach Berlin gekommen. Sp\u00e4ter haben Sie w\u00e4hrend meiner Lektoratszeit in der Fischer-B\u00fccherei mit mir korrespondiert, meine ausufernd-gr\u00fcnschn\u00e4belige Schreibe liebevoll-ironisch kommentiert \u2013 und mich doch ernst genommen. Das hat mich gepr\u00e4gt. Heute danke ich [&hellip;]\" \/>\n<meta property=\"og:url\" content=\"https:\/\/blog.zeit.de\/zeit-der-leser\/2010\/12\/07\/verehrter-professor-wapnewski\/\" \/>\n<meta property=\"og:site_name\" content=\"ZEIT der Leser\" \/>\n<meta property=\"article:published_time\" content=\"2010-12-07T04:17:48+00:00\" \/>\n<meta property=\"article:modified_time\" content=\"2011-02-01T11:03:12+00:00\" \/>\n<meta name=\"author\" content=\"Zeit der Leser\" \/>\n<meta name=\"twitter:card\" content=\"summary_large_image\" \/>\n<meta name=\"twitter:label1\" content=\"Geschrieben von\" \/>\n\t<meta name=\"twitter:data1\" content=\"Zeit der Leser\" \/>\n<script type=\"application\/ld+json\" class=\"yoast-schema-graph\">{\"@context\":\"https:\/\/schema.org\",\"@graph\":[{\"@type\":\"WebPage\",\"@id\":\"https:\/\/blog.zeit.de\/zeit-der-leser\/2010\/12\/07\/verehrter-professor-wapnewski\/\",\"url\":\"https:\/\/blog.zeit.de\/zeit-der-leser\/2010\/12\/07\/verehrter-professor-wapnewski\/\",\"name\":\"Verehrter Professor Wapnewski, - ZEIT der Leser\",\"isPartOf\":{\"@id\":\"https:\/\/blog.zeit.de\/zeit-der-leser\/#website\"},\"datePublished\":\"2010-12-07T04:17:48+00:00\",\"dateModified\":\"2011-02-01T11:03:12+00:00\",\"author\":{\"@id\":\"https:\/\/blog.zeit.de\/zeit-der-leser\/#\/schema\/person\/e248c7ff5a10552f6a3bd5e9385b3667\"},\"breadcrumb\":{\"@id\":\"https:\/\/blog.zeit.de\/zeit-der-leser\/2010\/12\/07\/verehrter-professor-wapnewski\/#breadcrumb\"},\"inLanguage\":\"de\",\"potentialAction\":[{\"@type\":\"ReadAction\",\"target\":[\"https:\/\/blog.zeit.de\/zeit-der-leser\/2010\/12\/07\/verehrter-professor-wapnewski\/\"]}]},{\"@type\":\"BreadcrumbList\",\"@id\":\"https:\/\/blog.zeit.de\/zeit-der-leser\/2010\/12\/07\/verehrter-professor-wapnewski\/#breadcrumb\",\"itemListElement\":[{\"@type\":\"ListItem\",\"position\":1,\"name\":\"Startseite\",\"item\":\"https:\/\/blog.zeit.de\/zeit-der-leser\/\"},{\"@type\":\"ListItem\",\"position\":2,\"name\":\"Verehrter Professor Wapnewski,\"}]},{\"@type\":\"WebSite\",\"@id\":\"https:\/\/blog.zeit.de\/zeit-der-leser\/#website\",\"url\":\"https:\/\/blog.zeit.de\/zeit-der-leser\/\",\"name\":\"ZEIT der Leser\",\"description\":\"Ein Blog mit Ihren Notizen, Gedichten und Bildern f\u00fcr die gedruckte ZEIT\",\"potentialAction\":[{\"@type\":\"SearchAction\",\"target\":{\"@type\":\"EntryPoint\",\"urlTemplate\":\"https:\/\/blog.zeit.de\/zeit-der-leser\/?s={search_term_string}\"},\"query-input\":\"required name=search_term_string\"}],\"inLanguage\":\"de\"},{\"@type\":\"Person\",\"@id\":\"https:\/\/blog.zeit.de\/zeit-der-leser\/#\/schema\/person\/e248c7ff5a10552f6a3bd5e9385b3667\",\"name\":\"Zeit der Leser\",\"image\":{\"@type\":\"ImageObject\",\"inLanguage\":\"de\",\"@id\":\"https:\/\/blog.zeit.de\/zeit-der-leser\/#\/schema\/person\/image\/\",\"url\":\"https:\/\/secure.gravatar.com\/avatar\/529bb2731085995bda6c8ba0e4da7e528ea8be4e6c7abdd217f176e2309035f6?s=96&d=mm&r=g\",\"contentUrl\":\"https:\/\/secure.gravatar.com\/avatar\/529bb2731085995bda6c8ba0e4da7e528ea8be4e6c7abdd217f176e2309035f6?s=96&d=mm&r=g\",\"caption\":\"Zeit der Leser\"},\"url\":\"https:\/\/blog.zeit.de\/zeit-der-leser\/author\/zeit-der-leser\/\"}]}<\/script>\n<!-- \/ Yoast SEO plugin. -->","yoast_head_json":{"title":"Verehrter Professor Wapnewski, - ZEIT der Leser","robots":{"index":"index","follow":"follow","max-snippet":"max-snippet:-1","max-image-preview":"max-image-preview:large","max-video-preview":"max-video-preview:-1"},"canonical":"https:\/\/blog.zeit.de\/zeit-der-leser\/2010\/12\/07\/verehrter-professor-wapnewski\/","og_locale":"de_DE","og_type":"article","og_title":"Verehrter Professor Wapnewski, - ZEIT der Leser","og_description":"ich habe Sie vor vielen Jahren besucht, als Sie den Lehrstuhl f\u00fcr Medi\u00e4vistik in Heidelberg hatten. Und bin dann doch nicht mit nach Berlin gekommen. Sp\u00e4ter haben Sie w\u00e4hrend meiner Lektoratszeit in der Fischer-B\u00fccherei mit mir korrespondiert, meine ausufernd-gr\u00fcnschn\u00e4belige Schreibe liebevoll-ironisch kommentiert \u2013 und mich doch ernst genommen. Das hat mich gepr\u00e4gt. Heute danke ich [&hellip;]","og_url":"https:\/\/blog.zeit.de\/zeit-der-leser\/2010\/12\/07\/verehrter-professor-wapnewski\/","og_site_name":"ZEIT der Leser","article_published_time":"2010-12-07T04:17:48+00:00","article_modified_time":"2011-02-01T11:03:12+00:00","author":"Zeit der Leser","twitter_card":"summary_large_image","twitter_misc":{"Geschrieben von":"Zeit der Leser"},"schema":{"@context":"https:\/\/schema.org","@graph":[{"@type":"WebPage","@id":"https:\/\/blog.zeit.de\/zeit-der-leser\/2010\/12\/07\/verehrter-professor-wapnewski\/","url":"https:\/\/blog.zeit.de\/zeit-der-leser\/2010\/12\/07\/verehrter-professor-wapnewski\/","name":"Verehrter Professor Wapnewski, - ZEIT der Leser","isPartOf":{"@id":"https:\/\/blog.zeit.de\/zeit-der-leser\/#website"},"datePublished":"2010-12-07T04:17:48+00:00","dateModified":"2011-02-01T11:03:12+00:00","author":{"@id":"https:\/\/blog.zeit.de\/zeit-der-leser\/#\/schema\/person\/e248c7ff5a10552f6a3bd5e9385b3667"},"breadcrumb":{"@id":"https:\/\/blog.zeit.de\/zeit-der-leser\/2010\/12\/07\/verehrter-professor-wapnewski\/#breadcrumb"},"inLanguage":"de","potentialAction":[{"@type":"ReadAction","target":["https:\/\/blog.zeit.de\/zeit-der-leser\/2010\/12\/07\/verehrter-professor-wapnewski\/"]}]},{"@type":"BreadcrumbList","@id":"https:\/\/blog.zeit.de\/zeit-der-leser\/2010\/12\/07\/verehrter-professor-wapnewski\/#breadcrumb","itemListElement":[{"@type":"ListItem","position":1,"name":"Startseite","item":"https:\/\/blog.zeit.de\/zeit-der-leser\/"},{"@type":"ListItem","position":2,"name":"Verehrter Professor Wapnewski,"}]},{"@type":"WebSite","@id":"https:\/\/blog.zeit.de\/zeit-der-leser\/#website","url":"https:\/\/blog.zeit.de\/zeit-der-leser\/","name":"ZEIT der Leser","description":"Ein Blog mit Ihren Notizen, Gedichten und Bildern f\u00fcr die gedruckte ZEIT","potentialAction":[{"@type":"SearchAction","target":{"@type":"EntryPoint","urlTemplate":"https:\/\/blog.zeit.de\/zeit-der-leser\/?s={search_term_string}"},"query-input":"required name=search_term_string"}],"inLanguage":"de"},{"@type":"Person","@id":"https:\/\/blog.zeit.de\/zeit-der-leser\/#\/schema\/person\/e248c7ff5a10552f6a3bd5e9385b3667","name":"Zeit der Leser","image":{"@type":"ImageObject","inLanguage":"de","@id":"https:\/\/blog.zeit.de\/zeit-der-leser\/#\/schema\/person\/image\/","url":"https:\/\/secure.gravatar.com\/avatar\/529bb2731085995bda6c8ba0e4da7e528ea8be4e6c7abdd217f176e2309035f6?s=96&d=mm&r=g","contentUrl":"https:\/\/secure.gravatar.com\/avatar\/529bb2731085995bda6c8ba0e4da7e528ea8be4e6c7abdd217f176e2309035f6?s=96&d=mm&r=g","caption":"Zeit der Leser"},"url":"https:\/\/blog.zeit.de\/zeit-der-leser\/author\/zeit-der-leser\/"}]}},"jetpack_featured_media_url":"","jetpack_sharing_enabled":true,"_links":{"self":[{"href":"https:\/\/blog.zeit.de\/zeit-der-leser\/wp-json\/wp\/v2\/posts\/3278","targetHints":{"allow":["GET"]}}],"collection":[{"href":"https:\/\/blog.zeit.de\/zeit-der-leser\/wp-json\/wp\/v2\/posts"}],"about":[{"href":"https:\/\/blog.zeit.de\/zeit-der-leser\/wp-json\/wp\/v2\/types\/post"}],"author":[{"embeddable":true,"href":"https:\/\/blog.zeit.de\/zeit-der-leser\/wp-json\/wp\/v2\/users\/264"}],"replies":[{"embeddable":true,"href":"https:\/\/blog.zeit.de\/zeit-der-leser\/wp-json\/wp\/v2\/comments?post=3278"}],"version-history":[{"count":6,"href":"https:\/\/blog.zeit.de\/zeit-der-leser\/wp-json\/wp\/v2\/posts\/3278\/revisions"}],"predecessor-version":[{"id":4000,"href":"https:\/\/blog.zeit.de\/zeit-der-leser\/wp-json\/wp\/v2\/posts\/3278\/revisions\/4000"}],"wp:attachment":[{"href":"https:\/\/blog.zeit.de\/zeit-der-leser\/wp-json\/wp\/v2\/media?parent=3278"}],"wp:term":[{"taxonomy":"category","embeddable":true,"href":"https:\/\/blog.zeit.de\/zeit-der-leser\/wp-json\/wp\/v2\/categories?post=3278"},{"taxonomy":"post_tag","embeddable":true,"href":"https:\/\/blog.zeit.de\/zeit-der-leser\/wp-json\/wp\/v2\/tags?post=3278"}],"curies":[{"name":"wp","href":"https:\/\/api.w.org\/{rel}","templated":true}]}}