{"id":3396,"date":"2010-12-13T12:22:13","date_gmt":"2010-12-13T11:22:13","guid":{"rendered":"http:\/\/blog.zeit.de\/zeit-der-leser\/?p=3396"},"modified":"2010-12-13T10:23:38","modified_gmt":"2010-12-13T09:23:38","slug":"frankfurterin-58-arbeitssuchend","status":"publish","type":"post","link":"https:\/\/blog.zeit.de\/zeit-der-leser\/2010\/12\/13\/frankfurterin-58-arbeitssuchend\/","title":{"rendered":"Frankfurterin, 58, arbeitssuchend"},"content":{"rendered":"<p>Es begann mit diesem unguten Bauchgef\u00fchl. Die Firma, in der ich seit 6 Jahren arbeitete, lief nicht mehr rund. Ein Wechsel in der Gesch\u00e4ftsf\u00fchrung verlief nicht zum Besten, und da ich als Sekret\u00e4rin der Gesch\u00e4ftsf\u00fchrung nahe an der Schaltzentrale sa\u00df, sp\u00fcrte ich manche Ver\u00e4nderungen hautnah. <\/p>\n<p><strong>Das 1. Jahr, Alter: 56<\/strong><\/p>\n<p>Ich begann mich zu bewerben \u2013 nur hin und wieder auf Stellen, die mich besonders ansprachen, wenn ich am Wochenende die Stellenanzeigen \u00fcberflog. Aber ich bekam nur Absagen. Da ich nicht besonders intensiv suchte, war das nicht so schlimm f\u00fcr mich, besonders nicht, wenn die Absagen freundlich formuliert waren, meine Qualifikationen gelobt wurden und mir alles Gute f\u00fcr die Zukunft gew\u00fcnscht wurde. Letzteren Zusatz formulierte immerhin ungef\u00e4hr jede f\u00fcnfte Firma. Ich hatte einen Termin bei einer gro\u00dfen, renommierten Personal- und Zeitarbeitsvermittlungsfirma. Die Mitarbeiterin war sehr freundlich, lobte mich \u00fcber den gr\u00fcnen Klee, fragte mich eine Stunde lang \u00fcber meinen derzeitige T\u00e4tigkeit aus. Als ich schie\u00dflich ging, erkl\u00e4rte sie mir, sie habe in zwei Tagen ihren letzten Tag in der Firma, aber die Unterlagen w\u00fcrden an eine Kollegin gehen. Als ich drei Wochen sp\u00e4ter nachfragte, waren meine Unterlagen nicht mehr zu finden und in der zentralen Datei war ich nicht erfasst. <\/p>\n<p><strong>Das 2. Jahr, Alter: 57<\/strong><\/p>\n<p>Die Lage begann sich zuzuspitzen. Mir wurde immer mulmiger in der Firma, mein n\u00e4chster Geburtstag, der 57. war in Sicht und ich verdoppelte den Einsatz: So alle 6 Wochen schrieb ich eine Bewerbung und stellte mich auch bei einem Headhunter vor. Die zust\u00e4ndige Beraterin meinte, sie k\u00f6nne mir bestimmt eine Stelle vermitteln, es k\u00e4me nur darauf an, die Ausschreibung geschickt zu formulieren und meine Qualifikationen ins rechte Licht zu r\u00fccken. Ich verlie\u00df das Geb\u00e4ude nach diesem Gespr\u00e4ch beschwingt und voller Hoffnung. Erst einmal h\u00f6rte ich wochenlang nichts von der Headhunterin, dann wurde mir, obwohl ich noch in ungek\u00fcndigter Position war, eine befristete Stelle angeboten und mit einem Drittel weniger an Gehalt. Als ich ablehnte, h\u00f6rte ich wieder wochenlang nichts, dann wurde ich gefragt, ob ich an einer Position im weiteren Umkreis von Frankfurt interessiert sei. Als ich bejahte, h\u00f6rte ich lange nichts, bis ich schlie\u00dflich nachfragte und erfuhr, dass sich der Kunde der Headhunter f\u00fcr eine Mitbewerberin entschieden habe.<\/p>\n<p><strong>Das 3. Jahr, Alter: 58<\/strong><\/p>\n<p>Ich erfuhr von beunruhigenden Entwicklungen in meiner derzeitigen Firma und wusste, jetzt wird es ernst. Ich ging zur Beratung bei der Rentenversicherung, erfuhr, dass meine zu erwartende Rente um etwa ein Drittel gek\u00fcrzt w\u00fcrde, wenn ich keine neue Arbeitsstelle finde, machte Kassensturz, stellte alle Sonderausgaben ein, und listete mich in zwei Jobb\u00f6rsen im Internet, gab ein kostenloses Stellengesuch in einem Online-Portal auf, las jedes Wochenende sorgf\u00e4ltig die ausgeschriebenen Stellenangebote in zwei Tageszeitungen, lie\u00df neue Passfotos nach einem Friseurbesuch machen und schrieb Bewerbung auf Bewerbung. Gelegentlich erhielt ich eine Empfangsbest\u00e4tigung, hin und wieder ein Schreiben mit dem Hinweis, dass die Bearbeitung der zahlreichen Zuschriften einige Zeit beanspruchen w\u00fcrde, aber dann passierte nichts mehr, und meist kam dann die Bewerbung zur\u00fcck bzw. auf die Online-Bewerbungen kamen Absagen &#8211; meistens, aber manchmal nicht einmal das.<br \/>\nKurz nach meinem 58. Geburtstag warf mich die Firma der Headhunter aus der Kartei. Es g\u00e4be zur Zeit nichts Passendes f\u00fcr mich. Ich fragte nach, ob ich nicht in der Kartei bleiben k\u00f6nnte, aber die Antwort war lakonisch: &#8222;Wir haben zur Zeit nichts f\u00fcr Sie&#8220;. Was soll eine im Personalwesen versierte Fachkraft auch sonst sagen in den Zeiten der Antidiskriminierungsgesetze\u2026 In der Zeitung lese ich gleichzeitig viele Artikel und Kommentare \u00fcber die Verl\u00e4ngerung der Lebensarbeitszeit und den Kampf gegen die Fr\u00fchverrentnerung, worauf angeblich so viele Menschen aus sind. Was g\u00e4be ich darum, einen neuen Arbeitsplatz zu finden.<\/p>\n<p>Es geschieht: Die Firma, in der ich arbeite, meldet Insolvenz an. Erst die vorl\u00e4ufige, dann die endg\u00fcltige. Ich gehe wieder zum Friseur, lasse neue Bewerbungsfotos machen, f\u00fcr die ich zuversichtlich in die Linse blicke und bewerbe mich, bewerbe mich, bewerbe mich. Das Jobportal der Arbeitsagentur tut sich auf: So viele Stellen, die ab sofort zu besetzen sind! Zwischen den vielen, vielen Vermittlern von Zeitarbeitsstellen oder im besten Fall festen Stellen, findet sich ab und zu eine direkte Ausschreibung einer \u201enormalen\u201c Firma. Wen st\u00f6rt es da, wenn von einer Wochenarbeitszeit von 46 Stunden geredet wird oder eine Arbeitszeit vom Nachmittag bis 22 Uhr ausgeschrieben wird. Ich m\u00f6chte nur arbeiten und bewerbe mich. Die Post erlebt einen Konjunkturaufschwung: Ich schreibe Bewerbungen, schicke sie ab, die Firma schickt die Bewerbungsmappe wieder zur\u00fcck. <\/p>\n<p>Gl\u00fccklicherweise habe ich online eine Flatrate und kann manche Bewerbung gleich am Bildschirm losschicken.<br \/>\nNoch drei Monate, dann ist Weihnachten &#8211; und ich habe keine Arbeit mehr. Eine hochqualifizierte Sekret\u00e4rin mit sehr guten Englischkenntnissen, viel Erfahrung im Personalwesen und versierte Facility Managerin in einer mittelst\u00e4ndischen Firma wird anscheinend nicht alle Tage gebraucht. Auch nicht, wenn sie zu Abstrichen gehaltlicher Art und was den Weg zur Arbeitsstelle angeht, bereit ist. <\/p>\n<p>Mein derzeitiger Lieblingsschlager: &#8222;Wunder gibt es immer wieder&#8220; \u2013 wie hei\u00dft es so treffend im Volksmund: Die Hoffnung stirbt zuletzt.<\/p>\n<p><em>Eva H., Frankfurt<\/em><\/p>\n","protected":false},"excerpt":{"rendered":"<p>Es begann mit diesem unguten Bauchgef\u00fchl. Die Firma, in der ich seit 6 Jahren arbeitete, lief nicht mehr rund. Ein Wechsel in der Gesch\u00e4ftsf\u00fchrung verlief nicht zum Besten, und da ich als Sekret\u00e4rin der Gesch\u00e4ftsf\u00fchrung nahe an der Schaltzentrale sa\u00df, sp\u00fcrte ich manche Ver\u00e4nderungen hautnah. Das 1. Jahr, Alter: 56 Ich begann mich zu bewerben [&hellip;]<\/p>\n","protected":false},"author":264,"featured_media":0,"comment_status":"open","ping_status":"open","sticky":false,"template":"","format":"standard","meta":{"_jetpack_memberships_contains_paid_content":false,"footnotes":""},"categories":[1869],"tags":[],"class_list":["post-3396","post","type-post","status-publish","format-standard","hentry","category-das-regt-mich-auf"],"yoast_head":"<!-- This site is optimized with the Yoast SEO plugin v21.0 - https:\/\/yoast.com\/wordpress\/plugins\/seo\/ -->\n<title>Frankfurterin, 58, arbeitssuchend - ZEIT der Leser<\/title>\n<meta name=\"robots\" content=\"index, follow, max-snippet:-1, max-image-preview:large, max-video-preview:-1\" \/>\n<link rel=\"canonical\" href=\"https:\/\/blog.zeit.de\/zeit-der-leser\/2010\/12\/13\/frankfurterin-58-arbeitssuchend\/\" \/>\n<meta property=\"og:locale\" content=\"de_DE\" \/>\n<meta property=\"og:type\" content=\"article\" \/>\n<meta property=\"og:title\" content=\"Frankfurterin, 58, arbeitssuchend - ZEIT der Leser\" \/>\n<meta property=\"og:description\" content=\"Es begann mit diesem unguten Bauchgef\u00fchl. Die Firma, in der ich seit 6 Jahren arbeitete, lief nicht mehr rund. Ein Wechsel in der Gesch\u00e4ftsf\u00fchrung verlief nicht zum Besten, und da ich als Sekret\u00e4rin der Gesch\u00e4ftsf\u00fchrung nahe an der Schaltzentrale sa\u00df, sp\u00fcrte ich manche Ver\u00e4nderungen hautnah. Das 1. Jahr, Alter: 56 Ich begann mich zu bewerben [&hellip;]\" \/>\n<meta property=\"og:url\" content=\"https:\/\/blog.zeit.de\/zeit-der-leser\/2010\/12\/13\/frankfurterin-58-arbeitssuchend\/\" \/>\n<meta property=\"og:site_name\" content=\"ZEIT der Leser\" \/>\n<meta property=\"article:published_time\" content=\"2010-12-13T11:22:13+00:00\" \/>\n<meta property=\"article:modified_time\" content=\"2010-12-13T09:23:38+00:00\" \/>\n<meta name=\"author\" content=\"Zeit der Leser\" \/>\n<meta name=\"twitter:card\" content=\"summary_large_image\" \/>\n<meta name=\"twitter:label1\" content=\"Geschrieben von\" \/>\n\t<meta name=\"twitter:data1\" content=\"Zeit der Leser\" \/>\n\t<meta name=\"twitter:label2\" content=\"Gesch\u00e4tzte Lesezeit\" \/>\n\t<meta name=\"twitter:data2\" content=\"4\u00a0Minuten\" \/>\n<script type=\"application\/ld+json\" class=\"yoast-schema-graph\">{\"@context\":\"https:\/\/schema.org\",\"@graph\":[{\"@type\":\"WebPage\",\"@id\":\"https:\/\/blog.zeit.de\/zeit-der-leser\/2010\/12\/13\/frankfurterin-58-arbeitssuchend\/\",\"url\":\"https:\/\/blog.zeit.de\/zeit-der-leser\/2010\/12\/13\/frankfurterin-58-arbeitssuchend\/\",\"name\":\"Frankfurterin, 58, arbeitssuchend - ZEIT der Leser\",\"isPartOf\":{\"@id\":\"https:\/\/blog.zeit.de\/zeit-der-leser\/#website\"},\"datePublished\":\"2010-12-13T11:22:13+00:00\",\"dateModified\":\"2010-12-13T09:23:38+00:00\",\"author\":{\"@id\":\"https:\/\/blog.zeit.de\/zeit-der-leser\/#\/schema\/person\/e248c7ff5a10552f6a3bd5e9385b3667\"},\"breadcrumb\":{\"@id\":\"https:\/\/blog.zeit.de\/zeit-der-leser\/2010\/12\/13\/frankfurterin-58-arbeitssuchend\/#breadcrumb\"},\"inLanguage\":\"de\",\"potentialAction\":[{\"@type\":\"ReadAction\",\"target\":[\"https:\/\/blog.zeit.de\/zeit-der-leser\/2010\/12\/13\/frankfurterin-58-arbeitssuchend\/\"]}]},{\"@type\":\"BreadcrumbList\",\"@id\":\"https:\/\/blog.zeit.de\/zeit-der-leser\/2010\/12\/13\/frankfurterin-58-arbeitssuchend\/#breadcrumb\",\"itemListElement\":[{\"@type\":\"ListItem\",\"position\":1,\"name\":\"Startseite\",\"item\":\"https:\/\/blog.zeit.de\/zeit-der-leser\/\"},{\"@type\":\"ListItem\",\"position\":2,\"name\":\"Frankfurterin, 58, arbeitssuchend\"}]},{\"@type\":\"WebSite\",\"@id\":\"https:\/\/blog.zeit.de\/zeit-der-leser\/#website\",\"url\":\"https:\/\/blog.zeit.de\/zeit-der-leser\/\",\"name\":\"ZEIT der Leser\",\"description\":\"Ein Blog mit Ihren Notizen, Gedichten und Bildern f\u00fcr die gedruckte ZEIT\",\"potentialAction\":[{\"@type\":\"SearchAction\",\"target\":{\"@type\":\"EntryPoint\",\"urlTemplate\":\"https:\/\/blog.zeit.de\/zeit-der-leser\/?s={search_term_string}\"},\"query-input\":\"required name=search_term_string\"}],\"inLanguage\":\"de\"},{\"@type\":\"Person\",\"@id\":\"https:\/\/blog.zeit.de\/zeit-der-leser\/#\/schema\/person\/e248c7ff5a10552f6a3bd5e9385b3667\",\"name\":\"Zeit der Leser\",\"image\":{\"@type\":\"ImageObject\",\"inLanguage\":\"de\",\"@id\":\"https:\/\/blog.zeit.de\/zeit-der-leser\/#\/schema\/person\/image\/\",\"url\":\"https:\/\/secure.gravatar.com\/avatar\/529bb2731085995bda6c8ba0e4da7e528ea8be4e6c7abdd217f176e2309035f6?s=96&d=mm&r=g\",\"contentUrl\":\"https:\/\/secure.gravatar.com\/avatar\/529bb2731085995bda6c8ba0e4da7e528ea8be4e6c7abdd217f176e2309035f6?s=96&d=mm&r=g\",\"caption\":\"Zeit der Leser\"},\"url\":\"https:\/\/blog.zeit.de\/zeit-der-leser\/author\/zeit-der-leser\/\"}]}<\/script>\n<!-- \/ Yoast SEO plugin. -->","yoast_head_json":{"title":"Frankfurterin, 58, arbeitssuchend - ZEIT der Leser","robots":{"index":"index","follow":"follow","max-snippet":"max-snippet:-1","max-image-preview":"max-image-preview:large","max-video-preview":"max-video-preview:-1"},"canonical":"https:\/\/blog.zeit.de\/zeit-der-leser\/2010\/12\/13\/frankfurterin-58-arbeitssuchend\/","og_locale":"de_DE","og_type":"article","og_title":"Frankfurterin, 58, arbeitssuchend - ZEIT der Leser","og_description":"Es begann mit diesem unguten Bauchgef\u00fchl. Die Firma, in der ich seit 6 Jahren arbeitete, lief nicht mehr rund. Ein Wechsel in der Gesch\u00e4ftsf\u00fchrung verlief nicht zum Besten, und da ich als Sekret\u00e4rin der Gesch\u00e4ftsf\u00fchrung nahe an der Schaltzentrale sa\u00df, sp\u00fcrte ich manche Ver\u00e4nderungen hautnah. Das 1. Jahr, Alter: 56 Ich begann mich zu bewerben [&hellip;]","og_url":"https:\/\/blog.zeit.de\/zeit-der-leser\/2010\/12\/13\/frankfurterin-58-arbeitssuchend\/","og_site_name":"ZEIT der Leser","article_published_time":"2010-12-13T11:22:13+00:00","article_modified_time":"2010-12-13T09:23:38+00:00","author":"Zeit der Leser","twitter_card":"summary_large_image","twitter_misc":{"Geschrieben von":"Zeit der Leser","Gesch\u00e4tzte Lesezeit":"4\u00a0Minuten"},"schema":{"@context":"https:\/\/schema.org","@graph":[{"@type":"WebPage","@id":"https:\/\/blog.zeit.de\/zeit-der-leser\/2010\/12\/13\/frankfurterin-58-arbeitssuchend\/","url":"https:\/\/blog.zeit.de\/zeit-der-leser\/2010\/12\/13\/frankfurterin-58-arbeitssuchend\/","name":"Frankfurterin, 58, arbeitssuchend - ZEIT der Leser","isPartOf":{"@id":"https:\/\/blog.zeit.de\/zeit-der-leser\/#website"},"datePublished":"2010-12-13T11:22:13+00:00","dateModified":"2010-12-13T09:23:38+00:00","author":{"@id":"https:\/\/blog.zeit.de\/zeit-der-leser\/#\/schema\/person\/e248c7ff5a10552f6a3bd5e9385b3667"},"breadcrumb":{"@id":"https:\/\/blog.zeit.de\/zeit-der-leser\/2010\/12\/13\/frankfurterin-58-arbeitssuchend\/#breadcrumb"},"inLanguage":"de","potentialAction":[{"@type":"ReadAction","target":["https:\/\/blog.zeit.de\/zeit-der-leser\/2010\/12\/13\/frankfurterin-58-arbeitssuchend\/"]}]},{"@type":"BreadcrumbList","@id":"https:\/\/blog.zeit.de\/zeit-der-leser\/2010\/12\/13\/frankfurterin-58-arbeitssuchend\/#breadcrumb","itemListElement":[{"@type":"ListItem","position":1,"name":"Startseite","item":"https:\/\/blog.zeit.de\/zeit-der-leser\/"},{"@type":"ListItem","position":2,"name":"Frankfurterin, 58, arbeitssuchend"}]},{"@type":"WebSite","@id":"https:\/\/blog.zeit.de\/zeit-der-leser\/#website","url":"https:\/\/blog.zeit.de\/zeit-der-leser\/","name":"ZEIT der Leser","description":"Ein Blog mit Ihren Notizen, Gedichten und Bildern f\u00fcr die gedruckte ZEIT","potentialAction":[{"@type":"SearchAction","target":{"@type":"EntryPoint","urlTemplate":"https:\/\/blog.zeit.de\/zeit-der-leser\/?s={search_term_string}"},"query-input":"required name=search_term_string"}],"inLanguage":"de"},{"@type":"Person","@id":"https:\/\/blog.zeit.de\/zeit-der-leser\/#\/schema\/person\/e248c7ff5a10552f6a3bd5e9385b3667","name":"Zeit der Leser","image":{"@type":"ImageObject","inLanguage":"de","@id":"https:\/\/blog.zeit.de\/zeit-der-leser\/#\/schema\/person\/image\/","url":"https:\/\/secure.gravatar.com\/avatar\/529bb2731085995bda6c8ba0e4da7e528ea8be4e6c7abdd217f176e2309035f6?s=96&d=mm&r=g","contentUrl":"https:\/\/secure.gravatar.com\/avatar\/529bb2731085995bda6c8ba0e4da7e528ea8be4e6c7abdd217f176e2309035f6?s=96&d=mm&r=g","caption":"Zeit der Leser"},"url":"https:\/\/blog.zeit.de\/zeit-der-leser\/author\/zeit-der-leser\/"}]}},"jetpack_featured_media_url":"","jetpack_sharing_enabled":true,"_links":{"self":[{"href":"https:\/\/blog.zeit.de\/zeit-der-leser\/wp-json\/wp\/v2\/posts\/3396","targetHints":{"allow":["GET"]}}],"collection":[{"href":"https:\/\/blog.zeit.de\/zeit-der-leser\/wp-json\/wp\/v2\/posts"}],"about":[{"href":"https:\/\/blog.zeit.de\/zeit-der-leser\/wp-json\/wp\/v2\/types\/post"}],"author":[{"embeddable":true,"href":"https:\/\/blog.zeit.de\/zeit-der-leser\/wp-json\/wp\/v2\/users\/264"}],"replies":[{"embeddable":true,"href":"https:\/\/blog.zeit.de\/zeit-der-leser\/wp-json\/wp\/v2\/comments?post=3396"}],"version-history":[{"count":3,"href":"https:\/\/blog.zeit.de\/zeit-der-leser\/wp-json\/wp\/v2\/posts\/3396\/revisions"}],"predecessor-version":[{"id":3399,"href":"https:\/\/blog.zeit.de\/zeit-der-leser\/wp-json\/wp\/v2\/posts\/3396\/revisions\/3399"}],"wp:attachment":[{"href":"https:\/\/blog.zeit.de\/zeit-der-leser\/wp-json\/wp\/v2\/media?parent=3396"}],"wp:term":[{"taxonomy":"category","embeddable":true,"href":"https:\/\/blog.zeit.de\/zeit-der-leser\/wp-json\/wp\/v2\/categories?post=3396"},{"taxonomy":"post_tag","embeddable":true,"href":"https:\/\/blog.zeit.de\/zeit-der-leser\/wp-json\/wp\/v2\/tags?post=3396"}],"curies":[{"name":"wp","href":"https:\/\/api.w.org\/{rel}","templated":true}]}}