{"id":342,"date":"2010-04-02T15:28:13","date_gmt":"2010-04-02T13:28:13","guid":{"rendered":"http:\/\/blog.zeit.de\/zeit-der-leser\/?p=342"},"modified":"2010-04-02T15:28:13","modified_gmt":"2010-04-02T13:28:13","slug":"sonnenuntergang-am-anderen-ende-der-welt","status":"publish","type":"post","link":"https:\/\/blog.zeit.de\/zeit-der-leser\/2010\/04\/02\/sonnenuntergang-am-anderen-ende-der-welt\/","title":{"rendered":"Sonnenuntergang am anderen Ende der Welt"},"content":{"rendered":"<p><figure id=\"attachment_344\" aria-describedby=\"caption-attachment-344\" style=\"width: 540px\" class=\"wp-caption alignleft\"><a href=\"https:\/\/blog.zeit.de\/zeit-der-leser\/files\/2010\/04\/Sonnenuntergangklein1.jpg\"><img loading=\"lazy\" decoding=\"async\" class=\"size-full wp-image-344\" title=\"Sonnenuntergangklein\" src=\"https:\/\/blog.zeit.de\/zeit-der-leser\/files\/2010\/04\/Sonnenuntergangklein1.jpg\" alt=\"\" width=\"540\" height=\"405\" srcset=\"https:\/\/blog.zeit.de\/zeit-der-leser\/files\/2010\/04\/Sonnenuntergangklein1.jpg 540w, https:\/\/blog.zeit.de\/zeit-der-leser\/files\/2010\/04\/Sonnenuntergangklein1-300x225.jpg 300w\" sizes=\"auto, (max-width: 540px) 100vw, 540px\" \/><\/a><figcaption id=\"caption-attachment-344\" class=\"wp-caption-text\">\u00a9 Katharina Ruppmann<\/figcaption><\/figure><\/p>\n<p>Freiheit pur: Aus dem Van heraus gemeinsam in den neuseel\u00e4ndischen Sonnenuntergang zu blicken, wo nichts die Ruhe st\u00f6rt au\u00dfer der Wind, der den Van auf dem Gipfel der Banks Peninsula zum Schwanken bringt und mich langsam in den Schlaf wiegt.<\/p>\n<p><em>Katharina Ruppmann <\/em><\/p>\n","protected":false},"excerpt":{"rendered":"<p>Freiheit pur: Aus dem Van heraus gemeinsam in den neuseel\u00e4ndischen Sonnenuntergang zu blicken, wo nichts die Ruhe st\u00f6rt au\u00dfer der Wind, der den Van auf dem Gipfel der Banks Peninsula zum Schwanken bringt und mich langsam in den Schlaf wiegt. Katharina Ruppmann<\/p>\n","protected":false},"author":264,"featured_media":0,"comment_status":"open","ping_status":"open","sticky":false,"template":"","format":"standard","meta":{"_jetpack_memberships_contains_paid_content":false,"footnotes":""},"categories":[1871],"tags":[],"class_list":["post-342","post","type-post","status-publish","format-standard","hentry","category-was-mein-leben-reicher-macht"],"yoast_head":"<!-- This site is optimized with the Yoast SEO plugin v21.0 - https:\/\/yoast.com\/wordpress\/plugins\/seo\/ -->\n<title>Sonnenuntergang am anderen Ende der Welt - ZEIT der Leser<\/title>\n<meta name=\"robots\" content=\"index, follow, max-snippet:-1, max-image-preview:large, max-video-preview:-1\" \/>\n<link rel=\"canonical\" href=\"https:\/\/blog.zeit.de\/zeit-der-leser\/2010\/04\/02\/sonnenuntergang-am-anderen-ende-der-welt\/\" \/>\n<meta property=\"og:locale\" content=\"de_DE\" \/>\n<meta property=\"og:type\" content=\"article\" \/>\n<meta property=\"og:title\" content=\"Sonnenuntergang am anderen Ende der Welt - ZEIT der Leser\" \/>\n<meta property=\"og:description\" content=\"Freiheit pur: Aus dem Van heraus gemeinsam in den neuseel\u00e4ndischen Sonnenuntergang zu blicken, wo nichts die Ruhe st\u00f6rt au\u00dfer der Wind, der den Van auf dem Gipfel der Banks Peninsula zum Schwanken bringt und mich langsam in den Schlaf wiegt. Katharina Ruppmann\" \/>\n<meta property=\"og:url\" content=\"https:\/\/blog.zeit.de\/zeit-der-leser\/2010\/04\/02\/sonnenuntergang-am-anderen-ende-der-welt\/\" \/>\n<meta property=\"og:site_name\" content=\"ZEIT der Leser\" \/>\n<meta property=\"article:published_time\" content=\"2010-04-02T13:28:13+00:00\" \/>\n<meta property=\"og:image\" content=\"https:\/\/blog.zeit.de\/zeit-der-leser\/files\/2010\/04\/Sonnenuntergangklein1.jpg\" \/>\n<meta name=\"author\" content=\"Zeit der Leser\" \/>\n<meta name=\"twitter:card\" content=\"summary_large_image\" \/>\n<meta name=\"twitter:label1\" content=\"Geschrieben von\" \/>\n\t<meta name=\"twitter:data1\" content=\"Zeit der Leser\" \/>\n<script type=\"application\/ld+json\" class=\"yoast-schema-graph\">{\"@context\":\"https:\/\/schema.org\",\"@graph\":[{\"@type\":\"WebPage\",\"@id\":\"https:\/\/blog.zeit.de\/zeit-der-leser\/2010\/04\/02\/sonnenuntergang-am-anderen-ende-der-welt\/\",\"url\":\"https:\/\/blog.zeit.de\/zeit-der-leser\/2010\/04\/02\/sonnenuntergang-am-anderen-ende-der-welt\/\",\"name\":\"Sonnenuntergang am anderen Ende der Welt - ZEIT der Leser\",\"isPartOf\":{\"@id\":\"https:\/\/blog.zeit.de\/zeit-der-leser\/#website\"},\"datePublished\":\"2010-04-02T13:28:13+00:00\",\"dateModified\":\"2010-04-02T13:28:13+00:00\",\"author\":{\"@id\":\"https:\/\/blog.zeit.de\/zeit-der-leser\/#\/schema\/person\/e248c7ff5a10552f6a3bd5e9385b3667\"},\"breadcrumb\":{\"@id\":\"https:\/\/blog.zeit.de\/zeit-der-leser\/2010\/04\/02\/sonnenuntergang-am-anderen-ende-der-welt\/#breadcrumb\"},\"inLanguage\":\"de\",\"potentialAction\":[{\"@type\":\"ReadAction\",\"target\":[\"https:\/\/blog.zeit.de\/zeit-der-leser\/2010\/04\/02\/sonnenuntergang-am-anderen-ende-der-welt\/\"]}]},{\"@type\":\"BreadcrumbList\",\"@id\":\"https:\/\/blog.zeit.de\/zeit-der-leser\/2010\/04\/02\/sonnenuntergang-am-anderen-ende-der-welt\/#breadcrumb\",\"itemListElement\":[{\"@type\":\"ListItem\",\"position\":1,\"name\":\"Startseite\",\"item\":\"https:\/\/blog.zeit.de\/zeit-der-leser\/\"},{\"@type\":\"ListItem\",\"position\":2,\"name\":\"Sonnenuntergang am anderen Ende der Welt\"}]},{\"@type\":\"WebSite\",\"@id\":\"https:\/\/blog.zeit.de\/zeit-der-leser\/#website\",\"url\":\"https:\/\/blog.zeit.de\/zeit-der-leser\/\",\"name\":\"ZEIT der Leser\",\"description\":\"Ein Blog mit Ihren Notizen, Gedichten und Bildern f\u00fcr die gedruckte ZEIT\",\"potentialAction\":[{\"@type\":\"SearchAction\",\"target\":{\"@type\":\"EntryPoint\",\"urlTemplate\":\"https:\/\/blog.zeit.de\/zeit-der-leser\/?s={search_term_string}\"},\"query-input\":\"required name=search_term_string\"}],\"inLanguage\":\"de\"},{\"@type\":\"Person\",\"@id\":\"https:\/\/blog.zeit.de\/zeit-der-leser\/#\/schema\/person\/e248c7ff5a10552f6a3bd5e9385b3667\",\"name\":\"Zeit der Leser\",\"image\":{\"@type\":\"ImageObject\",\"inLanguage\":\"de\",\"@id\":\"https:\/\/blog.zeit.de\/zeit-der-leser\/#\/schema\/person\/image\/\",\"url\":\"https:\/\/secure.gravatar.com\/avatar\/529bb2731085995bda6c8ba0e4da7e528ea8be4e6c7abdd217f176e2309035f6?s=96&d=mm&r=g\",\"contentUrl\":\"https:\/\/secure.gravatar.com\/avatar\/529bb2731085995bda6c8ba0e4da7e528ea8be4e6c7abdd217f176e2309035f6?s=96&d=mm&r=g\",\"caption\":\"Zeit der Leser\"},\"url\":\"https:\/\/blog.zeit.de\/zeit-der-leser\/author\/zeit-der-leser\/\"}]}<\/script>\n<!-- \/ Yoast SEO plugin. -->","yoast_head_json":{"title":"Sonnenuntergang am anderen Ende der Welt - ZEIT der Leser","robots":{"index":"index","follow":"follow","max-snippet":"max-snippet:-1","max-image-preview":"max-image-preview:large","max-video-preview":"max-video-preview:-1"},"canonical":"https:\/\/blog.zeit.de\/zeit-der-leser\/2010\/04\/02\/sonnenuntergang-am-anderen-ende-der-welt\/","og_locale":"de_DE","og_type":"article","og_title":"Sonnenuntergang am anderen Ende der Welt - ZEIT der Leser","og_description":"Freiheit pur: Aus dem Van heraus gemeinsam in den neuseel\u00e4ndischen Sonnenuntergang zu blicken, wo nichts die Ruhe st\u00f6rt au\u00dfer der Wind, der den Van auf dem Gipfel der Banks Peninsula zum Schwanken bringt und mich langsam in den Schlaf wiegt. Katharina Ruppmann","og_url":"https:\/\/blog.zeit.de\/zeit-der-leser\/2010\/04\/02\/sonnenuntergang-am-anderen-ende-der-welt\/","og_site_name":"ZEIT der Leser","article_published_time":"2010-04-02T13:28:13+00:00","og_image":[{"url":"https:\/\/blog.zeit.de\/zeit-der-leser\/files\/2010\/04\/Sonnenuntergangklein1.jpg"}],"author":"Zeit der Leser","twitter_card":"summary_large_image","twitter_misc":{"Geschrieben von":"Zeit der Leser"},"schema":{"@context":"https:\/\/schema.org","@graph":[{"@type":"WebPage","@id":"https:\/\/blog.zeit.de\/zeit-der-leser\/2010\/04\/02\/sonnenuntergang-am-anderen-ende-der-welt\/","url":"https:\/\/blog.zeit.de\/zeit-der-leser\/2010\/04\/02\/sonnenuntergang-am-anderen-ende-der-welt\/","name":"Sonnenuntergang am anderen Ende der Welt - ZEIT der Leser","isPartOf":{"@id":"https:\/\/blog.zeit.de\/zeit-der-leser\/#website"},"datePublished":"2010-04-02T13:28:13+00:00","dateModified":"2010-04-02T13:28:13+00:00","author":{"@id":"https:\/\/blog.zeit.de\/zeit-der-leser\/#\/schema\/person\/e248c7ff5a10552f6a3bd5e9385b3667"},"breadcrumb":{"@id":"https:\/\/blog.zeit.de\/zeit-der-leser\/2010\/04\/02\/sonnenuntergang-am-anderen-ende-der-welt\/#breadcrumb"},"inLanguage":"de","potentialAction":[{"@type":"ReadAction","target":["https:\/\/blog.zeit.de\/zeit-der-leser\/2010\/04\/02\/sonnenuntergang-am-anderen-ende-der-welt\/"]}]},{"@type":"BreadcrumbList","@id":"https:\/\/blog.zeit.de\/zeit-der-leser\/2010\/04\/02\/sonnenuntergang-am-anderen-ende-der-welt\/#breadcrumb","itemListElement":[{"@type":"ListItem","position":1,"name":"Startseite","item":"https:\/\/blog.zeit.de\/zeit-der-leser\/"},{"@type":"ListItem","position":2,"name":"Sonnenuntergang am anderen Ende der Welt"}]},{"@type":"WebSite","@id":"https:\/\/blog.zeit.de\/zeit-der-leser\/#website","url":"https:\/\/blog.zeit.de\/zeit-der-leser\/","name":"ZEIT der Leser","description":"Ein Blog mit Ihren Notizen, Gedichten und Bildern f\u00fcr die gedruckte ZEIT","potentialAction":[{"@type":"SearchAction","target":{"@type":"EntryPoint","urlTemplate":"https:\/\/blog.zeit.de\/zeit-der-leser\/?s={search_term_string}"},"query-input":"required name=search_term_string"}],"inLanguage":"de"},{"@type":"Person","@id":"https:\/\/blog.zeit.de\/zeit-der-leser\/#\/schema\/person\/e248c7ff5a10552f6a3bd5e9385b3667","name":"Zeit der Leser","image":{"@type":"ImageObject","inLanguage":"de","@id":"https:\/\/blog.zeit.de\/zeit-der-leser\/#\/schema\/person\/image\/","url":"https:\/\/secure.gravatar.com\/avatar\/529bb2731085995bda6c8ba0e4da7e528ea8be4e6c7abdd217f176e2309035f6?s=96&d=mm&r=g","contentUrl":"https:\/\/secure.gravatar.com\/avatar\/529bb2731085995bda6c8ba0e4da7e528ea8be4e6c7abdd217f176e2309035f6?s=96&d=mm&r=g","caption":"Zeit der Leser"},"url":"https:\/\/blog.zeit.de\/zeit-der-leser\/author\/zeit-der-leser\/"}]}},"jetpack_featured_media_url":"","jetpack_sharing_enabled":true,"_links":{"self":[{"href":"https:\/\/blog.zeit.de\/zeit-der-leser\/wp-json\/wp\/v2\/posts\/342","targetHints":{"allow":["GET"]}}],"collection":[{"href":"https:\/\/blog.zeit.de\/zeit-der-leser\/wp-json\/wp\/v2\/posts"}],"about":[{"href":"https:\/\/blog.zeit.de\/zeit-der-leser\/wp-json\/wp\/v2\/types\/post"}],"author":[{"embeddable":true,"href":"https:\/\/blog.zeit.de\/zeit-der-leser\/wp-json\/wp\/v2\/users\/264"}],"replies":[{"embeddable":true,"href":"https:\/\/blog.zeit.de\/zeit-der-leser\/wp-json\/wp\/v2\/comments?post=342"}],"version-history":[{"count":0,"href":"https:\/\/blog.zeit.de\/zeit-der-leser\/wp-json\/wp\/v2\/posts\/342\/revisions"}],"wp:attachment":[{"href":"https:\/\/blog.zeit.de\/zeit-der-leser\/wp-json\/wp\/v2\/media?parent=342"}],"wp:term":[{"taxonomy":"category","embeddable":true,"href":"https:\/\/blog.zeit.de\/zeit-der-leser\/wp-json\/wp\/v2\/categories?post=342"},{"taxonomy":"post_tag","embeddable":true,"href":"https:\/\/blog.zeit.de\/zeit-der-leser\/wp-json\/wp\/v2\/tags?post=342"}],"curies":[{"name":"wp","href":"https:\/\/api.w.org\/{rel}","templated":true}]}}