{"id":3646,"date":"2011-01-05T10:00:23","date_gmt":"2011-01-05T09:00:23","guid":{"rendered":"http:\/\/blog.zeit.de\/zeit-der-leser\/?p=3646"},"modified":"2011-01-04T19:11:37","modified_gmt":"2011-01-04T18:11:37","slug":"rucksicht-nein-danke","status":"publish","type":"post","link":"https:\/\/blog.zeit.de\/zeit-der-leser\/2011\/01\/05\/rucksicht-nein-danke\/","title":{"rendered":"R\u00fccksicht? Nein, danke"},"content":{"rendered":"<p>Bahnhof Berlin-Alexanderplatz, abends. Mitten auf dem Bahnsteig steht eine Gruppe Erwachsener, etwa so alt wie meine Eltern, von denen jeder eine Weihnachtsmannm\u00fctze tr\u00e4gt und an einer Zigarette pafft. Ich, Anfang 20, sage h\u00f6flich: &#8222;Entschuldigen Sie bitte, das hier ist ein Nichtraucherbahnhof.&#8220; Eine Frau schaut mich kurz an: &#8222;Jaja.&#8220; Nach einem weiteren Wortwechsel f\u00e4llt mir nichts H\u00f6flicheres ein als: &#8222;Hier darf nicht geraucht werden. Basta.&#8220; Die Frau raucht weiter, wendet sich ab, murmelt: &#8222;Blabla.&#8220; Mein Zug f\u00e4hrt ein, mir wird von der Gruppe noch eine unsch\u00f6ne Handbewegung hinterhergeschickt. Ich habe nichts gegen Raucher. Aber ich habe etwas gegen Menschen, die sich nicht an die vereinbarten Regeln halten und im Alltag keine R\u00fccksicht auf andere nehmen.<\/p>\n<p><em>Maria L\u00f6hnert, Frankfurt (Oder)<\/em><\/p>\n","protected":false},"excerpt":{"rendered":"<p>Bahnhof Berlin-Alexanderplatz, abends. Mitten auf dem Bahnsteig steht eine Gruppe Erwachsener, etwa so alt wie meine Eltern, von denen jeder eine Weihnachtsmannm\u00fctze tr\u00e4gt und an einer Zigarette pafft. Ich, Anfang 20, sage h\u00f6flich: &#8222;Entschuldigen Sie bitte, das hier ist ein Nichtraucherbahnhof.&#8220; Eine Frau schaut mich kurz an: &#8222;Jaja.&#8220; Nach einem weiteren Wortwechsel f\u00e4llt mir nichts [&hellip;]<\/p>\n","protected":false},"author":264,"featured_media":0,"comment_status":"open","ping_status":"open","sticky":false,"template":"","format":"standard","meta":{"_jetpack_memberships_contains_paid_content":false,"footnotes":""},"categories":[1869],"tags":[],"class_list":["post-3646","post","type-post","status-publish","format-standard","hentry","category-das-regt-mich-auf"],"yoast_head":"<!-- This site is optimized with the Yoast SEO plugin v21.0 - https:\/\/yoast.com\/wordpress\/plugins\/seo\/ -->\n<title>R\u00fccksicht? Nein, danke - ZEIT der Leser<\/title>\n<meta name=\"robots\" content=\"index, follow, max-snippet:-1, max-image-preview:large, max-video-preview:-1\" \/>\n<link rel=\"canonical\" href=\"https:\/\/blog.zeit.de\/zeit-der-leser\/2011\/01\/05\/rucksicht-nein-danke\/\" \/>\n<meta property=\"og:locale\" content=\"de_DE\" \/>\n<meta property=\"og:type\" content=\"article\" \/>\n<meta property=\"og:title\" content=\"R\u00fccksicht? Nein, danke - ZEIT der Leser\" \/>\n<meta property=\"og:description\" content=\"Bahnhof Berlin-Alexanderplatz, abends. Mitten auf dem Bahnsteig steht eine Gruppe Erwachsener, etwa so alt wie meine Eltern, von denen jeder eine Weihnachtsmannm\u00fctze tr\u00e4gt und an einer Zigarette pafft. Ich, Anfang 20, sage h\u00f6flich: &#8222;Entschuldigen Sie bitte, das hier ist ein Nichtraucherbahnhof.&#8220; Eine Frau schaut mich kurz an: &#8222;Jaja.&#8220; Nach einem weiteren Wortwechsel f\u00e4llt mir nichts [&hellip;]\" \/>\n<meta property=\"og:url\" content=\"https:\/\/blog.zeit.de\/zeit-der-leser\/2011\/01\/05\/rucksicht-nein-danke\/\" \/>\n<meta property=\"og:site_name\" content=\"ZEIT der Leser\" \/>\n<meta property=\"article:published_time\" content=\"2011-01-05T09:00:23+00:00\" \/>\n<meta property=\"article:modified_time\" content=\"2011-01-04T18:11:37+00:00\" \/>\n<meta name=\"author\" content=\"Zeit der Leser\" \/>\n<meta name=\"twitter:card\" content=\"summary_large_image\" \/>\n<meta name=\"twitter:label1\" content=\"Geschrieben von\" \/>\n\t<meta name=\"twitter:data1\" content=\"Zeit der Leser\" \/>\n\t<meta name=\"twitter:label2\" content=\"Gesch\u00e4tzte Lesezeit\" \/>\n\t<meta name=\"twitter:data2\" content=\"1\u00a0Minute\" \/>\n<script type=\"application\/ld+json\" class=\"yoast-schema-graph\">{\"@context\":\"https:\/\/schema.org\",\"@graph\":[{\"@type\":\"WebPage\",\"@id\":\"https:\/\/blog.zeit.de\/zeit-der-leser\/2011\/01\/05\/rucksicht-nein-danke\/\",\"url\":\"https:\/\/blog.zeit.de\/zeit-der-leser\/2011\/01\/05\/rucksicht-nein-danke\/\",\"name\":\"R\u00fccksicht? Nein, danke - ZEIT der Leser\",\"isPartOf\":{\"@id\":\"https:\/\/blog.zeit.de\/zeit-der-leser\/#website\"},\"datePublished\":\"2011-01-05T09:00:23+00:00\",\"dateModified\":\"2011-01-04T18:11:37+00:00\",\"author\":{\"@id\":\"https:\/\/blog.zeit.de\/zeit-der-leser\/#\/schema\/person\/e248c7ff5a10552f6a3bd5e9385b3667\"},\"breadcrumb\":{\"@id\":\"https:\/\/blog.zeit.de\/zeit-der-leser\/2011\/01\/05\/rucksicht-nein-danke\/#breadcrumb\"},\"inLanguage\":\"de\",\"potentialAction\":[{\"@type\":\"ReadAction\",\"target\":[\"https:\/\/blog.zeit.de\/zeit-der-leser\/2011\/01\/05\/rucksicht-nein-danke\/\"]}]},{\"@type\":\"BreadcrumbList\",\"@id\":\"https:\/\/blog.zeit.de\/zeit-der-leser\/2011\/01\/05\/rucksicht-nein-danke\/#breadcrumb\",\"itemListElement\":[{\"@type\":\"ListItem\",\"position\":1,\"name\":\"Startseite\",\"item\":\"https:\/\/blog.zeit.de\/zeit-der-leser\/\"},{\"@type\":\"ListItem\",\"position\":2,\"name\":\"R\u00fccksicht? Nein, danke\"}]},{\"@type\":\"WebSite\",\"@id\":\"https:\/\/blog.zeit.de\/zeit-der-leser\/#website\",\"url\":\"https:\/\/blog.zeit.de\/zeit-der-leser\/\",\"name\":\"ZEIT der Leser\",\"description\":\"Ein Blog mit Ihren Notizen, Gedichten und Bildern f\u00fcr die gedruckte ZEIT\",\"potentialAction\":[{\"@type\":\"SearchAction\",\"target\":{\"@type\":\"EntryPoint\",\"urlTemplate\":\"https:\/\/blog.zeit.de\/zeit-der-leser\/?s={search_term_string}\"},\"query-input\":\"required name=search_term_string\"}],\"inLanguage\":\"de\"},{\"@type\":\"Person\",\"@id\":\"https:\/\/blog.zeit.de\/zeit-der-leser\/#\/schema\/person\/e248c7ff5a10552f6a3bd5e9385b3667\",\"name\":\"Zeit der Leser\",\"image\":{\"@type\":\"ImageObject\",\"inLanguage\":\"de\",\"@id\":\"https:\/\/blog.zeit.de\/zeit-der-leser\/#\/schema\/person\/image\/\",\"url\":\"https:\/\/secure.gravatar.com\/avatar\/529bb2731085995bda6c8ba0e4da7e528ea8be4e6c7abdd217f176e2309035f6?s=96&d=mm&r=g\",\"contentUrl\":\"https:\/\/secure.gravatar.com\/avatar\/529bb2731085995bda6c8ba0e4da7e528ea8be4e6c7abdd217f176e2309035f6?s=96&d=mm&r=g\",\"caption\":\"Zeit der Leser\"},\"url\":\"https:\/\/blog.zeit.de\/zeit-der-leser\/author\/zeit-der-leser\/\"}]}<\/script>\n<!-- \/ Yoast SEO plugin. -->","yoast_head_json":{"title":"R\u00fccksicht? Nein, danke - ZEIT der Leser","robots":{"index":"index","follow":"follow","max-snippet":"max-snippet:-1","max-image-preview":"max-image-preview:large","max-video-preview":"max-video-preview:-1"},"canonical":"https:\/\/blog.zeit.de\/zeit-der-leser\/2011\/01\/05\/rucksicht-nein-danke\/","og_locale":"de_DE","og_type":"article","og_title":"R\u00fccksicht? Nein, danke - ZEIT der Leser","og_description":"Bahnhof Berlin-Alexanderplatz, abends. Mitten auf dem Bahnsteig steht eine Gruppe Erwachsener, etwa so alt wie meine Eltern, von denen jeder eine Weihnachtsmannm\u00fctze tr\u00e4gt und an einer Zigarette pafft. Ich, Anfang 20, sage h\u00f6flich: &#8222;Entschuldigen Sie bitte, das hier ist ein Nichtraucherbahnhof.&#8220; Eine Frau schaut mich kurz an: &#8222;Jaja.&#8220; Nach einem weiteren Wortwechsel f\u00e4llt mir nichts [&hellip;]","og_url":"https:\/\/blog.zeit.de\/zeit-der-leser\/2011\/01\/05\/rucksicht-nein-danke\/","og_site_name":"ZEIT der Leser","article_published_time":"2011-01-05T09:00:23+00:00","article_modified_time":"2011-01-04T18:11:37+00:00","author":"Zeit der Leser","twitter_card":"summary_large_image","twitter_misc":{"Geschrieben von":"Zeit der Leser","Gesch\u00e4tzte Lesezeit":"1\u00a0Minute"},"schema":{"@context":"https:\/\/schema.org","@graph":[{"@type":"WebPage","@id":"https:\/\/blog.zeit.de\/zeit-der-leser\/2011\/01\/05\/rucksicht-nein-danke\/","url":"https:\/\/blog.zeit.de\/zeit-der-leser\/2011\/01\/05\/rucksicht-nein-danke\/","name":"R\u00fccksicht? Nein, danke - ZEIT der Leser","isPartOf":{"@id":"https:\/\/blog.zeit.de\/zeit-der-leser\/#website"},"datePublished":"2011-01-05T09:00:23+00:00","dateModified":"2011-01-04T18:11:37+00:00","author":{"@id":"https:\/\/blog.zeit.de\/zeit-der-leser\/#\/schema\/person\/e248c7ff5a10552f6a3bd5e9385b3667"},"breadcrumb":{"@id":"https:\/\/blog.zeit.de\/zeit-der-leser\/2011\/01\/05\/rucksicht-nein-danke\/#breadcrumb"},"inLanguage":"de","potentialAction":[{"@type":"ReadAction","target":["https:\/\/blog.zeit.de\/zeit-der-leser\/2011\/01\/05\/rucksicht-nein-danke\/"]}]},{"@type":"BreadcrumbList","@id":"https:\/\/blog.zeit.de\/zeit-der-leser\/2011\/01\/05\/rucksicht-nein-danke\/#breadcrumb","itemListElement":[{"@type":"ListItem","position":1,"name":"Startseite","item":"https:\/\/blog.zeit.de\/zeit-der-leser\/"},{"@type":"ListItem","position":2,"name":"R\u00fccksicht? Nein, danke"}]},{"@type":"WebSite","@id":"https:\/\/blog.zeit.de\/zeit-der-leser\/#website","url":"https:\/\/blog.zeit.de\/zeit-der-leser\/","name":"ZEIT der Leser","description":"Ein Blog mit Ihren Notizen, Gedichten und Bildern f\u00fcr die gedruckte ZEIT","potentialAction":[{"@type":"SearchAction","target":{"@type":"EntryPoint","urlTemplate":"https:\/\/blog.zeit.de\/zeit-der-leser\/?s={search_term_string}"},"query-input":"required name=search_term_string"}],"inLanguage":"de"},{"@type":"Person","@id":"https:\/\/blog.zeit.de\/zeit-der-leser\/#\/schema\/person\/e248c7ff5a10552f6a3bd5e9385b3667","name":"Zeit der Leser","image":{"@type":"ImageObject","inLanguage":"de","@id":"https:\/\/blog.zeit.de\/zeit-der-leser\/#\/schema\/person\/image\/","url":"https:\/\/secure.gravatar.com\/avatar\/529bb2731085995bda6c8ba0e4da7e528ea8be4e6c7abdd217f176e2309035f6?s=96&d=mm&r=g","contentUrl":"https:\/\/secure.gravatar.com\/avatar\/529bb2731085995bda6c8ba0e4da7e528ea8be4e6c7abdd217f176e2309035f6?s=96&d=mm&r=g","caption":"Zeit der Leser"},"url":"https:\/\/blog.zeit.de\/zeit-der-leser\/author\/zeit-der-leser\/"}]}},"jetpack_featured_media_url":"","jetpack_sharing_enabled":true,"_links":{"self":[{"href":"https:\/\/blog.zeit.de\/zeit-der-leser\/wp-json\/wp\/v2\/posts\/3646","targetHints":{"allow":["GET"]}}],"collection":[{"href":"https:\/\/blog.zeit.de\/zeit-der-leser\/wp-json\/wp\/v2\/posts"}],"about":[{"href":"https:\/\/blog.zeit.de\/zeit-der-leser\/wp-json\/wp\/v2\/types\/post"}],"author":[{"embeddable":true,"href":"https:\/\/blog.zeit.de\/zeit-der-leser\/wp-json\/wp\/v2\/users\/264"}],"replies":[{"embeddable":true,"href":"https:\/\/blog.zeit.de\/zeit-der-leser\/wp-json\/wp\/v2\/comments?post=3646"}],"version-history":[{"count":2,"href":"https:\/\/blog.zeit.de\/zeit-der-leser\/wp-json\/wp\/v2\/posts\/3646\/revisions"}],"predecessor-version":[{"id":3731,"href":"https:\/\/blog.zeit.de\/zeit-der-leser\/wp-json\/wp\/v2\/posts\/3646\/revisions\/3731"}],"wp:attachment":[{"href":"https:\/\/blog.zeit.de\/zeit-der-leser\/wp-json\/wp\/v2\/media?parent=3646"}],"wp:term":[{"taxonomy":"category","embeddable":true,"href":"https:\/\/blog.zeit.de\/zeit-der-leser\/wp-json\/wp\/v2\/categories?post=3646"},{"taxonomy":"post_tag","embeddable":true,"href":"https:\/\/blog.zeit.de\/zeit-der-leser\/wp-json\/wp\/v2\/tags?post=3646"}],"curies":[{"name":"wp","href":"https:\/\/api.w.org\/{rel}","templated":true}]}}