{"id":3712,"date":"2011-01-05T10:22:02","date_gmt":"2011-01-05T09:22:02","guid":{"rendered":"http:\/\/blog.zeit.de\/zeit-der-leser\/?p=3712"},"modified":"2011-01-04T19:13:33","modified_gmt":"2011-01-04T18:13:33","slug":"zeitsprung-villa-dr-estrich","status":"publish","type":"post","link":"https:\/\/blog.zeit.de\/zeit-der-leser\/2011\/01\/05\/zeitsprung-villa-dr-estrich\/","title":{"rendered":"Zeitsprung: Villa Dr. Estrich"},"content":{"rendered":"<p><figure id=\"attachment_3732\" aria-describedby=\"caption-attachment-3732\" style=\"width: 180px\" class=\"wp-caption alignleft\"><a href=\"https:\/\/blog.zeit.de\/zeit-der-leser\/files\/2011\/01\/s74-zeitsprung-1.jpg\"><img loading=\"lazy\" decoding=\"async\" src=\"https:\/\/blog.zeit.de\/zeit-der-leser\/files\/2011\/01\/s74-zeitsprung-1.jpg\" alt=\"\" title=\"s74-zeitsprung-1\" width=\"180\" height=\"259\" class=\"size-full wp-image-3732\" \/><\/a><figcaption id=\"caption-attachment-3732\" class=\"wp-caption-text\">1932<\/figcaption><\/figure><\/p>\n<p>Als kleine Kinder sprangen wir fr\u00f6hlich im Garten unseres Hauses in J\u00fcterbog bei Berlin herum, nicht ahnend, dass es einmal als &#8222;Opus 1&#8220; des ber\u00fchmten Architekten Konrad Wachsmann in die Architekturgeschichte eingehen w\u00fcrde. Es war eine unbeschwerte Kindheit, und unser Respekt vor der H\u00f6he der St\u00fctzmauer oder dem filigranen Gel\u00e4nder hielt sich in Grenzen. Fu\u0308r uns war die &#8222;Villa Dr. Estrich&#8220; unser Raum zum Toben und Tr\u00e4umen, und das Haus war so frisch und unverbraucht wie wir. Doch die Zeit sollte uns einholen, wir Kinder gingen in die Welt hinaus, die Immobilie musste naturgem\u00e4\u00df bleiben, wo sie war, und erlebte wechselvolle Zeiten. <\/p>\n<p><figure id=\"attachment_3733\" aria-describedby=\"caption-attachment-3733\" style=\"width: 180px\" class=\"wp-caption alignleft\"><a href=\"https:\/\/blog.zeit.de\/zeit-der-leser\/files\/2011\/01\/s74-zeitsprung-2.jpg\"><img loading=\"lazy\" decoding=\"async\" src=\"https:\/\/blog.zeit.de\/zeit-der-leser\/files\/2011\/01\/s74-zeitsprung-2.jpg\" alt=\"\" title=\"s74-zeitsprung-2\" width=\"180\" height=\"259\" class=\"size-full wp-image-3733\" \/><\/a><figcaption id=\"caption-attachment-3733\" class=\"wp-caption-text\">2008<\/figcaption><\/figure><\/p>\n<p>Nach \u00fcber 80 Jahren trafen meine Cousine Eva-Maria und ich wieder in dem Garten zusammen. (Mein Bruder Wulf, der uns auf dem alten Foto voranschreitet, lebt seit 1988 leider nicht mehr.) Und beruhigt stellten wir fest, dass der Zahn der Zeit nicht nur an uns genagt hatte: Auch das Haus zeigte Risse im Gesicht. Ehrf\u00fcrchtig standen wir vor dieser morbiden Architektur-Ikone der klassischen Moderne: modern im Herzen, klassisch im Blick. <\/p>\n<p><em>J\u00fcrgen Estrich, Triesenberg, Liechtenstein<\/em><\/p>\n","protected":false},"excerpt":{"rendered":"<p>Als kleine Kinder sprangen wir fr\u00f6hlich im Garten unseres Hauses in J\u00fcterbog bei Berlin herum, nicht ahnend, dass es einmal als &#8222;Opus 1&#8220; des ber\u00fchmten Architekten Konrad Wachsmann in die Architekturgeschichte eingehen w\u00fcrde. Es war eine unbeschwerte Kindheit, und unser Respekt vor der H\u00f6he der St\u00fctzmauer oder dem filigranen Gel\u00e4nder hielt sich in Grenzen. Fu\u0308r [&hellip;]<\/p>\n","protected":false},"author":264,"featured_media":0,"comment_status":"open","ping_status":"open","sticky":false,"template":"","format":"standard","meta":{"_jetpack_memberships_contains_paid_content":false,"footnotes":""},"categories":[1878],"tags":[],"class_list":["post-3712","post","type-post","status-publish","format-standard","hentry","category-zeitsprung"],"yoast_head":"<!-- This site is optimized with the Yoast SEO plugin v21.0 - https:\/\/yoast.com\/wordpress\/plugins\/seo\/ -->\n<title>Zeitsprung: Villa Dr. Estrich - ZEIT der Leser<\/title>\n<meta name=\"robots\" content=\"index, follow, max-snippet:-1, max-image-preview:large, max-video-preview:-1\" \/>\n<link rel=\"canonical\" href=\"https:\/\/blog.zeit.de\/zeit-der-leser\/2011\/01\/05\/zeitsprung-villa-dr-estrich\/\" \/>\n<meta property=\"og:locale\" content=\"de_DE\" \/>\n<meta property=\"og:type\" content=\"article\" \/>\n<meta property=\"og:title\" content=\"Zeitsprung: Villa Dr. Estrich - ZEIT der Leser\" \/>\n<meta property=\"og:description\" content=\"Als kleine Kinder sprangen wir fr\u00f6hlich im Garten unseres Hauses in J\u00fcterbog bei Berlin herum, nicht ahnend, dass es einmal als &#8222;Opus 1&#8220; des ber\u00fchmten Architekten Konrad Wachsmann in die Architekturgeschichte eingehen w\u00fcrde. Es war eine unbeschwerte Kindheit, und unser Respekt vor der H\u00f6he der St\u00fctzmauer oder dem filigranen Gel\u00e4nder hielt sich in Grenzen. Fu\u0308r [&hellip;]\" \/>\n<meta property=\"og:url\" content=\"https:\/\/blog.zeit.de\/zeit-der-leser\/2011\/01\/05\/zeitsprung-villa-dr-estrich\/\" \/>\n<meta property=\"og:site_name\" content=\"ZEIT der Leser\" \/>\n<meta property=\"article:published_time\" content=\"2011-01-05T09:22:02+00:00\" \/>\n<meta property=\"article:modified_time\" content=\"2011-01-04T18:13:33+00:00\" \/>\n<meta property=\"og:image\" content=\"https:\/\/blog.zeit.de\/zeit-der-leser\/files\/2011\/01\/s74-zeitsprung-1.jpg\" \/>\n<meta name=\"author\" content=\"Zeit der Leser\" \/>\n<meta name=\"twitter:card\" content=\"summary_large_image\" \/>\n<meta name=\"twitter:label1\" content=\"Geschrieben von\" \/>\n\t<meta name=\"twitter:data1\" content=\"Zeit der Leser\" \/>\n\t<meta name=\"twitter:label2\" content=\"Gesch\u00e4tzte Lesezeit\" \/>\n\t<meta name=\"twitter:data2\" content=\"1\u00a0Minute\" \/>\n<script type=\"application\/ld+json\" class=\"yoast-schema-graph\">{\"@context\":\"https:\/\/schema.org\",\"@graph\":[{\"@type\":\"WebPage\",\"@id\":\"https:\/\/blog.zeit.de\/zeit-der-leser\/2011\/01\/05\/zeitsprung-villa-dr-estrich\/\",\"url\":\"https:\/\/blog.zeit.de\/zeit-der-leser\/2011\/01\/05\/zeitsprung-villa-dr-estrich\/\",\"name\":\"Zeitsprung: Villa Dr. Estrich - ZEIT der Leser\",\"isPartOf\":{\"@id\":\"https:\/\/blog.zeit.de\/zeit-der-leser\/#website\"},\"datePublished\":\"2011-01-05T09:22:02+00:00\",\"dateModified\":\"2011-01-04T18:13:33+00:00\",\"author\":{\"@id\":\"https:\/\/blog.zeit.de\/zeit-der-leser\/#\/schema\/person\/e248c7ff5a10552f6a3bd5e9385b3667\"},\"breadcrumb\":{\"@id\":\"https:\/\/blog.zeit.de\/zeit-der-leser\/2011\/01\/05\/zeitsprung-villa-dr-estrich\/#breadcrumb\"},\"inLanguage\":\"de\",\"potentialAction\":[{\"@type\":\"ReadAction\",\"target\":[\"https:\/\/blog.zeit.de\/zeit-der-leser\/2011\/01\/05\/zeitsprung-villa-dr-estrich\/\"]}]},{\"@type\":\"BreadcrumbList\",\"@id\":\"https:\/\/blog.zeit.de\/zeit-der-leser\/2011\/01\/05\/zeitsprung-villa-dr-estrich\/#breadcrumb\",\"itemListElement\":[{\"@type\":\"ListItem\",\"position\":1,\"name\":\"Startseite\",\"item\":\"https:\/\/blog.zeit.de\/zeit-der-leser\/\"},{\"@type\":\"ListItem\",\"position\":2,\"name\":\"Zeitsprung: Villa Dr. Estrich\"}]},{\"@type\":\"WebSite\",\"@id\":\"https:\/\/blog.zeit.de\/zeit-der-leser\/#website\",\"url\":\"https:\/\/blog.zeit.de\/zeit-der-leser\/\",\"name\":\"ZEIT der Leser\",\"description\":\"Ein Blog mit Ihren Notizen, Gedichten und Bildern f\u00fcr die gedruckte ZEIT\",\"potentialAction\":[{\"@type\":\"SearchAction\",\"target\":{\"@type\":\"EntryPoint\",\"urlTemplate\":\"https:\/\/blog.zeit.de\/zeit-der-leser\/?s={search_term_string}\"},\"query-input\":\"required name=search_term_string\"}],\"inLanguage\":\"de\"},{\"@type\":\"Person\",\"@id\":\"https:\/\/blog.zeit.de\/zeit-der-leser\/#\/schema\/person\/e248c7ff5a10552f6a3bd5e9385b3667\",\"name\":\"Zeit der Leser\",\"image\":{\"@type\":\"ImageObject\",\"inLanguage\":\"de\",\"@id\":\"https:\/\/blog.zeit.de\/zeit-der-leser\/#\/schema\/person\/image\/\",\"url\":\"https:\/\/secure.gravatar.com\/avatar\/529bb2731085995bda6c8ba0e4da7e528ea8be4e6c7abdd217f176e2309035f6?s=96&d=mm&r=g\",\"contentUrl\":\"https:\/\/secure.gravatar.com\/avatar\/529bb2731085995bda6c8ba0e4da7e528ea8be4e6c7abdd217f176e2309035f6?s=96&d=mm&r=g\",\"caption\":\"Zeit der Leser\"},\"url\":\"https:\/\/blog.zeit.de\/zeit-der-leser\/author\/zeit-der-leser\/\"}]}<\/script>\n<!-- \/ Yoast SEO plugin. -->","yoast_head_json":{"title":"Zeitsprung: Villa Dr. Estrich - ZEIT der Leser","robots":{"index":"index","follow":"follow","max-snippet":"max-snippet:-1","max-image-preview":"max-image-preview:large","max-video-preview":"max-video-preview:-1"},"canonical":"https:\/\/blog.zeit.de\/zeit-der-leser\/2011\/01\/05\/zeitsprung-villa-dr-estrich\/","og_locale":"de_DE","og_type":"article","og_title":"Zeitsprung: Villa Dr. Estrich - ZEIT der Leser","og_description":"Als kleine Kinder sprangen wir fr\u00f6hlich im Garten unseres Hauses in J\u00fcterbog bei Berlin herum, nicht ahnend, dass es einmal als &#8222;Opus 1&#8220; des ber\u00fchmten Architekten Konrad Wachsmann in die Architekturgeschichte eingehen w\u00fcrde. Es war eine unbeschwerte Kindheit, und unser Respekt vor der H\u00f6he der St\u00fctzmauer oder dem filigranen Gel\u00e4nder hielt sich in Grenzen. Fu\u0308r [&hellip;]","og_url":"https:\/\/blog.zeit.de\/zeit-der-leser\/2011\/01\/05\/zeitsprung-villa-dr-estrich\/","og_site_name":"ZEIT der Leser","article_published_time":"2011-01-05T09:22:02+00:00","article_modified_time":"2011-01-04T18:13:33+00:00","og_image":[{"url":"https:\/\/blog.zeit.de\/zeit-der-leser\/files\/2011\/01\/s74-zeitsprung-1.jpg"}],"author":"Zeit der Leser","twitter_card":"summary_large_image","twitter_misc":{"Geschrieben von":"Zeit der Leser","Gesch\u00e4tzte Lesezeit":"1\u00a0Minute"},"schema":{"@context":"https:\/\/schema.org","@graph":[{"@type":"WebPage","@id":"https:\/\/blog.zeit.de\/zeit-der-leser\/2011\/01\/05\/zeitsprung-villa-dr-estrich\/","url":"https:\/\/blog.zeit.de\/zeit-der-leser\/2011\/01\/05\/zeitsprung-villa-dr-estrich\/","name":"Zeitsprung: Villa Dr. Estrich - ZEIT der Leser","isPartOf":{"@id":"https:\/\/blog.zeit.de\/zeit-der-leser\/#website"},"datePublished":"2011-01-05T09:22:02+00:00","dateModified":"2011-01-04T18:13:33+00:00","author":{"@id":"https:\/\/blog.zeit.de\/zeit-der-leser\/#\/schema\/person\/e248c7ff5a10552f6a3bd5e9385b3667"},"breadcrumb":{"@id":"https:\/\/blog.zeit.de\/zeit-der-leser\/2011\/01\/05\/zeitsprung-villa-dr-estrich\/#breadcrumb"},"inLanguage":"de","potentialAction":[{"@type":"ReadAction","target":["https:\/\/blog.zeit.de\/zeit-der-leser\/2011\/01\/05\/zeitsprung-villa-dr-estrich\/"]}]},{"@type":"BreadcrumbList","@id":"https:\/\/blog.zeit.de\/zeit-der-leser\/2011\/01\/05\/zeitsprung-villa-dr-estrich\/#breadcrumb","itemListElement":[{"@type":"ListItem","position":1,"name":"Startseite","item":"https:\/\/blog.zeit.de\/zeit-der-leser\/"},{"@type":"ListItem","position":2,"name":"Zeitsprung: Villa Dr. Estrich"}]},{"@type":"WebSite","@id":"https:\/\/blog.zeit.de\/zeit-der-leser\/#website","url":"https:\/\/blog.zeit.de\/zeit-der-leser\/","name":"ZEIT der Leser","description":"Ein Blog mit Ihren Notizen, Gedichten und Bildern f\u00fcr die gedruckte ZEIT","potentialAction":[{"@type":"SearchAction","target":{"@type":"EntryPoint","urlTemplate":"https:\/\/blog.zeit.de\/zeit-der-leser\/?s={search_term_string}"},"query-input":"required name=search_term_string"}],"inLanguage":"de"},{"@type":"Person","@id":"https:\/\/blog.zeit.de\/zeit-der-leser\/#\/schema\/person\/e248c7ff5a10552f6a3bd5e9385b3667","name":"Zeit der Leser","image":{"@type":"ImageObject","inLanguage":"de","@id":"https:\/\/blog.zeit.de\/zeit-der-leser\/#\/schema\/person\/image\/","url":"https:\/\/secure.gravatar.com\/avatar\/529bb2731085995bda6c8ba0e4da7e528ea8be4e6c7abdd217f176e2309035f6?s=96&d=mm&r=g","contentUrl":"https:\/\/secure.gravatar.com\/avatar\/529bb2731085995bda6c8ba0e4da7e528ea8be4e6c7abdd217f176e2309035f6?s=96&d=mm&r=g","caption":"Zeit der Leser"},"url":"https:\/\/blog.zeit.de\/zeit-der-leser\/author\/zeit-der-leser\/"}]}},"jetpack_featured_media_url":"","jetpack_sharing_enabled":true,"_links":{"self":[{"href":"https:\/\/blog.zeit.de\/zeit-der-leser\/wp-json\/wp\/v2\/posts\/3712","targetHints":{"allow":["GET"]}}],"collection":[{"href":"https:\/\/blog.zeit.de\/zeit-der-leser\/wp-json\/wp\/v2\/posts"}],"about":[{"href":"https:\/\/blog.zeit.de\/zeit-der-leser\/wp-json\/wp\/v2\/types\/post"}],"author":[{"embeddable":true,"href":"https:\/\/blog.zeit.de\/zeit-der-leser\/wp-json\/wp\/v2\/users\/264"}],"replies":[{"embeddable":true,"href":"https:\/\/blog.zeit.de\/zeit-der-leser\/wp-json\/wp\/v2\/comments?post=3712"}],"version-history":[{"count":4,"href":"https:\/\/blog.zeit.de\/zeit-der-leser\/wp-json\/wp\/v2\/posts\/3712\/revisions"}],"predecessor-version":[{"id":3735,"href":"https:\/\/blog.zeit.de\/zeit-der-leser\/wp-json\/wp\/v2\/posts\/3712\/revisions\/3735"}],"wp:attachment":[{"href":"https:\/\/blog.zeit.de\/zeit-der-leser\/wp-json\/wp\/v2\/media?parent=3712"}],"wp:term":[{"taxonomy":"category","embeddable":true,"href":"https:\/\/blog.zeit.de\/zeit-der-leser\/wp-json\/wp\/v2\/categories?post=3712"},{"taxonomy":"post_tag","embeddable":true,"href":"https:\/\/blog.zeit.de\/zeit-der-leser\/wp-json\/wp\/v2\/tags?post=3712"}],"curies":[{"name":"wp","href":"https:\/\/api.w.org\/{rel}","templated":true}]}}