{"id":3729,"date":"2011-01-10T09:46:22","date_gmt":"2011-01-10T08:46:22","guid":{"rendered":"http:\/\/blog.zeit.de\/zeit-der-leser\/?p=3729"},"modified":"2011-01-04T15:55:44","modified_gmt":"2011-01-04T14:55:44","slug":"wer-verweigert-hier-die-integration","status":"publish","type":"post","link":"https:\/\/blog.zeit.de\/zeit-der-leser\/2011\/01\/10\/wer-verweigert-hier-die-integration\/","title":{"rendered":"Wer verweigert hier die Integration?"},"content":{"rendered":"<p>Der Anteil der Integrationsverweigerer unter den Einwanderern wird auf zehn bis f\u00fcnfzehn Prozent gesch\u00e4tzt. Nach meiner Beobachtung aber ist der Anteil der Integrationsverweigerer in der alteingesessenen Bev\u00f6lkerung etwa dreimal h\u00f6her. Aber dar\u00fcber spricht niemand! Mein Sohn ist deutscher Staatsb\u00fcrger, spricht flie\u00dfend Deutsch, hat durch die Adoption sogar einen deutsch klingenden Familiennamen \u2013 aber seine Haut ist schwarz. Wird er gefragt, woher er komme, antwortet er: &#8222;Aus Frankfurt.&#8220; Aber vier von zehn Deutschen fragen dann nach: &#8222;Und woher kommst du eigentlich?&#8220; Das ist Integrationsverweigerung! Er arbeitete mehrere Jahre als Check-in-Agent am Flughafen, und immer wieder sprachen ihn Menschen mit deutscher Muttersprache auf Englisch an \u2013 und sprachen sogar dann weiter Englisch mit ihm, wenn er ihnen in flie\u00dfendem Deutsch antwortete. Das ist Integrationsverweigerung! Weit verbreitet ist die Haltung, man m\u00fcsse auf immer und ewig dem Ort seiner Geburt verbunden bleiben. Gerade Vertriebene, die auch mehr als sechzig Jahre nach Kriegsende darauf bestehen, weiter Ostpreu\u00dfen, Donauschwaben oder welcher Herkunft auch immer zu sein, zwingen Einwanderern oft ihre eigene integrationsverweigernde Einstellung auf. Es gibt ein Menschenrecht auf Heimat. Heimat aber ist nicht immer der Ort, aus dem man stammt. Heimat ist der Ort, in dem man lebt und wo man begraben sein will \u2013 und damit auch im Laufe eines Lebens ver\u00e4nderbar. Wenn wir das nicht begreifen, werden wir niemals integrationsf\u00e4hig! Die Hand, die wir den Einwanderern in unserem Land entgegenstrecken, ist viel zu oft zur Faust geballt.<\/p>\n<p><em>Holger App, Frankfurt am Main<\/em><\/p>\n","protected":false},"excerpt":{"rendered":"<p>Der Anteil der Integrationsverweigerer unter den Einwanderern wird auf zehn bis f\u00fcnfzehn Prozent gesch\u00e4tzt. Nach meiner Beobachtung aber ist der Anteil der Integrationsverweigerer in der alteingesessenen Bev\u00f6lkerung etwa dreimal h\u00f6her. Aber dar\u00fcber spricht niemand! Mein Sohn ist deutscher Staatsb\u00fcrger, spricht flie\u00dfend Deutsch, hat durch die Adoption sogar einen deutsch klingenden Familiennamen \u2013 aber seine Haut [&hellip;]<\/p>\n","protected":false},"author":264,"featured_media":0,"comment_status":"open","ping_status":"open","sticky":false,"template":"","format":"standard","meta":{"_jetpack_memberships_contains_paid_content":false,"footnotes":""},"categories":[1869],"tags":[],"class_list":["post-3729","post","type-post","status-publish","format-standard","hentry","category-das-regt-mich-auf"],"yoast_head":"<!-- This site is optimized with the Yoast SEO plugin v21.0 - https:\/\/yoast.com\/wordpress\/plugins\/seo\/ -->\n<title>Wer verweigert hier die Integration? - ZEIT der Leser<\/title>\n<meta name=\"robots\" content=\"index, follow, max-snippet:-1, max-image-preview:large, max-video-preview:-1\" \/>\n<link rel=\"canonical\" href=\"https:\/\/blog.zeit.de\/zeit-der-leser\/2011\/01\/10\/wer-verweigert-hier-die-integration\/\" \/>\n<meta property=\"og:locale\" content=\"de_DE\" \/>\n<meta property=\"og:type\" content=\"article\" \/>\n<meta property=\"og:title\" content=\"Wer verweigert hier die Integration? - ZEIT der Leser\" \/>\n<meta property=\"og:description\" content=\"Der Anteil der Integrationsverweigerer unter den Einwanderern wird auf zehn bis f\u00fcnfzehn Prozent gesch\u00e4tzt. Nach meiner Beobachtung aber ist der Anteil der Integrationsverweigerer in der alteingesessenen Bev\u00f6lkerung etwa dreimal h\u00f6her. Aber dar\u00fcber spricht niemand! Mein Sohn ist deutscher Staatsb\u00fcrger, spricht flie\u00dfend Deutsch, hat durch die Adoption sogar einen deutsch klingenden Familiennamen \u2013 aber seine Haut [&hellip;]\" \/>\n<meta property=\"og:url\" content=\"https:\/\/blog.zeit.de\/zeit-der-leser\/2011\/01\/10\/wer-verweigert-hier-die-integration\/\" \/>\n<meta property=\"og:site_name\" content=\"ZEIT der Leser\" \/>\n<meta property=\"article:published_time\" content=\"2011-01-10T08:46:22+00:00\" \/>\n<meta property=\"article:modified_time\" content=\"2011-01-04T14:55:44+00:00\" \/>\n<meta name=\"author\" content=\"Zeit der Leser\" \/>\n<meta name=\"twitter:card\" content=\"summary_large_image\" \/>\n<meta name=\"twitter:label1\" content=\"Geschrieben von\" \/>\n\t<meta name=\"twitter:data1\" content=\"Zeit der Leser\" \/>\n\t<meta name=\"twitter:label2\" content=\"Gesch\u00e4tzte Lesezeit\" \/>\n\t<meta name=\"twitter:data2\" content=\"1\u00a0Minute\" \/>\n<script type=\"application\/ld+json\" class=\"yoast-schema-graph\">{\"@context\":\"https:\/\/schema.org\",\"@graph\":[{\"@type\":\"WebPage\",\"@id\":\"https:\/\/blog.zeit.de\/zeit-der-leser\/2011\/01\/10\/wer-verweigert-hier-die-integration\/\",\"url\":\"https:\/\/blog.zeit.de\/zeit-der-leser\/2011\/01\/10\/wer-verweigert-hier-die-integration\/\",\"name\":\"Wer verweigert hier die Integration? - ZEIT der Leser\",\"isPartOf\":{\"@id\":\"https:\/\/blog.zeit.de\/zeit-der-leser\/#website\"},\"datePublished\":\"2011-01-10T08:46:22+00:00\",\"dateModified\":\"2011-01-04T14:55:44+00:00\",\"author\":{\"@id\":\"https:\/\/blog.zeit.de\/zeit-der-leser\/#\/schema\/person\/e248c7ff5a10552f6a3bd5e9385b3667\"},\"breadcrumb\":{\"@id\":\"https:\/\/blog.zeit.de\/zeit-der-leser\/2011\/01\/10\/wer-verweigert-hier-die-integration\/#breadcrumb\"},\"inLanguage\":\"de\",\"potentialAction\":[{\"@type\":\"ReadAction\",\"target\":[\"https:\/\/blog.zeit.de\/zeit-der-leser\/2011\/01\/10\/wer-verweigert-hier-die-integration\/\"]}]},{\"@type\":\"BreadcrumbList\",\"@id\":\"https:\/\/blog.zeit.de\/zeit-der-leser\/2011\/01\/10\/wer-verweigert-hier-die-integration\/#breadcrumb\",\"itemListElement\":[{\"@type\":\"ListItem\",\"position\":1,\"name\":\"Startseite\",\"item\":\"https:\/\/blog.zeit.de\/zeit-der-leser\/\"},{\"@type\":\"ListItem\",\"position\":2,\"name\":\"Wer verweigert hier die Integration?\"}]},{\"@type\":\"WebSite\",\"@id\":\"https:\/\/blog.zeit.de\/zeit-der-leser\/#website\",\"url\":\"https:\/\/blog.zeit.de\/zeit-der-leser\/\",\"name\":\"ZEIT der Leser\",\"description\":\"Ein Blog mit Ihren Notizen, Gedichten und Bildern f\u00fcr die gedruckte ZEIT\",\"potentialAction\":[{\"@type\":\"SearchAction\",\"target\":{\"@type\":\"EntryPoint\",\"urlTemplate\":\"https:\/\/blog.zeit.de\/zeit-der-leser\/?s={search_term_string}\"},\"query-input\":\"required name=search_term_string\"}],\"inLanguage\":\"de\"},{\"@type\":\"Person\",\"@id\":\"https:\/\/blog.zeit.de\/zeit-der-leser\/#\/schema\/person\/e248c7ff5a10552f6a3bd5e9385b3667\",\"name\":\"Zeit der Leser\",\"image\":{\"@type\":\"ImageObject\",\"inLanguage\":\"de\",\"@id\":\"https:\/\/blog.zeit.de\/zeit-der-leser\/#\/schema\/person\/image\/\",\"url\":\"https:\/\/secure.gravatar.com\/avatar\/529bb2731085995bda6c8ba0e4da7e528ea8be4e6c7abdd217f176e2309035f6?s=96&d=mm&r=g\",\"contentUrl\":\"https:\/\/secure.gravatar.com\/avatar\/529bb2731085995bda6c8ba0e4da7e528ea8be4e6c7abdd217f176e2309035f6?s=96&d=mm&r=g\",\"caption\":\"Zeit der Leser\"},\"url\":\"https:\/\/blog.zeit.de\/zeit-der-leser\/author\/zeit-der-leser\/\"}]}<\/script>\n<!-- \/ Yoast SEO plugin. -->","yoast_head_json":{"title":"Wer verweigert hier die Integration? - ZEIT der Leser","robots":{"index":"index","follow":"follow","max-snippet":"max-snippet:-1","max-image-preview":"max-image-preview:large","max-video-preview":"max-video-preview:-1"},"canonical":"https:\/\/blog.zeit.de\/zeit-der-leser\/2011\/01\/10\/wer-verweigert-hier-die-integration\/","og_locale":"de_DE","og_type":"article","og_title":"Wer verweigert hier die Integration? - ZEIT der Leser","og_description":"Der Anteil der Integrationsverweigerer unter den Einwanderern wird auf zehn bis f\u00fcnfzehn Prozent gesch\u00e4tzt. Nach meiner Beobachtung aber ist der Anteil der Integrationsverweigerer in der alteingesessenen Bev\u00f6lkerung etwa dreimal h\u00f6her. Aber dar\u00fcber spricht niemand! Mein Sohn ist deutscher Staatsb\u00fcrger, spricht flie\u00dfend Deutsch, hat durch die Adoption sogar einen deutsch klingenden Familiennamen \u2013 aber seine Haut [&hellip;]","og_url":"https:\/\/blog.zeit.de\/zeit-der-leser\/2011\/01\/10\/wer-verweigert-hier-die-integration\/","og_site_name":"ZEIT der Leser","article_published_time":"2011-01-10T08:46:22+00:00","article_modified_time":"2011-01-04T14:55:44+00:00","author":"Zeit der Leser","twitter_card":"summary_large_image","twitter_misc":{"Geschrieben von":"Zeit der Leser","Gesch\u00e4tzte Lesezeit":"1\u00a0Minute"},"schema":{"@context":"https:\/\/schema.org","@graph":[{"@type":"WebPage","@id":"https:\/\/blog.zeit.de\/zeit-der-leser\/2011\/01\/10\/wer-verweigert-hier-die-integration\/","url":"https:\/\/blog.zeit.de\/zeit-der-leser\/2011\/01\/10\/wer-verweigert-hier-die-integration\/","name":"Wer verweigert hier die Integration? - ZEIT der Leser","isPartOf":{"@id":"https:\/\/blog.zeit.de\/zeit-der-leser\/#website"},"datePublished":"2011-01-10T08:46:22+00:00","dateModified":"2011-01-04T14:55:44+00:00","author":{"@id":"https:\/\/blog.zeit.de\/zeit-der-leser\/#\/schema\/person\/e248c7ff5a10552f6a3bd5e9385b3667"},"breadcrumb":{"@id":"https:\/\/blog.zeit.de\/zeit-der-leser\/2011\/01\/10\/wer-verweigert-hier-die-integration\/#breadcrumb"},"inLanguage":"de","potentialAction":[{"@type":"ReadAction","target":["https:\/\/blog.zeit.de\/zeit-der-leser\/2011\/01\/10\/wer-verweigert-hier-die-integration\/"]}]},{"@type":"BreadcrumbList","@id":"https:\/\/blog.zeit.de\/zeit-der-leser\/2011\/01\/10\/wer-verweigert-hier-die-integration\/#breadcrumb","itemListElement":[{"@type":"ListItem","position":1,"name":"Startseite","item":"https:\/\/blog.zeit.de\/zeit-der-leser\/"},{"@type":"ListItem","position":2,"name":"Wer verweigert hier die Integration?"}]},{"@type":"WebSite","@id":"https:\/\/blog.zeit.de\/zeit-der-leser\/#website","url":"https:\/\/blog.zeit.de\/zeit-der-leser\/","name":"ZEIT der Leser","description":"Ein Blog mit Ihren Notizen, Gedichten und Bildern f\u00fcr die gedruckte ZEIT","potentialAction":[{"@type":"SearchAction","target":{"@type":"EntryPoint","urlTemplate":"https:\/\/blog.zeit.de\/zeit-der-leser\/?s={search_term_string}"},"query-input":"required name=search_term_string"}],"inLanguage":"de"},{"@type":"Person","@id":"https:\/\/blog.zeit.de\/zeit-der-leser\/#\/schema\/person\/e248c7ff5a10552f6a3bd5e9385b3667","name":"Zeit der Leser","image":{"@type":"ImageObject","inLanguage":"de","@id":"https:\/\/blog.zeit.de\/zeit-der-leser\/#\/schema\/person\/image\/","url":"https:\/\/secure.gravatar.com\/avatar\/529bb2731085995bda6c8ba0e4da7e528ea8be4e6c7abdd217f176e2309035f6?s=96&d=mm&r=g","contentUrl":"https:\/\/secure.gravatar.com\/avatar\/529bb2731085995bda6c8ba0e4da7e528ea8be4e6c7abdd217f176e2309035f6?s=96&d=mm&r=g","caption":"Zeit der Leser"},"url":"https:\/\/blog.zeit.de\/zeit-der-leser\/author\/zeit-der-leser\/"}]}},"jetpack_featured_media_url":"","jetpack_sharing_enabled":true,"_links":{"self":[{"href":"https:\/\/blog.zeit.de\/zeit-der-leser\/wp-json\/wp\/v2\/posts\/3729","targetHints":{"allow":["GET"]}}],"collection":[{"href":"https:\/\/blog.zeit.de\/zeit-der-leser\/wp-json\/wp\/v2\/posts"}],"about":[{"href":"https:\/\/blog.zeit.de\/zeit-der-leser\/wp-json\/wp\/v2\/types\/post"}],"author":[{"embeddable":true,"href":"https:\/\/blog.zeit.de\/zeit-der-leser\/wp-json\/wp\/v2\/users\/264"}],"replies":[{"embeddable":true,"href":"https:\/\/blog.zeit.de\/zeit-der-leser\/wp-json\/wp\/v2\/comments?post=3729"}],"version-history":[{"count":1,"href":"https:\/\/blog.zeit.de\/zeit-der-leser\/wp-json\/wp\/v2\/posts\/3729\/revisions"}],"predecessor-version":[{"id":3730,"href":"https:\/\/blog.zeit.de\/zeit-der-leser\/wp-json\/wp\/v2\/posts\/3729\/revisions\/3730"}],"wp:attachment":[{"href":"https:\/\/blog.zeit.de\/zeit-der-leser\/wp-json\/wp\/v2\/media?parent=3729"}],"wp:term":[{"taxonomy":"category","embeddable":true,"href":"https:\/\/blog.zeit.de\/zeit-der-leser\/wp-json\/wp\/v2\/categories?post=3729"},{"taxonomy":"post_tag","embeddable":true,"href":"https:\/\/blog.zeit.de\/zeit-der-leser\/wp-json\/wp\/v2\/tags?post=3729"}],"curies":[{"name":"wp","href":"https:\/\/api.w.org\/{rel}","templated":true}]}}