{"id":3784,"date":"2011-01-13T14:28:33","date_gmt":"2011-01-13T13:28:33","guid":{"rendered":"http:\/\/blog.zeit.de\/zeit-der-leser\/?p=3784"},"modified":"2011-01-10T14:56:38","modified_gmt":"2011-01-10T13:56:38","slug":"nichts-kapiert","status":"publish","type":"post","link":"https:\/\/blog.zeit.de\/zeit-der-leser\/2011\/01\/13\/nichts-kapiert\/","title":{"rendered":"Nichts kapiert"},"content":{"rendered":"<p>Altenheime streichen Stellen. Altenpflege steht vor dem Kollaps . Notstand in der Altenpflege. Seit l\u00e4ngerer Zeit lese ich solche \u00dcberschriften in verschiedenen Tages- und Wochenzeitungen. Da ich (69) mittlerweile selbst zu den Alten z\u00e4hle, regt mich dieser Mangel und seine mangelnde Bek\u00e4mpfung ziemlich auf. Wer immer pflegebed\u00fcrftige alte Menschen \u00fcber lange Zeit im Altenheim aufgesucht hat, wei\u00df,was Pflegekr\u00e4ften bei m\u00e4\u00dfiger Entlohnung an Zuwendung abverlangt wird und wie schwer es ist, solchen Anforderungen physisch und psychisch gerecht zu<br \/>\nwerden. In der Arbeitswelt mag man mit Recht \u00fcber Rationalisierungsma\u00dfnahmen  nachdenken,wo es um die Herstellung und den Vertrieb von Waren geht; dort wird sich eine Rationalisierung, solange sie nicht zahllose Arbeitspl\u00e4tze vernichtet, nicht in erster Linie inhuman auswirken. Immer wird diese Gefahr dort bestehen, wo es um die Betreuung alter, kranker oder hilfsbed\u00fcrftiger Menschen geht. L\u00e4sst sich notwendige menschliche F\u00fcrsorge ohne &#8222;Qualit\u00e4tsverlust&#8220; (ein dummes Wort an dieser Stelle) rationalisieren? Oder ist es etwa angemessen, wenn man Altenheime \u2013 wie vielerorts geschehen \u2013  zu Seniorenresidenzen bef\u00f6rdert und solcherma\u00dfen Mangelerscheinungen verschleiert? In diesem Zusammenhang bedenke man, dass die Altenbetreuung bei der wachsenden Zahl alter Menschen und den immer eingeschr\u00e4nkteren M\u00f6glichkeiten der h\u00e4uslichen Pflege eine der wichtigsten und umfangreichsten Aufgabenbereiche der Zukunft sein wird. Wer heute \u00fcberall nur rationalisiert, hat f\u00fcr die Zukunft nichts kapiert.<\/p>\n<p><em>Hans Gerbig, Gersthofen<\/em><\/p>\n","protected":false},"excerpt":{"rendered":"<p>Altenheime streichen Stellen. Altenpflege steht vor dem Kollaps . Notstand in der Altenpflege. Seit l\u00e4ngerer Zeit lese ich solche \u00dcberschriften in verschiedenen Tages- und Wochenzeitungen. Da ich (69) mittlerweile selbst zu den Alten z\u00e4hle, regt mich dieser Mangel und seine mangelnde Bek\u00e4mpfung ziemlich auf. Wer immer pflegebed\u00fcrftige alte Menschen \u00fcber lange Zeit im Altenheim aufgesucht [&hellip;]<\/p>\n","protected":false},"author":264,"featured_media":0,"comment_status":"open","ping_status":"open","sticky":false,"template":"","format":"standard","meta":{"_jetpack_memberships_contains_paid_content":false,"footnotes":""},"categories":[1869],"tags":[],"class_list":["post-3784","post","type-post","status-publish","format-standard","hentry","category-das-regt-mich-auf"],"yoast_head":"<!-- This site is optimized with the Yoast SEO plugin v21.0 - https:\/\/yoast.com\/wordpress\/plugins\/seo\/ -->\n<title>Nichts kapiert - ZEIT der Leser<\/title>\n<meta name=\"robots\" content=\"index, follow, max-snippet:-1, max-image-preview:large, max-video-preview:-1\" \/>\n<link rel=\"canonical\" href=\"https:\/\/blog.zeit.de\/zeit-der-leser\/2011\/01\/13\/nichts-kapiert\/\" \/>\n<meta property=\"og:locale\" content=\"de_DE\" \/>\n<meta property=\"og:type\" content=\"article\" \/>\n<meta property=\"og:title\" content=\"Nichts kapiert - ZEIT der Leser\" \/>\n<meta property=\"og:description\" content=\"Altenheime streichen Stellen. Altenpflege steht vor dem Kollaps . Notstand in der Altenpflege. Seit l\u00e4ngerer Zeit lese ich solche \u00dcberschriften in verschiedenen Tages- und Wochenzeitungen. Da ich (69) mittlerweile selbst zu den Alten z\u00e4hle, regt mich dieser Mangel und seine mangelnde Bek\u00e4mpfung ziemlich auf. Wer immer pflegebed\u00fcrftige alte Menschen \u00fcber lange Zeit im Altenheim aufgesucht [&hellip;]\" \/>\n<meta property=\"og:url\" content=\"https:\/\/blog.zeit.de\/zeit-der-leser\/2011\/01\/13\/nichts-kapiert\/\" \/>\n<meta property=\"og:site_name\" content=\"ZEIT der Leser\" \/>\n<meta property=\"article:published_time\" content=\"2011-01-13T13:28:33+00:00\" \/>\n<meta property=\"article:modified_time\" content=\"2011-01-10T13:56:38+00:00\" \/>\n<meta name=\"author\" content=\"Zeit der Leser\" \/>\n<meta name=\"twitter:card\" content=\"summary_large_image\" \/>\n<meta name=\"twitter:label1\" content=\"Geschrieben von\" \/>\n\t<meta name=\"twitter:data1\" content=\"Zeit der Leser\" \/>\n\t<meta name=\"twitter:label2\" content=\"Gesch\u00e4tzte Lesezeit\" \/>\n\t<meta name=\"twitter:data2\" content=\"1\u00a0Minute\" \/>\n<script type=\"application\/ld+json\" class=\"yoast-schema-graph\">{\"@context\":\"https:\/\/schema.org\",\"@graph\":[{\"@type\":\"WebPage\",\"@id\":\"https:\/\/blog.zeit.de\/zeit-der-leser\/2011\/01\/13\/nichts-kapiert\/\",\"url\":\"https:\/\/blog.zeit.de\/zeit-der-leser\/2011\/01\/13\/nichts-kapiert\/\",\"name\":\"Nichts kapiert - ZEIT der Leser\",\"isPartOf\":{\"@id\":\"https:\/\/blog.zeit.de\/zeit-der-leser\/#website\"},\"datePublished\":\"2011-01-13T13:28:33+00:00\",\"dateModified\":\"2011-01-10T13:56:38+00:00\",\"author\":{\"@id\":\"https:\/\/blog.zeit.de\/zeit-der-leser\/#\/schema\/person\/e248c7ff5a10552f6a3bd5e9385b3667\"},\"breadcrumb\":{\"@id\":\"https:\/\/blog.zeit.de\/zeit-der-leser\/2011\/01\/13\/nichts-kapiert\/#breadcrumb\"},\"inLanguage\":\"de\",\"potentialAction\":[{\"@type\":\"ReadAction\",\"target\":[\"https:\/\/blog.zeit.de\/zeit-der-leser\/2011\/01\/13\/nichts-kapiert\/\"]}]},{\"@type\":\"BreadcrumbList\",\"@id\":\"https:\/\/blog.zeit.de\/zeit-der-leser\/2011\/01\/13\/nichts-kapiert\/#breadcrumb\",\"itemListElement\":[{\"@type\":\"ListItem\",\"position\":1,\"name\":\"Startseite\",\"item\":\"https:\/\/blog.zeit.de\/zeit-der-leser\/\"},{\"@type\":\"ListItem\",\"position\":2,\"name\":\"Nichts kapiert\"}]},{\"@type\":\"WebSite\",\"@id\":\"https:\/\/blog.zeit.de\/zeit-der-leser\/#website\",\"url\":\"https:\/\/blog.zeit.de\/zeit-der-leser\/\",\"name\":\"ZEIT der Leser\",\"description\":\"Ein Blog mit Ihren Notizen, Gedichten und Bildern f\u00fcr die gedruckte ZEIT\",\"potentialAction\":[{\"@type\":\"SearchAction\",\"target\":{\"@type\":\"EntryPoint\",\"urlTemplate\":\"https:\/\/blog.zeit.de\/zeit-der-leser\/?s={search_term_string}\"},\"query-input\":\"required name=search_term_string\"}],\"inLanguage\":\"de\"},{\"@type\":\"Person\",\"@id\":\"https:\/\/blog.zeit.de\/zeit-der-leser\/#\/schema\/person\/e248c7ff5a10552f6a3bd5e9385b3667\",\"name\":\"Zeit der Leser\",\"image\":{\"@type\":\"ImageObject\",\"inLanguage\":\"de\",\"@id\":\"https:\/\/blog.zeit.de\/zeit-der-leser\/#\/schema\/person\/image\/\",\"url\":\"https:\/\/secure.gravatar.com\/avatar\/529bb2731085995bda6c8ba0e4da7e528ea8be4e6c7abdd217f176e2309035f6?s=96&d=mm&r=g\",\"contentUrl\":\"https:\/\/secure.gravatar.com\/avatar\/529bb2731085995bda6c8ba0e4da7e528ea8be4e6c7abdd217f176e2309035f6?s=96&d=mm&r=g\",\"caption\":\"Zeit der Leser\"},\"url\":\"https:\/\/blog.zeit.de\/zeit-der-leser\/author\/zeit-der-leser\/\"}]}<\/script>\n<!-- \/ Yoast SEO plugin. -->","yoast_head_json":{"title":"Nichts kapiert - ZEIT der Leser","robots":{"index":"index","follow":"follow","max-snippet":"max-snippet:-1","max-image-preview":"max-image-preview:large","max-video-preview":"max-video-preview:-1"},"canonical":"https:\/\/blog.zeit.de\/zeit-der-leser\/2011\/01\/13\/nichts-kapiert\/","og_locale":"de_DE","og_type":"article","og_title":"Nichts kapiert - ZEIT der Leser","og_description":"Altenheime streichen Stellen. Altenpflege steht vor dem Kollaps . Notstand in der Altenpflege. Seit l\u00e4ngerer Zeit lese ich solche \u00dcberschriften in verschiedenen Tages- und Wochenzeitungen. Da ich (69) mittlerweile selbst zu den Alten z\u00e4hle, regt mich dieser Mangel und seine mangelnde Bek\u00e4mpfung ziemlich auf. Wer immer pflegebed\u00fcrftige alte Menschen \u00fcber lange Zeit im Altenheim aufgesucht [&hellip;]","og_url":"https:\/\/blog.zeit.de\/zeit-der-leser\/2011\/01\/13\/nichts-kapiert\/","og_site_name":"ZEIT der Leser","article_published_time":"2011-01-13T13:28:33+00:00","article_modified_time":"2011-01-10T13:56:38+00:00","author":"Zeit der Leser","twitter_card":"summary_large_image","twitter_misc":{"Geschrieben von":"Zeit der Leser","Gesch\u00e4tzte Lesezeit":"1\u00a0Minute"},"schema":{"@context":"https:\/\/schema.org","@graph":[{"@type":"WebPage","@id":"https:\/\/blog.zeit.de\/zeit-der-leser\/2011\/01\/13\/nichts-kapiert\/","url":"https:\/\/blog.zeit.de\/zeit-der-leser\/2011\/01\/13\/nichts-kapiert\/","name":"Nichts kapiert - ZEIT der Leser","isPartOf":{"@id":"https:\/\/blog.zeit.de\/zeit-der-leser\/#website"},"datePublished":"2011-01-13T13:28:33+00:00","dateModified":"2011-01-10T13:56:38+00:00","author":{"@id":"https:\/\/blog.zeit.de\/zeit-der-leser\/#\/schema\/person\/e248c7ff5a10552f6a3bd5e9385b3667"},"breadcrumb":{"@id":"https:\/\/blog.zeit.de\/zeit-der-leser\/2011\/01\/13\/nichts-kapiert\/#breadcrumb"},"inLanguage":"de","potentialAction":[{"@type":"ReadAction","target":["https:\/\/blog.zeit.de\/zeit-der-leser\/2011\/01\/13\/nichts-kapiert\/"]}]},{"@type":"BreadcrumbList","@id":"https:\/\/blog.zeit.de\/zeit-der-leser\/2011\/01\/13\/nichts-kapiert\/#breadcrumb","itemListElement":[{"@type":"ListItem","position":1,"name":"Startseite","item":"https:\/\/blog.zeit.de\/zeit-der-leser\/"},{"@type":"ListItem","position":2,"name":"Nichts kapiert"}]},{"@type":"WebSite","@id":"https:\/\/blog.zeit.de\/zeit-der-leser\/#website","url":"https:\/\/blog.zeit.de\/zeit-der-leser\/","name":"ZEIT der Leser","description":"Ein Blog mit Ihren Notizen, Gedichten und Bildern f\u00fcr die gedruckte ZEIT","potentialAction":[{"@type":"SearchAction","target":{"@type":"EntryPoint","urlTemplate":"https:\/\/blog.zeit.de\/zeit-der-leser\/?s={search_term_string}"},"query-input":"required name=search_term_string"}],"inLanguage":"de"},{"@type":"Person","@id":"https:\/\/blog.zeit.de\/zeit-der-leser\/#\/schema\/person\/e248c7ff5a10552f6a3bd5e9385b3667","name":"Zeit der Leser","image":{"@type":"ImageObject","inLanguage":"de","@id":"https:\/\/blog.zeit.de\/zeit-der-leser\/#\/schema\/person\/image\/","url":"https:\/\/secure.gravatar.com\/avatar\/529bb2731085995bda6c8ba0e4da7e528ea8be4e6c7abdd217f176e2309035f6?s=96&d=mm&r=g","contentUrl":"https:\/\/secure.gravatar.com\/avatar\/529bb2731085995bda6c8ba0e4da7e528ea8be4e6c7abdd217f176e2309035f6?s=96&d=mm&r=g","caption":"Zeit der Leser"},"url":"https:\/\/blog.zeit.de\/zeit-der-leser\/author\/zeit-der-leser\/"}]}},"jetpack_featured_media_url":"","jetpack_sharing_enabled":true,"_links":{"self":[{"href":"https:\/\/blog.zeit.de\/zeit-der-leser\/wp-json\/wp\/v2\/posts\/3784","targetHints":{"allow":["GET"]}}],"collection":[{"href":"https:\/\/blog.zeit.de\/zeit-der-leser\/wp-json\/wp\/v2\/posts"}],"about":[{"href":"https:\/\/blog.zeit.de\/zeit-der-leser\/wp-json\/wp\/v2\/types\/post"}],"author":[{"embeddable":true,"href":"https:\/\/blog.zeit.de\/zeit-der-leser\/wp-json\/wp\/v2\/users\/264"}],"replies":[{"embeddable":true,"href":"https:\/\/blog.zeit.de\/zeit-der-leser\/wp-json\/wp\/v2\/comments?post=3784"}],"version-history":[{"count":1,"href":"https:\/\/blog.zeit.de\/zeit-der-leser\/wp-json\/wp\/v2\/posts\/3784\/revisions"}],"predecessor-version":[{"id":3785,"href":"https:\/\/blog.zeit.de\/zeit-der-leser\/wp-json\/wp\/v2\/posts\/3784\/revisions\/3785"}],"wp:attachment":[{"href":"https:\/\/blog.zeit.de\/zeit-der-leser\/wp-json\/wp\/v2\/media?parent=3784"}],"wp:term":[{"taxonomy":"category","embeddable":true,"href":"https:\/\/blog.zeit.de\/zeit-der-leser\/wp-json\/wp\/v2\/categories?post=3784"},{"taxonomy":"post_tag","embeddable":true,"href":"https:\/\/blog.zeit.de\/zeit-der-leser\/wp-json\/wp\/v2\/tags?post=3784"}],"curies":[{"name":"wp","href":"https:\/\/api.w.org\/{rel}","templated":true}]}}