{"id":3794,"date":"2011-01-20T05:58:32","date_gmt":"2011-01-20T04:58:32","guid":{"rendered":"http:\/\/blog.zeit.de\/zeit-der-leser\/?p=3794"},"modified":"2011-01-13T09:59:02","modified_gmt":"2011-01-13T08:59:02","slug":"co2-sparen","status":"publish","type":"post","link":"https:\/\/blog.zeit.de\/zeit-der-leser\/2011\/01\/20\/co2-sparen\/","title":{"rendered":"CO2 sparen?"},"content":{"rendered":"<p>Es ist die erste Januarwoche. Auf der Stra\u00dfenseite gegen\u00fcber meiner Wohnung d\u00fcrfen die Leute ihre abgefeierten Weihnachtsb\u00e4ume niederlegen. Diese werden vom Garten- und Friedhofsamt der Stadt geh\u00e4ckselt und einer sinnvollen Endverwertung zugef\u00fchrt. Vielleicht verfeuert man sie oder mischt sie dem Rindenmulch unter. In beiden F\u00e4llen ist die CO2-Bilanz neutral. Nicht aber das, was ich hier sehe. <\/p>\n<p>Denn zwei Arbeiter, die die B\u00e4ume abholen sollen, kommen mit einem LKW vorgefahren, der mit einem hydraulischen Greifer ausgestattet ist. Der eine bedient die Hebel, der andere passt auf, ob der Greifer auch richtig zupackt. Und die ganze Zeit l\u00e4uft vernehmbar und grummelnd der Dieselmotor, der die Hydraulik bewegt. Mein Gott, k\u00f6nnten die beiden sich denn nicht Handschuhe anziehen und die B\u00e4umchen mit leichtem Schwung auf die Ladefl\u00e4che werfen? Das w\u00e4re eine gesunde Bewegung an frischer Luft und w\u00fcrde Kraftstoff und CO2 sparen!<br \/>\nIch werde mal anrufen und eine Rationierung der Diesel-Zuteilung vorschlagen. Dann k\u00e4men die beiden vielleicht auf die Idee, wie es umweltschonender geht.<\/p>\n<p><em>Raimund Carmignac, Witten<\/em><\/p>\n","protected":false},"excerpt":{"rendered":"<p>Es ist die erste Januarwoche. Auf der Stra\u00dfenseite gegen\u00fcber meiner Wohnung d\u00fcrfen die Leute ihre abgefeierten Weihnachtsb\u00e4ume niederlegen. Diese werden vom Garten- und Friedhofsamt der Stadt geh\u00e4ckselt und einer sinnvollen Endverwertung zugef\u00fchrt. Vielleicht verfeuert man sie oder mischt sie dem Rindenmulch unter. In beiden F\u00e4llen ist die CO2-Bilanz neutral. Nicht aber das, was ich hier [&hellip;]<\/p>\n","protected":false},"author":264,"featured_media":0,"comment_status":"open","ping_status":"open","sticky":false,"template":"","format":"standard","meta":{"_jetpack_memberships_contains_paid_content":false,"footnotes":""},"categories":[1869],"tags":[],"class_list":["post-3794","post","type-post","status-publish","format-standard","hentry","category-das-regt-mich-auf"],"yoast_head":"<!-- This site is optimized with the Yoast SEO plugin v21.0 - https:\/\/yoast.com\/wordpress\/plugins\/seo\/ -->\n<title>CO2 sparen? - ZEIT der Leser<\/title>\n<meta name=\"robots\" content=\"index, follow, max-snippet:-1, max-image-preview:large, max-video-preview:-1\" \/>\n<link rel=\"canonical\" href=\"https:\/\/blog.zeit.de\/zeit-der-leser\/2011\/01\/20\/co2-sparen\/\" \/>\n<meta property=\"og:locale\" content=\"de_DE\" \/>\n<meta property=\"og:type\" content=\"article\" \/>\n<meta property=\"og:title\" content=\"CO2 sparen? - ZEIT der Leser\" \/>\n<meta property=\"og:description\" content=\"Es ist die erste Januarwoche. Auf der Stra\u00dfenseite gegen\u00fcber meiner Wohnung d\u00fcrfen die Leute ihre abgefeierten Weihnachtsb\u00e4ume niederlegen. Diese werden vom Garten- und Friedhofsamt der Stadt geh\u00e4ckselt und einer sinnvollen Endverwertung zugef\u00fchrt. Vielleicht verfeuert man sie oder mischt sie dem Rindenmulch unter. In beiden F\u00e4llen ist die CO2-Bilanz neutral. Nicht aber das, was ich hier [&hellip;]\" \/>\n<meta property=\"og:url\" content=\"https:\/\/blog.zeit.de\/zeit-der-leser\/2011\/01\/20\/co2-sparen\/\" \/>\n<meta property=\"og:site_name\" content=\"ZEIT der Leser\" \/>\n<meta property=\"article:published_time\" content=\"2011-01-20T04:58:32+00:00\" \/>\n<meta property=\"article:modified_time\" content=\"2011-01-13T08:59:02+00:00\" \/>\n<meta name=\"author\" content=\"Zeit der Leser\" \/>\n<meta name=\"twitter:card\" content=\"summary_large_image\" \/>\n<meta name=\"twitter:label1\" content=\"Geschrieben von\" \/>\n\t<meta name=\"twitter:data1\" content=\"Zeit der Leser\" \/>\n\t<meta name=\"twitter:label2\" content=\"Gesch\u00e4tzte Lesezeit\" \/>\n\t<meta name=\"twitter:data2\" content=\"1\u00a0Minute\" \/>\n<script type=\"application\/ld+json\" class=\"yoast-schema-graph\">{\"@context\":\"https:\/\/schema.org\",\"@graph\":[{\"@type\":\"WebPage\",\"@id\":\"https:\/\/blog.zeit.de\/zeit-der-leser\/2011\/01\/20\/co2-sparen\/\",\"url\":\"https:\/\/blog.zeit.de\/zeit-der-leser\/2011\/01\/20\/co2-sparen\/\",\"name\":\"CO2 sparen? - ZEIT der Leser\",\"isPartOf\":{\"@id\":\"https:\/\/blog.zeit.de\/zeit-der-leser\/#website\"},\"datePublished\":\"2011-01-20T04:58:32+00:00\",\"dateModified\":\"2011-01-13T08:59:02+00:00\",\"author\":{\"@id\":\"https:\/\/blog.zeit.de\/zeit-der-leser\/#\/schema\/person\/e248c7ff5a10552f6a3bd5e9385b3667\"},\"breadcrumb\":{\"@id\":\"https:\/\/blog.zeit.de\/zeit-der-leser\/2011\/01\/20\/co2-sparen\/#breadcrumb\"},\"inLanguage\":\"de\",\"potentialAction\":[{\"@type\":\"ReadAction\",\"target\":[\"https:\/\/blog.zeit.de\/zeit-der-leser\/2011\/01\/20\/co2-sparen\/\"]}]},{\"@type\":\"BreadcrumbList\",\"@id\":\"https:\/\/blog.zeit.de\/zeit-der-leser\/2011\/01\/20\/co2-sparen\/#breadcrumb\",\"itemListElement\":[{\"@type\":\"ListItem\",\"position\":1,\"name\":\"Startseite\",\"item\":\"https:\/\/blog.zeit.de\/zeit-der-leser\/\"},{\"@type\":\"ListItem\",\"position\":2,\"name\":\"CO2 sparen?\"}]},{\"@type\":\"WebSite\",\"@id\":\"https:\/\/blog.zeit.de\/zeit-der-leser\/#website\",\"url\":\"https:\/\/blog.zeit.de\/zeit-der-leser\/\",\"name\":\"ZEIT der Leser\",\"description\":\"Ein Blog mit Ihren Notizen, Gedichten und Bildern f\u00fcr die gedruckte ZEIT\",\"potentialAction\":[{\"@type\":\"SearchAction\",\"target\":{\"@type\":\"EntryPoint\",\"urlTemplate\":\"https:\/\/blog.zeit.de\/zeit-der-leser\/?s={search_term_string}\"},\"query-input\":\"required name=search_term_string\"}],\"inLanguage\":\"de\"},{\"@type\":\"Person\",\"@id\":\"https:\/\/blog.zeit.de\/zeit-der-leser\/#\/schema\/person\/e248c7ff5a10552f6a3bd5e9385b3667\",\"name\":\"Zeit der Leser\",\"image\":{\"@type\":\"ImageObject\",\"inLanguage\":\"de\",\"@id\":\"https:\/\/blog.zeit.de\/zeit-der-leser\/#\/schema\/person\/image\/\",\"url\":\"https:\/\/secure.gravatar.com\/avatar\/529bb2731085995bda6c8ba0e4da7e528ea8be4e6c7abdd217f176e2309035f6?s=96&d=mm&r=g\",\"contentUrl\":\"https:\/\/secure.gravatar.com\/avatar\/529bb2731085995bda6c8ba0e4da7e528ea8be4e6c7abdd217f176e2309035f6?s=96&d=mm&r=g\",\"caption\":\"Zeit der Leser\"},\"url\":\"https:\/\/blog.zeit.de\/zeit-der-leser\/author\/zeit-der-leser\/\"}]}<\/script>\n<!-- \/ Yoast SEO plugin. -->","yoast_head_json":{"title":"CO2 sparen? - ZEIT der Leser","robots":{"index":"index","follow":"follow","max-snippet":"max-snippet:-1","max-image-preview":"max-image-preview:large","max-video-preview":"max-video-preview:-1"},"canonical":"https:\/\/blog.zeit.de\/zeit-der-leser\/2011\/01\/20\/co2-sparen\/","og_locale":"de_DE","og_type":"article","og_title":"CO2 sparen? - ZEIT der Leser","og_description":"Es ist die erste Januarwoche. Auf der Stra\u00dfenseite gegen\u00fcber meiner Wohnung d\u00fcrfen die Leute ihre abgefeierten Weihnachtsb\u00e4ume niederlegen. Diese werden vom Garten- und Friedhofsamt der Stadt geh\u00e4ckselt und einer sinnvollen Endverwertung zugef\u00fchrt. Vielleicht verfeuert man sie oder mischt sie dem Rindenmulch unter. In beiden F\u00e4llen ist die CO2-Bilanz neutral. Nicht aber das, was ich hier [&hellip;]","og_url":"https:\/\/blog.zeit.de\/zeit-der-leser\/2011\/01\/20\/co2-sparen\/","og_site_name":"ZEIT der Leser","article_published_time":"2011-01-20T04:58:32+00:00","article_modified_time":"2011-01-13T08:59:02+00:00","author":"Zeit der Leser","twitter_card":"summary_large_image","twitter_misc":{"Geschrieben von":"Zeit der Leser","Gesch\u00e4tzte Lesezeit":"1\u00a0Minute"},"schema":{"@context":"https:\/\/schema.org","@graph":[{"@type":"WebPage","@id":"https:\/\/blog.zeit.de\/zeit-der-leser\/2011\/01\/20\/co2-sparen\/","url":"https:\/\/blog.zeit.de\/zeit-der-leser\/2011\/01\/20\/co2-sparen\/","name":"CO2 sparen? - ZEIT der Leser","isPartOf":{"@id":"https:\/\/blog.zeit.de\/zeit-der-leser\/#website"},"datePublished":"2011-01-20T04:58:32+00:00","dateModified":"2011-01-13T08:59:02+00:00","author":{"@id":"https:\/\/blog.zeit.de\/zeit-der-leser\/#\/schema\/person\/e248c7ff5a10552f6a3bd5e9385b3667"},"breadcrumb":{"@id":"https:\/\/blog.zeit.de\/zeit-der-leser\/2011\/01\/20\/co2-sparen\/#breadcrumb"},"inLanguage":"de","potentialAction":[{"@type":"ReadAction","target":["https:\/\/blog.zeit.de\/zeit-der-leser\/2011\/01\/20\/co2-sparen\/"]}]},{"@type":"BreadcrumbList","@id":"https:\/\/blog.zeit.de\/zeit-der-leser\/2011\/01\/20\/co2-sparen\/#breadcrumb","itemListElement":[{"@type":"ListItem","position":1,"name":"Startseite","item":"https:\/\/blog.zeit.de\/zeit-der-leser\/"},{"@type":"ListItem","position":2,"name":"CO2 sparen?"}]},{"@type":"WebSite","@id":"https:\/\/blog.zeit.de\/zeit-der-leser\/#website","url":"https:\/\/blog.zeit.de\/zeit-der-leser\/","name":"ZEIT der Leser","description":"Ein Blog mit Ihren Notizen, Gedichten und Bildern f\u00fcr die gedruckte ZEIT","potentialAction":[{"@type":"SearchAction","target":{"@type":"EntryPoint","urlTemplate":"https:\/\/blog.zeit.de\/zeit-der-leser\/?s={search_term_string}"},"query-input":"required name=search_term_string"}],"inLanguage":"de"},{"@type":"Person","@id":"https:\/\/blog.zeit.de\/zeit-der-leser\/#\/schema\/person\/e248c7ff5a10552f6a3bd5e9385b3667","name":"Zeit der Leser","image":{"@type":"ImageObject","inLanguage":"de","@id":"https:\/\/blog.zeit.de\/zeit-der-leser\/#\/schema\/person\/image\/","url":"https:\/\/secure.gravatar.com\/avatar\/529bb2731085995bda6c8ba0e4da7e528ea8be4e6c7abdd217f176e2309035f6?s=96&d=mm&r=g","contentUrl":"https:\/\/secure.gravatar.com\/avatar\/529bb2731085995bda6c8ba0e4da7e528ea8be4e6c7abdd217f176e2309035f6?s=96&d=mm&r=g","caption":"Zeit der Leser"},"url":"https:\/\/blog.zeit.de\/zeit-der-leser\/author\/zeit-der-leser\/"}]}},"jetpack_featured_media_url":"","jetpack_sharing_enabled":true,"_links":{"self":[{"href":"https:\/\/blog.zeit.de\/zeit-der-leser\/wp-json\/wp\/v2\/posts\/3794","targetHints":{"allow":["GET"]}}],"collection":[{"href":"https:\/\/blog.zeit.de\/zeit-der-leser\/wp-json\/wp\/v2\/posts"}],"about":[{"href":"https:\/\/blog.zeit.de\/zeit-der-leser\/wp-json\/wp\/v2\/types\/post"}],"author":[{"embeddable":true,"href":"https:\/\/blog.zeit.de\/zeit-der-leser\/wp-json\/wp\/v2\/users\/264"}],"replies":[{"embeddable":true,"href":"https:\/\/blog.zeit.de\/zeit-der-leser\/wp-json\/wp\/v2\/comments?post=3794"}],"version-history":[{"count":2,"href":"https:\/\/blog.zeit.de\/zeit-der-leser\/wp-json\/wp\/v2\/posts\/3794\/revisions"}],"predecessor-version":[{"id":3876,"href":"https:\/\/blog.zeit.de\/zeit-der-leser\/wp-json\/wp\/v2\/posts\/3794\/revisions\/3876"}],"wp:attachment":[{"href":"https:\/\/blog.zeit.de\/zeit-der-leser\/wp-json\/wp\/v2\/media?parent=3794"}],"wp:term":[{"taxonomy":"category","embeddable":true,"href":"https:\/\/blog.zeit.de\/zeit-der-leser\/wp-json\/wp\/v2\/categories?post=3794"},{"taxonomy":"post_tag","embeddable":true,"href":"https:\/\/blog.zeit.de\/zeit-der-leser\/wp-json\/wp\/v2\/tags?post=3794"}],"curies":[{"name":"wp","href":"https:\/\/api.w.org\/{rel}","templated":true}]}}