{"id":3798,"date":"2011-01-13T08:31:00","date_gmt":"2011-01-13T07:31:00","guid":{"rendered":"http:\/\/blog.zeit.de\/zeit-der-leser\/?p=3798"},"modified":"2011-01-13T08:30:39","modified_gmt":"2011-01-13T07:30:39","slug":"zeitsprung-kurzwellenzentrum","status":"publish","type":"post","link":"https:\/\/blog.zeit.de\/zeit-der-leser\/2011\/01\/13\/zeitsprung-kurzwellenzentrum\/","title":{"rendered":"Zeitsprung: Kurzwellenzentrum"},"content":{"rendered":"<p><figure id=\"attachment_3858\" aria-describedby=\"caption-attachment-3858\" style=\"width: 540px\" class=\"wp-caption alignleft\"><a href=\"https:\/\/blog.zeit.de\/zeit-der-leser\/files\/2011\/01\/76-Zeitsprung-2-540.jpg\"><img loading=\"lazy\" decoding=\"async\" src=\"https:\/\/blog.zeit.de\/zeit-der-leser\/files\/2011\/01\/76-Zeitsprung-2-540.jpg\" alt=\"\" title=\"76-Zeitsprung-2-540\" width=\"540\" height=\"304\" class=\"size-full wp-image-3858\" srcset=\"https:\/\/blog.zeit.de\/zeit-der-leser\/files\/2011\/01\/76-Zeitsprung-2-540.jpg 540w, https:\/\/blog.zeit.de\/zeit-der-leser\/files\/2011\/01\/76-Zeitsprung-2-540-300x168.jpg 300w\" sizes=\"auto, (max-width: 540px) 100vw, 540px\" \/><\/a><figcaption id=\"caption-attachment-3858\" class=\"wp-caption-text\">2005<\/figcaption><\/figure><\/p>\n<p>Seit ich denken kann, standen vor den Toren meiner Heimatstadt diese mehr als 100 Meter hohen Stahlt\u00fcrme. Von der Merscher H\u00f6he in J\u00fclich sendete das &#8222;Kurzwellenzentrum&#8220; \u00fcber 50 Jahre lang das Programm der Deutschen Welle und sp\u00e4ter auch anderer Anbieter in die Welt. Wenn wir als Kinder auf der Merscher H\u00f6he spielten, bewachten uns die Sendet\u00fcrme stumm, sie sahen zu uns herab und wir zu ihnen hinauf. Man sah sie bei Tag und Nacht, denn dann leuchteten ihre zahlreichen roten Flugwarnlampen weit u\u0308bers Land. Auch sp\u00e4ter, als ich l\u00e4ngst woanders wohnte, empfing mich die Deutsche Welle schon aus der Ferne, wenn ich meine Eltern besuchte. 1996 stellte die Deutsche Welle dann die Nutzung der Sendeanlagen in J\u00fclich ein. <\/p>\n<p><figure id=\"attachment_3859\" aria-describedby=\"caption-attachment-3859\" style=\"width: 540px\" class=\"wp-caption alignleft\"><a href=\"https:\/\/blog.zeit.de\/zeit-der-leser\/files\/2011\/01\/76-Zeitsprung-1-540.jpg\"><img loading=\"lazy\" decoding=\"async\" src=\"https:\/\/blog.zeit.de\/zeit-der-leser\/files\/2011\/01\/76-Zeitsprung-1-540.jpg\" alt=\"\" title=\"76-Zeitsprung-1-540\" width=\"540\" height=\"304\" class=\"size-full wp-image-3859\" srcset=\"https:\/\/blog.zeit.de\/zeit-der-leser\/files\/2011\/01\/76-Zeitsprung-1-540.jpg 540w, https:\/\/blog.zeit.de\/zeit-der-leser\/files\/2011\/01\/76-Zeitsprung-1-540-300x168.jpg 300w\" sizes=\"auto, (max-width: 540px) 100vw, 540px\" \/><\/a><figcaption id=\"caption-attachment-3859\" class=\"wp-caption-text\">2010<\/figcaption><\/figure><\/p>\n<p>Jetzt hat man die T\u00fcrme endg\u00fcltig &#8222;zuru\u0308ckgebaut&#8220;, sie sind \u00fcberfl\u00fcssig geworden, nur zwei hat man zur Erinnerung stehen lassen, einen davon sieht man auf der neuen Fotografie ganz links. Geblieben ist eine wunderbare, aber ungewohnt &#8222;leere&#8220; Landschaft vor einem weiten Himmel, und unter diesem Himmel: zwei Relikte einer vergangenen Epoche.<\/p>\n<p><em>Evelyn Meessen, K\u00f6ln<\/em><\/p>\n","protected":false},"excerpt":{"rendered":"<p>Seit ich denken kann, standen vor den Toren meiner Heimatstadt diese mehr als 100 Meter hohen Stahlt\u00fcrme. Von der Merscher H\u00f6he in J\u00fclich sendete das &#8222;Kurzwellenzentrum&#8220; \u00fcber 50 Jahre lang das Programm der Deutschen Welle und sp\u00e4ter auch anderer Anbieter in die Welt. Wenn wir als Kinder auf der Merscher H\u00f6he spielten, bewachten uns die [&hellip;]<\/p>\n","protected":false},"author":264,"featured_media":0,"comment_status":"open","ping_status":"open","sticky":false,"template":"","format":"standard","meta":{"_jetpack_memberships_contains_paid_content":false,"footnotes":""},"categories":[1878],"tags":[],"class_list":["post-3798","post","type-post","status-publish","format-standard","hentry","category-zeitsprung"],"yoast_head":"<!-- This site is optimized with the Yoast SEO plugin v21.0 - https:\/\/yoast.com\/wordpress\/plugins\/seo\/ -->\n<title>Zeitsprung: Kurzwellenzentrum - ZEIT der Leser<\/title>\n<meta name=\"robots\" content=\"index, follow, max-snippet:-1, max-image-preview:large, max-video-preview:-1\" \/>\n<link rel=\"canonical\" href=\"https:\/\/blog.zeit.de\/zeit-der-leser\/2011\/01\/13\/zeitsprung-kurzwellenzentrum\/\" \/>\n<meta property=\"og:locale\" content=\"de_DE\" \/>\n<meta property=\"og:type\" content=\"article\" \/>\n<meta property=\"og:title\" content=\"Zeitsprung: Kurzwellenzentrum - ZEIT der Leser\" \/>\n<meta property=\"og:description\" content=\"Seit ich denken kann, standen vor den Toren meiner Heimatstadt diese mehr als 100 Meter hohen Stahlt\u00fcrme. Von der Merscher H\u00f6he in J\u00fclich sendete das &#8222;Kurzwellenzentrum&#8220; \u00fcber 50 Jahre lang das Programm der Deutschen Welle und sp\u00e4ter auch anderer Anbieter in die Welt. Wenn wir als Kinder auf der Merscher H\u00f6he spielten, bewachten uns die [&hellip;]\" \/>\n<meta property=\"og:url\" content=\"https:\/\/blog.zeit.de\/zeit-der-leser\/2011\/01\/13\/zeitsprung-kurzwellenzentrum\/\" \/>\n<meta property=\"og:site_name\" content=\"ZEIT der Leser\" \/>\n<meta property=\"article:published_time\" content=\"2011-01-13T07:31:00+00:00\" \/>\n<meta property=\"article:modified_time\" content=\"2011-01-13T07:30:39+00:00\" \/>\n<meta property=\"og:image\" content=\"https:\/\/blog.zeit.de\/zeit-der-leser\/files\/2011\/01\/76-Zeitsprung-2-540.jpg\" \/>\n<meta name=\"author\" content=\"Zeit der Leser\" \/>\n<meta name=\"twitter:card\" content=\"summary_large_image\" \/>\n<meta name=\"twitter:label1\" content=\"Geschrieben von\" \/>\n\t<meta name=\"twitter:data1\" content=\"Zeit der Leser\" \/>\n\t<meta name=\"twitter:label2\" content=\"Gesch\u00e4tzte Lesezeit\" \/>\n\t<meta name=\"twitter:data2\" content=\"1\u00a0Minute\" \/>\n<script type=\"application\/ld+json\" class=\"yoast-schema-graph\">{\"@context\":\"https:\/\/schema.org\",\"@graph\":[{\"@type\":\"WebPage\",\"@id\":\"https:\/\/blog.zeit.de\/zeit-der-leser\/2011\/01\/13\/zeitsprung-kurzwellenzentrum\/\",\"url\":\"https:\/\/blog.zeit.de\/zeit-der-leser\/2011\/01\/13\/zeitsprung-kurzwellenzentrum\/\",\"name\":\"Zeitsprung: Kurzwellenzentrum - ZEIT der Leser\",\"isPartOf\":{\"@id\":\"https:\/\/blog.zeit.de\/zeit-der-leser\/#website\"},\"datePublished\":\"2011-01-13T07:31:00+00:00\",\"dateModified\":\"2011-01-13T07:30:39+00:00\",\"author\":{\"@id\":\"https:\/\/blog.zeit.de\/zeit-der-leser\/#\/schema\/person\/e248c7ff5a10552f6a3bd5e9385b3667\"},\"breadcrumb\":{\"@id\":\"https:\/\/blog.zeit.de\/zeit-der-leser\/2011\/01\/13\/zeitsprung-kurzwellenzentrum\/#breadcrumb\"},\"inLanguage\":\"de\",\"potentialAction\":[{\"@type\":\"ReadAction\",\"target\":[\"https:\/\/blog.zeit.de\/zeit-der-leser\/2011\/01\/13\/zeitsprung-kurzwellenzentrum\/\"]}]},{\"@type\":\"BreadcrumbList\",\"@id\":\"https:\/\/blog.zeit.de\/zeit-der-leser\/2011\/01\/13\/zeitsprung-kurzwellenzentrum\/#breadcrumb\",\"itemListElement\":[{\"@type\":\"ListItem\",\"position\":1,\"name\":\"Startseite\",\"item\":\"https:\/\/blog.zeit.de\/zeit-der-leser\/\"},{\"@type\":\"ListItem\",\"position\":2,\"name\":\"Zeitsprung: Kurzwellenzentrum\"}]},{\"@type\":\"WebSite\",\"@id\":\"https:\/\/blog.zeit.de\/zeit-der-leser\/#website\",\"url\":\"https:\/\/blog.zeit.de\/zeit-der-leser\/\",\"name\":\"ZEIT der Leser\",\"description\":\"Ein Blog mit Ihren Notizen, Gedichten und Bildern f\u00fcr die gedruckte ZEIT\",\"potentialAction\":[{\"@type\":\"SearchAction\",\"target\":{\"@type\":\"EntryPoint\",\"urlTemplate\":\"https:\/\/blog.zeit.de\/zeit-der-leser\/?s={search_term_string}\"},\"query-input\":\"required name=search_term_string\"}],\"inLanguage\":\"de\"},{\"@type\":\"Person\",\"@id\":\"https:\/\/blog.zeit.de\/zeit-der-leser\/#\/schema\/person\/e248c7ff5a10552f6a3bd5e9385b3667\",\"name\":\"Zeit der Leser\",\"image\":{\"@type\":\"ImageObject\",\"inLanguage\":\"de\",\"@id\":\"https:\/\/blog.zeit.de\/zeit-der-leser\/#\/schema\/person\/image\/\",\"url\":\"https:\/\/secure.gravatar.com\/avatar\/529bb2731085995bda6c8ba0e4da7e528ea8be4e6c7abdd217f176e2309035f6?s=96&d=mm&r=g\",\"contentUrl\":\"https:\/\/secure.gravatar.com\/avatar\/529bb2731085995bda6c8ba0e4da7e528ea8be4e6c7abdd217f176e2309035f6?s=96&d=mm&r=g\",\"caption\":\"Zeit der Leser\"},\"url\":\"https:\/\/blog.zeit.de\/zeit-der-leser\/author\/zeit-der-leser\/\"}]}<\/script>\n<!-- \/ Yoast SEO plugin. -->","yoast_head_json":{"title":"Zeitsprung: Kurzwellenzentrum - ZEIT der Leser","robots":{"index":"index","follow":"follow","max-snippet":"max-snippet:-1","max-image-preview":"max-image-preview:large","max-video-preview":"max-video-preview:-1"},"canonical":"https:\/\/blog.zeit.de\/zeit-der-leser\/2011\/01\/13\/zeitsprung-kurzwellenzentrum\/","og_locale":"de_DE","og_type":"article","og_title":"Zeitsprung: Kurzwellenzentrum - ZEIT der Leser","og_description":"Seit ich denken kann, standen vor den Toren meiner Heimatstadt diese mehr als 100 Meter hohen Stahlt\u00fcrme. Von der Merscher H\u00f6he in J\u00fclich sendete das &#8222;Kurzwellenzentrum&#8220; \u00fcber 50 Jahre lang das Programm der Deutschen Welle und sp\u00e4ter auch anderer Anbieter in die Welt. Wenn wir als Kinder auf der Merscher H\u00f6he spielten, bewachten uns die [&hellip;]","og_url":"https:\/\/blog.zeit.de\/zeit-der-leser\/2011\/01\/13\/zeitsprung-kurzwellenzentrum\/","og_site_name":"ZEIT der Leser","article_published_time":"2011-01-13T07:31:00+00:00","article_modified_time":"2011-01-13T07:30:39+00:00","og_image":[{"url":"https:\/\/blog.zeit.de\/zeit-der-leser\/files\/2011\/01\/76-Zeitsprung-2-540.jpg"}],"author":"Zeit der Leser","twitter_card":"summary_large_image","twitter_misc":{"Geschrieben von":"Zeit der Leser","Gesch\u00e4tzte Lesezeit":"1\u00a0Minute"},"schema":{"@context":"https:\/\/schema.org","@graph":[{"@type":"WebPage","@id":"https:\/\/blog.zeit.de\/zeit-der-leser\/2011\/01\/13\/zeitsprung-kurzwellenzentrum\/","url":"https:\/\/blog.zeit.de\/zeit-der-leser\/2011\/01\/13\/zeitsprung-kurzwellenzentrum\/","name":"Zeitsprung: Kurzwellenzentrum - ZEIT der Leser","isPartOf":{"@id":"https:\/\/blog.zeit.de\/zeit-der-leser\/#website"},"datePublished":"2011-01-13T07:31:00+00:00","dateModified":"2011-01-13T07:30:39+00:00","author":{"@id":"https:\/\/blog.zeit.de\/zeit-der-leser\/#\/schema\/person\/e248c7ff5a10552f6a3bd5e9385b3667"},"breadcrumb":{"@id":"https:\/\/blog.zeit.de\/zeit-der-leser\/2011\/01\/13\/zeitsprung-kurzwellenzentrum\/#breadcrumb"},"inLanguage":"de","potentialAction":[{"@type":"ReadAction","target":["https:\/\/blog.zeit.de\/zeit-der-leser\/2011\/01\/13\/zeitsprung-kurzwellenzentrum\/"]}]},{"@type":"BreadcrumbList","@id":"https:\/\/blog.zeit.de\/zeit-der-leser\/2011\/01\/13\/zeitsprung-kurzwellenzentrum\/#breadcrumb","itemListElement":[{"@type":"ListItem","position":1,"name":"Startseite","item":"https:\/\/blog.zeit.de\/zeit-der-leser\/"},{"@type":"ListItem","position":2,"name":"Zeitsprung: Kurzwellenzentrum"}]},{"@type":"WebSite","@id":"https:\/\/blog.zeit.de\/zeit-der-leser\/#website","url":"https:\/\/blog.zeit.de\/zeit-der-leser\/","name":"ZEIT der Leser","description":"Ein Blog mit Ihren Notizen, Gedichten und Bildern f\u00fcr die gedruckte ZEIT","potentialAction":[{"@type":"SearchAction","target":{"@type":"EntryPoint","urlTemplate":"https:\/\/blog.zeit.de\/zeit-der-leser\/?s={search_term_string}"},"query-input":"required name=search_term_string"}],"inLanguage":"de"},{"@type":"Person","@id":"https:\/\/blog.zeit.de\/zeit-der-leser\/#\/schema\/person\/e248c7ff5a10552f6a3bd5e9385b3667","name":"Zeit der Leser","image":{"@type":"ImageObject","inLanguage":"de","@id":"https:\/\/blog.zeit.de\/zeit-der-leser\/#\/schema\/person\/image\/","url":"https:\/\/secure.gravatar.com\/avatar\/529bb2731085995bda6c8ba0e4da7e528ea8be4e6c7abdd217f176e2309035f6?s=96&d=mm&r=g","contentUrl":"https:\/\/secure.gravatar.com\/avatar\/529bb2731085995bda6c8ba0e4da7e528ea8be4e6c7abdd217f176e2309035f6?s=96&d=mm&r=g","caption":"Zeit der Leser"},"url":"https:\/\/blog.zeit.de\/zeit-der-leser\/author\/zeit-der-leser\/"}]}},"jetpack_featured_media_url":"","jetpack_sharing_enabled":true,"_links":{"self":[{"href":"https:\/\/blog.zeit.de\/zeit-der-leser\/wp-json\/wp\/v2\/posts\/3798","targetHints":{"allow":["GET"]}}],"collection":[{"href":"https:\/\/blog.zeit.de\/zeit-der-leser\/wp-json\/wp\/v2\/posts"}],"about":[{"href":"https:\/\/blog.zeit.de\/zeit-der-leser\/wp-json\/wp\/v2\/types\/post"}],"author":[{"embeddable":true,"href":"https:\/\/blog.zeit.de\/zeit-der-leser\/wp-json\/wp\/v2\/users\/264"}],"replies":[{"embeddable":true,"href":"https:\/\/blog.zeit.de\/zeit-der-leser\/wp-json\/wp\/v2\/comments?post=3798"}],"version-history":[{"count":5,"href":"https:\/\/blog.zeit.de\/zeit-der-leser\/wp-json\/wp\/v2\/posts\/3798\/revisions"}],"predecessor-version":[{"id":3861,"href":"https:\/\/blog.zeit.de\/zeit-der-leser\/wp-json\/wp\/v2\/posts\/3798\/revisions\/3861"}],"wp:attachment":[{"href":"https:\/\/blog.zeit.de\/zeit-der-leser\/wp-json\/wp\/v2\/media?parent=3798"}],"wp:term":[{"taxonomy":"category","embeddable":true,"href":"https:\/\/blog.zeit.de\/zeit-der-leser\/wp-json\/wp\/v2\/categories?post=3798"},{"taxonomy":"post_tag","embeddable":true,"href":"https:\/\/blog.zeit.de\/zeit-der-leser\/wp-json\/wp\/v2\/tags?post=3798"}],"curies":[{"name":"wp","href":"https:\/\/api.w.org\/{rel}","templated":true}]}}