{"id":3802,"date":"2011-01-14T08:45:58","date_gmt":"2011-01-14T07:45:58","guid":{"rendered":"http:\/\/blog.zeit.de\/zeit-der-leser\/?p=3802"},"modified":"2011-01-12T11:46:17","modified_gmt":"2011-01-12T10:46:17","slug":"eine-kleine-weltreise","status":"publish","type":"post","link":"https:\/\/blog.zeit.de\/zeit-der-leser\/2011\/01\/14\/eine-kleine-weltreise\/","title":{"rendered":"Eine kleine Weltreise&#8230;"},"content":{"rendered":"<p><em>\u2026 aus traurigem Anlass unternimmt Sabine Kr\u00f6ner, 55: Sie wird nach Buenos Aires fliegen und dann per Schiff durch die Magellanstra\u00dfe und die S\u00fcdsee nach Australien, Indonesien, Malaysia, Birma, Indien, Arabien und durch den Sueskanal bis nach Venedig fahren. Auf dieser Seite wird sie jede Woche berichten. Heute erz\u00e4hlt sie, wie es zu ihrem Entschluss zur Weltreise kam <\/em><\/p>\n<p>F\u00fcr viele Menschen ist sie ein Traum, und f\u00fcr viele bleibt sie das auch, eine Reise um die ganze Welt. Sie scheitert an der daf\u00fcr notwendigen Zeit, am Geld oder auch am Mut. G\u00f6nnt man sie sich dann doch, so meist zu einem fr\u00f6hlichen Anlass, Ehejubil\u00e4um, runder Geburtstag, Eintritt ins Rentenalter. Nicht so in meinem Falle. Der Idee zugrunde liegt ein sehr trauriges Ereignis, der Freitod meines Ehemannes im letzten Sommer. Nach jahrelangem Kampf mit den D\u00e4monen der Schizophrenie waren seine Kr\u00e4fte ersch\u00f6pft. Ganz still und heimlich ist er von unserer Terrasse gesprungen, als ich zur\u00fcckkam vom Einkaufen war er einfach tot. Schockiert, gel\u00e4hmt, an die darauffolgenden Tage kann ich mich kaum erinnern. Trauerfeier und Urnenbestattung mussten organisiert werden, Formalit\u00e4ten erledigt. Ich habe funktioniert und meinen Alltag mit den gewohnten Ritualen \u00fcberstanden. Zu diesen geh\u00f6rt auch die Zeitungslekt\u00fcre. Eines sch\u00f6nen Sonntags hat die Werbung f\u00fcr eine &#8222;kleine Weltreise&#8220; meine Lebensgeister wachger\u00fcttelt. &#8222;Das tust du&#8220;, habe ich mir gesagt, &#8222;das ist besser als jede Therapie.&#8220; Ich habe meinen Freundeskreis und die Familie mit meinem Beschluss konfrontiert. Nun trennte sich die Spreu vom Weizen: Die Guten haben mich best\u00e4rkt in der Idee, die Schlechten haben mir den R\u00fccken gekehrt, es als eine Flucht vor der Realit\u00e4t bezeichnet. Doch wie sieht die Realit\u00e4t aus? Ich m\u00f6chte leben, mit Respekt vor der Vergangenheit und dennoch in der Gegenwart.<\/p>\n<p><em>Sabine Kr\u00f6ner, Heidelberg<\/em><\/p>\n","protected":false},"excerpt":{"rendered":"<p>\u2026 aus traurigem Anlass unternimmt Sabine Kr\u00f6ner, 55: Sie wird nach Buenos Aires fliegen und dann per Schiff durch die Magellanstra\u00dfe und die S\u00fcdsee nach Australien, Indonesien, Malaysia, Birma, Indien, Arabien und durch den Sueskanal bis nach Venedig fahren. Auf dieser Seite wird sie jede Woche berichten. Heute erz\u00e4hlt sie, wie es zu ihrem Entschluss [&hellip;]<\/p>\n","protected":false},"author":264,"featured_media":0,"comment_status":"open","ping_status":"open","sticky":false,"template":"","format":"standard","meta":{"_jetpack_memberships_contains_paid_content":false,"footnotes":""},"categories":[5685],"tags":[],"class_list":["post-3802","post","type-post","status-publish","format-standard","hentry","category-eine-kleine-weltreise"],"yoast_head":"<!-- This site is optimized with the Yoast SEO plugin v21.0 - https:\/\/yoast.com\/wordpress\/plugins\/seo\/ -->\n<title>Eine kleine Weltreise... - ZEIT der Leser<\/title>\n<meta name=\"robots\" content=\"index, follow, max-snippet:-1, max-image-preview:large, max-video-preview:-1\" \/>\n<link rel=\"canonical\" href=\"https:\/\/blog.zeit.de\/zeit-der-leser\/2011\/01\/14\/eine-kleine-weltreise\/\" \/>\n<meta property=\"og:locale\" content=\"de_DE\" \/>\n<meta property=\"og:type\" content=\"article\" \/>\n<meta property=\"og:title\" content=\"Eine kleine Weltreise... - ZEIT der Leser\" \/>\n<meta property=\"og:description\" content=\"\u2026 aus traurigem Anlass unternimmt Sabine Kr\u00f6ner, 55: Sie wird nach Buenos Aires fliegen und dann per Schiff durch die Magellanstra\u00dfe und die S\u00fcdsee nach Australien, Indonesien, Malaysia, Birma, Indien, Arabien und durch den Sueskanal bis nach Venedig fahren. Auf dieser Seite wird sie jede Woche berichten. Heute erz\u00e4hlt sie, wie es zu ihrem Entschluss [&hellip;]\" \/>\n<meta property=\"og:url\" content=\"https:\/\/blog.zeit.de\/zeit-der-leser\/2011\/01\/14\/eine-kleine-weltreise\/\" \/>\n<meta property=\"og:site_name\" content=\"ZEIT der Leser\" \/>\n<meta property=\"article:published_time\" content=\"2011-01-14T07:45:58+00:00\" \/>\n<meta property=\"article:modified_time\" content=\"2011-01-12T10:46:17+00:00\" \/>\n<meta name=\"author\" content=\"Zeit der Leser\" \/>\n<meta name=\"twitter:card\" content=\"summary_large_image\" \/>\n<meta name=\"twitter:label1\" content=\"Geschrieben von\" \/>\n\t<meta name=\"twitter:data1\" content=\"Zeit der Leser\" \/>\n\t<meta name=\"twitter:label2\" content=\"Gesch\u00e4tzte Lesezeit\" \/>\n\t<meta name=\"twitter:data2\" content=\"2\u00a0Minuten\" \/>\n<script type=\"application\/ld+json\" class=\"yoast-schema-graph\">{\"@context\":\"https:\/\/schema.org\",\"@graph\":[{\"@type\":\"WebPage\",\"@id\":\"https:\/\/blog.zeit.de\/zeit-der-leser\/2011\/01\/14\/eine-kleine-weltreise\/\",\"url\":\"https:\/\/blog.zeit.de\/zeit-der-leser\/2011\/01\/14\/eine-kleine-weltreise\/\",\"name\":\"Eine kleine Weltreise... - ZEIT der Leser\",\"isPartOf\":{\"@id\":\"https:\/\/blog.zeit.de\/zeit-der-leser\/#website\"},\"datePublished\":\"2011-01-14T07:45:58+00:00\",\"dateModified\":\"2011-01-12T10:46:17+00:00\",\"author\":{\"@id\":\"https:\/\/blog.zeit.de\/zeit-der-leser\/#\/schema\/person\/e248c7ff5a10552f6a3bd5e9385b3667\"},\"breadcrumb\":{\"@id\":\"https:\/\/blog.zeit.de\/zeit-der-leser\/2011\/01\/14\/eine-kleine-weltreise\/#breadcrumb\"},\"inLanguage\":\"de\",\"potentialAction\":[{\"@type\":\"ReadAction\",\"target\":[\"https:\/\/blog.zeit.de\/zeit-der-leser\/2011\/01\/14\/eine-kleine-weltreise\/\"]}]},{\"@type\":\"BreadcrumbList\",\"@id\":\"https:\/\/blog.zeit.de\/zeit-der-leser\/2011\/01\/14\/eine-kleine-weltreise\/#breadcrumb\",\"itemListElement\":[{\"@type\":\"ListItem\",\"position\":1,\"name\":\"Startseite\",\"item\":\"https:\/\/blog.zeit.de\/zeit-der-leser\/\"},{\"@type\":\"ListItem\",\"position\":2,\"name\":\"Eine kleine Weltreise&#8230;\"}]},{\"@type\":\"WebSite\",\"@id\":\"https:\/\/blog.zeit.de\/zeit-der-leser\/#website\",\"url\":\"https:\/\/blog.zeit.de\/zeit-der-leser\/\",\"name\":\"ZEIT der Leser\",\"description\":\"Ein Blog mit Ihren Notizen, Gedichten und Bildern f\u00fcr die gedruckte ZEIT\",\"potentialAction\":[{\"@type\":\"SearchAction\",\"target\":{\"@type\":\"EntryPoint\",\"urlTemplate\":\"https:\/\/blog.zeit.de\/zeit-der-leser\/?s={search_term_string}\"},\"query-input\":\"required name=search_term_string\"}],\"inLanguage\":\"de\"},{\"@type\":\"Person\",\"@id\":\"https:\/\/blog.zeit.de\/zeit-der-leser\/#\/schema\/person\/e248c7ff5a10552f6a3bd5e9385b3667\",\"name\":\"Zeit der Leser\",\"image\":{\"@type\":\"ImageObject\",\"inLanguage\":\"de\",\"@id\":\"https:\/\/blog.zeit.de\/zeit-der-leser\/#\/schema\/person\/image\/\",\"url\":\"https:\/\/secure.gravatar.com\/avatar\/529bb2731085995bda6c8ba0e4da7e528ea8be4e6c7abdd217f176e2309035f6?s=96&d=mm&r=g\",\"contentUrl\":\"https:\/\/secure.gravatar.com\/avatar\/529bb2731085995bda6c8ba0e4da7e528ea8be4e6c7abdd217f176e2309035f6?s=96&d=mm&r=g\",\"caption\":\"Zeit der Leser\"},\"url\":\"https:\/\/blog.zeit.de\/zeit-der-leser\/author\/zeit-der-leser\/\"}]}<\/script>\n<!-- \/ Yoast SEO plugin. -->","yoast_head_json":{"title":"Eine kleine Weltreise... - ZEIT der Leser","robots":{"index":"index","follow":"follow","max-snippet":"max-snippet:-1","max-image-preview":"max-image-preview:large","max-video-preview":"max-video-preview:-1"},"canonical":"https:\/\/blog.zeit.de\/zeit-der-leser\/2011\/01\/14\/eine-kleine-weltreise\/","og_locale":"de_DE","og_type":"article","og_title":"Eine kleine Weltreise... - ZEIT der Leser","og_description":"\u2026 aus traurigem Anlass unternimmt Sabine Kr\u00f6ner, 55: Sie wird nach Buenos Aires fliegen und dann per Schiff durch die Magellanstra\u00dfe und die S\u00fcdsee nach Australien, Indonesien, Malaysia, Birma, Indien, Arabien und durch den Sueskanal bis nach Venedig fahren. Auf dieser Seite wird sie jede Woche berichten. Heute erz\u00e4hlt sie, wie es zu ihrem Entschluss [&hellip;]","og_url":"https:\/\/blog.zeit.de\/zeit-der-leser\/2011\/01\/14\/eine-kleine-weltreise\/","og_site_name":"ZEIT der Leser","article_published_time":"2011-01-14T07:45:58+00:00","article_modified_time":"2011-01-12T10:46:17+00:00","author":"Zeit der Leser","twitter_card":"summary_large_image","twitter_misc":{"Geschrieben von":"Zeit der Leser","Gesch\u00e4tzte Lesezeit":"2\u00a0Minuten"},"schema":{"@context":"https:\/\/schema.org","@graph":[{"@type":"WebPage","@id":"https:\/\/blog.zeit.de\/zeit-der-leser\/2011\/01\/14\/eine-kleine-weltreise\/","url":"https:\/\/blog.zeit.de\/zeit-der-leser\/2011\/01\/14\/eine-kleine-weltreise\/","name":"Eine kleine Weltreise... - ZEIT der Leser","isPartOf":{"@id":"https:\/\/blog.zeit.de\/zeit-der-leser\/#website"},"datePublished":"2011-01-14T07:45:58+00:00","dateModified":"2011-01-12T10:46:17+00:00","author":{"@id":"https:\/\/blog.zeit.de\/zeit-der-leser\/#\/schema\/person\/e248c7ff5a10552f6a3bd5e9385b3667"},"breadcrumb":{"@id":"https:\/\/blog.zeit.de\/zeit-der-leser\/2011\/01\/14\/eine-kleine-weltreise\/#breadcrumb"},"inLanguage":"de","potentialAction":[{"@type":"ReadAction","target":["https:\/\/blog.zeit.de\/zeit-der-leser\/2011\/01\/14\/eine-kleine-weltreise\/"]}]},{"@type":"BreadcrumbList","@id":"https:\/\/blog.zeit.de\/zeit-der-leser\/2011\/01\/14\/eine-kleine-weltreise\/#breadcrumb","itemListElement":[{"@type":"ListItem","position":1,"name":"Startseite","item":"https:\/\/blog.zeit.de\/zeit-der-leser\/"},{"@type":"ListItem","position":2,"name":"Eine kleine Weltreise&#8230;"}]},{"@type":"WebSite","@id":"https:\/\/blog.zeit.de\/zeit-der-leser\/#website","url":"https:\/\/blog.zeit.de\/zeit-der-leser\/","name":"ZEIT der Leser","description":"Ein Blog mit Ihren Notizen, Gedichten und Bildern f\u00fcr die gedruckte ZEIT","potentialAction":[{"@type":"SearchAction","target":{"@type":"EntryPoint","urlTemplate":"https:\/\/blog.zeit.de\/zeit-der-leser\/?s={search_term_string}"},"query-input":"required name=search_term_string"}],"inLanguage":"de"},{"@type":"Person","@id":"https:\/\/blog.zeit.de\/zeit-der-leser\/#\/schema\/person\/e248c7ff5a10552f6a3bd5e9385b3667","name":"Zeit der Leser","image":{"@type":"ImageObject","inLanguage":"de","@id":"https:\/\/blog.zeit.de\/zeit-der-leser\/#\/schema\/person\/image\/","url":"https:\/\/secure.gravatar.com\/avatar\/529bb2731085995bda6c8ba0e4da7e528ea8be4e6c7abdd217f176e2309035f6?s=96&d=mm&r=g","contentUrl":"https:\/\/secure.gravatar.com\/avatar\/529bb2731085995bda6c8ba0e4da7e528ea8be4e6c7abdd217f176e2309035f6?s=96&d=mm&r=g","caption":"Zeit der Leser"},"url":"https:\/\/blog.zeit.de\/zeit-der-leser\/author\/zeit-der-leser\/"}]}},"jetpack_featured_media_url":"","jetpack_sharing_enabled":true,"_links":{"self":[{"href":"https:\/\/blog.zeit.de\/zeit-der-leser\/wp-json\/wp\/v2\/posts\/3802","targetHints":{"allow":["GET"]}}],"collection":[{"href":"https:\/\/blog.zeit.de\/zeit-der-leser\/wp-json\/wp\/v2\/posts"}],"about":[{"href":"https:\/\/blog.zeit.de\/zeit-der-leser\/wp-json\/wp\/v2\/types\/post"}],"author":[{"embeddable":true,"href":"https:\/\/blog.zeit.de\/zeit-der-leser\/wp-json\/wp\/v2\/users\/264"}],"replies":[{"embeddable":true,"href":"https:\/\/blog.zeit.de\/zeit-der-leser\/wp-json\/wp\/v2\/comments?post=3802"}],"version-history":[{"count":3,"href":"https:\/\/blog.zeit.de\/zeit-der-leser\/wp-json\/wp\/v2\/posts\/3802\/revisions"}],"predecessor-version":[{"id":3805,"href":"https:\/\/blog.zeit.de\/zeit-der-leser\/wp-json\/wp\/v2\/posts\/3802\/revisions\/3805"}],"wp:attachment":[{"href":"https:\/\/blog.zeit.de\/zeit-der-leser\/wp-json\/wp\/v2\/media?parent=3802"}],"wp:term":[{"taxonomy":"category","embeddable":true,"href":"https:\/\/blog.zeit.de\/zeit-der-leser\/wp-json\/wp\/v2\/categories?post=3802"},{"taxonomy":"post_tag","embeddable":true,"href":"https:\/\/blog.zeit.de\/zeit-der-leser\/wp-json\/wp\/v2\/tags?post=3802"}],"curies":[{"name":"wp","href":"https:\/\/api.w.org\/{rel}","templated":true}]}}