{"id":3808,"date":"2011-01-16T08:50:09","date_gmt":"2011-01-16T07:50:09","guid":{"rendered":"http:\/\/blog.zeit.de\/zeit-der-leser\/?p=3808"},"modified":"2011-01-12T11:53:06","modified_gmt":"2011-01-12T10:53:06","slug":"beamtenstaat","status":"publish","type":"post","link":"https:\/\/blog.zeit.de\/zeit-der-leser\/2011\/01\/16\/beamtenstaat\/","title":{"rendered":"Beamtenstaat"},"content":{"rendered":"<p>Hauptpostamt Kaiserslautern, kurz nach Schalter\u00f6ffnung: 16 Kunden warten geduldig in der Schlange. Die Abfertigung verl\u00e4uft sehr schleppend. Aus der Schlange heraus fragt ein junger Mann einen der drei Postbediensteten, ob er wirklich, wie schon am Vortag, zwanzig Minuten warten m\u00fcsse, und das nur, weil er an derselben Stelle eine falsche Auskunft bekommen habe. Keine Reaktion des Angesprochenen. Die Kunden in der Schlange werden aufmerksam. Der junge Mann hakt in ruhigem Ton nach. Endlich eine Reaktion: &#8222;Wenn Sie hier noch weiter so rummeckern, warten Sie noch l\u00e4nger!&#8220; Gesteigerte Unruhe unter den Wartenden. Da steht der Bedienstete auf und verl\u00e4sst den Schalterraum. Sein Kollege: &#8222;Der geht jetzt aufs Klo. Das muss auch sein!&#8220; Als ich endlich an der Reihe bin, ist der Klo-G\u00e4nger wieder zur\u00fcck. Ich weise ihn h\u00f6flich, aber deutlich darauf hin, dass sein Verhalten so gar nichts mit Kundenfreundlichkeit zu tun habe. Er sieht durch mich hindurch und wendet sich meinem Hintermann zu: &#8222;Der N\u00e4chste, bitte!&#8220; Die Szene wirkte wie in einem schlechten Film. Oder wie aus der Zeit, als Kunden noch mit &#8222;Postbeamten&#8220; konfrontiert waren, die gn\u00e4dig und vom hohen Ross herab den Briefmarkenverkauf oder die Annahme von Paketen zelebrierten. In den letzten Jahren war der Service gr\u00f6\u00dftenteils besser geworden. Und nun dieser R\u00fcckfall! Wir leben im 21. Jahrhundert und nicht mehr in einem Beamtenstaat. Das aber haben (hoffentlich nur) einige Post-&#8222;Beamte&#8220; ganz offenbar noch nicht kapiert. Und das \u00e4rgert mich! <\/p>\n<p><em>Horst Rochlitzer, Kaiserslautern<\/em><\/p>\n","protected":false},"excerpt":{"rendered":"<p>Hauptpostamt Kaiserslautern, kurz nach Schalter\u00f6ffnung: 16 Kunden warten geduldig in der Schlange. Die Abfertigung verl\u00e4uft sehr schleppend. Aus der Schlange heraus fragt ein junger Mann einen der drei Postbediensteten, ob er wirklich, wie schon am Vortag, zwanzig Minuten warten m\u00fcsse, und das nur, weil er an derselben Stelle eine falsche Auskunft bekommen habe. Keine Reaktion [&hellip;]<\/p>\n","protected":false},"author":264,"featured_media":0,"comment_status":"open","ping_status":"open","sticky":false,"template":"","format":"standard","meta":{"_jetpack_memberships_contains_paid_content":false,"footnotes":""},"categories":[1869],"tags":[],"class_list":["post-3808","post","type-post","status-publish","format-standard","hentry","category-das-regt-mich-auf"],"yoast_head":"<!-- This site is optimized with the Yoast SEO plugin v21.0 - https:\/\/yoast.com\/wordpress\/plugins\/seo\/ -->\n<title>Beamtenstaat - ZEIT der Leser<\/title>\n<meta name=\"robots\" content=\"index, follow, max-snippet:-1, max-image-preview:large, max-video-preview:-1\" \/>\n<link rel=\"canonical\" href=\"https:\/\/blog.zeit.de\/zeit-der-leser\/2011\/01\/16\/beamtenstaat\/\" \/>\n<meta property=\"og:locale\" content=\"de_DE\" \/>\n<meta property=\"og:type\" content=\"article\" \/>\n<meta property=\"og:title\" content=\"Beamtenstaat - ZEIT der Leser\" \/>\n<meta property=\"og:description\" content=\"Hauptpostamt Kaiserslautern, kurz nach Schalter\u00f6ffnung: 16 Kunden warten geduldig in der Schlange. Die Abfertigung verl\u00e4uft sehr schleppend. Aus der Schlange heraus fragt ein junger Mann einen der drei Postbediensteten, ob er wirklich, wie schon am Vortag, zwanzig Minuten warten m\u00fcsse, und das nur, weil er an derselben Stelle eine falsche Auskunft bekommen habe. Keine Reaktion [&hellip;]\" \/>\n<meta property=\"og:url\" content=\"https:\/\/blog.zeit.de\/zeit-der-leser\/2011\/01\/16\/beamtenstaat\/\" \/>\n<meta property=\"og:site_name\" content=\"ZEIT der Leser\" \/>\n<meta property=\"article:published_time\" content=\"2011-01-16T07:50:09+00:00\" \/>\n<meta property=\"article:modified_time\" content=\"2011-01-12T10:53:06+00:00\" \/>\n<meta name=\"author\" content=\"Zeit der Leser\" \/>\n<meta name=\"twitter:card\" content=\"summary_large_image\" \/>\n<meta name=\"twitter:label1\" content=\"Geschrieben von\" \/>\n\t<meta name=\"twitter:data1\" content=\"Zeit der Leser\" \/>\n\t<meta name=\"twitter:label2\" content=\"Gesch\u00e4tzte Lesezeit\" \/>\n\t<meta name=\"twitter:data2\" content=\"1\u00a0Minute\" \/>\n<script type=\"application\/ld+json\" class=\"yoast-schema-graph\">{\"@context\":\"https:\/\/schema.org\",\"@graph\":[{\"@type\":\"WebPage\",\"@id\":\"https:\/\/blog.zeit.de\/zeit-der-leser\/2011\/01\/16\/beamtenstaat\/\",\"url\":\"https:\/\/blog.zeit.de\/zeit-der-leser\/2011\/01\/16\/beamtenstaat\/\",\"name\":\"Beamtenstaat - ZEIT der Leser\",\"isPartOf\":{\"@id\":\"https:\/\/blog.zeit.de\/zeit-der-leser\/#website\"},\"datePublished\":\"2011-01-16T07:50:09+00:00\",\"dateModified\":\"2011-01-12T10:53:06+00:00\",\"author\":{\"@id\":\"https:\/\/blog.zeit.de\/zeit-der-leser\/#\/schema\/person\/e248c7ff5a10552f6a3bd5e9385b3667\"},\"breadcrumb\":{\"@id\":\"https:\/\/blog.zeit.de\/zeit-der-leser\/2011\/01\/16\/beamtenstaat\/#breadcrumb\"},\"inLanguage\":\"de\",\"potentialAction\":[{\"@type\":\"ReadAction\",\"target\":[\"https:\/\/blog.zeit.de\/zeit-der-leser\/2011\/01\/16\/beamtenstaat\/\"]}]},{\"@type\":\"BreadcrumbList\",\"@id\":\"https:\/\/blog.zeit.de\/zeit-der-leser\/2011\/01\/16\/beamtenstaat\/#breadcrumb\",\"itemListElement\":[{\"@type\":\"ListItem\",\"position\":1,\"name\":\"Startseite\",\"item\":\"https:\/\/blog.zeit.de\/zeit-der-leser\/\"},{\"@type\":\"ListItem\",\"position\":2,\"name\":\"Beamtenstaat\"}]},{\"@type\":\"WebSite\",\"@id\":\"https:\/\/blog.zeit.de\/zeit-der-leser\/#website\",\"url\":\"https:\/\/blog.zeit.de\/zeit-der-leser\/\",\"name\":\"ZEIT der Leser\",\"description\":\"Ein Blog mit Ihren Notizen, Gedichten und Bildern f\u00fcr die gedruckte ZEIT\",\"potentialAction\":[{\"@type\":\"SearchAction\",\"target\":{\"@type\":\"EntryPoint\",\"urlTemplate\":\"https:\/\/blog.zeit.de\/zeit-der-leser\/?s={search_term_string}\"},\"query-input\":\"required name=search_term_string\"}],\"inLanguage\":\"de\"},{\"@type\":\"Person\",\"@id\":\"https:\/\/blog.zeit.de\/zeit-der-leser\/#\/schema\/person\/e248c7ff5a10552f6a3bd5e9385b3667\",\"name\":\"Zeit der Leser\",\"image\":{\"@type\":\"ImageObject\",\"inLanguage\":\"de\",\"@id\":\"https:\/\/blog.zeit.de\/zeit-der-leser\/#\/schema\/person\/image\/\",\"url\":\"https:\/\/secure.gravatar.com\/avatar\/529bb2731085995bda6c8ba0e4da7e528ea8be4e6c7abdd217f176e2309035f6?s=96&d=mm&r=g\",\"contentUrl\":\"https:\/\/secure.gravatar.com\/avatar\/529bb2731085995bda6c8ba0e4da7e528ea8be4e6c7abdd217f176e2309035f6?s=96&d=mm&r=g\",\"caption\":\"Zeit der Leser\"},\"url\":\"https:\/\/blog.zeit.de\/zeit-der-leser\/author\/zeit-der-leser\/\"}]}<\/script>\n<!-- \/ Yoast SEO plugin. -->","yoast_head_json":{"title":"Beamtenstaat - ZEIT der Leser","robots":{"index":"index","follow":"follow","max-snippet":"max-snippet:-1","max-image-preview":"max-image-preview:large","max-video-preview":"max-video-preview:-1"},"canonical":"https:\/\/blog.zeit.de\/zeit-der-leser\/2011\/01\/16\/beamtenstaat\/","og_locale":"de_DE","og_type":"article","og_title":"Beamtenstaat - ZEIT der Leser","og_description":"Hauptpostamt Kaiserslautern, kurz nach Schalter\u00f6ffnung: 16 Kunden warten geduldig in der Schlange. Die Abfertigung verl\u00e4uft sehr schleppend. Aus der Schlange heraus fragt ein junger Mann einen der drei Postbediensteten, ob er wirklich, wie schon am Vortag, zwanzig Minuten warten m\u00fcsse, und das nur, weil er an derselben Stelle eine falsche Auskunft bekommen habe. Keine Reaktion [&hellip;]","og_url":"https:\/\/blog.zeit.de\/zeit-der-leser\/2011\/01\/16\/beamtenstaat\/","og_site_name":"ZEIT der Leser","article_published_time":"2011-01-16T07:50:09+00:00","article_modified_time":"2011-01-12T10:53:06+00:00","author":"Zeit der Leser","twitter_card":"summary_large_image","twitter_misc":{"Geschrieben von":"Zeit der Leser","Gesch\u00e4tzte Lesezeit":"1\u00a0Minute"},"schema":{"@context":"https:\/\/schema.org","@graph":[{"@type":"WebPage","@id":"https:\/\/blog.zeit.de\/zeit-der-leser\/2011\/01\/16\/beamtenstaat\/","url":"https:\/\/blog.zeit.de\/zeit-der-leser\/2011\/01\/16\/beamtenstaat\/","name":"Beamtenstaat - ZEIT der Leser","isPartOf":{"@id":"https:\/\/blog.zeit.de\/zeit-der-leser\/#website"},"datePublished":"2011-01-16T07:50:09+00:00","dateModified":"2011-01-12T10:53:06+00:00","author":{"@id":"https:\/\/blog.zeit.de\/zeit-der-leser\/#\/schema\/person\/e248c7ff5a10552f6a3bd5e9385b3667"},"breadcrumb":{"@id":"https:\/\/blog.zeit.de\/zeit-der-leser\/2011\/01\/16\/beamtenstaat\/#breadcrumb"},"inLanguage":"de","potentialAction":[{"@type":"ReadAction","target":["https:\/\/blog.zeit.de\/zeit-der-leser\/2011\/01\/16\/beamtenstaat\/"]}]},{"@type":"BreadcrumbList","@id":"https:\/\/blog.zeit.de\/zeit-der-leser\/2011\/01\/16\/beamtenstaat\/#breadcrumb","itemListElement":[{"@type":"ListItem","position":1,"name":"Startseite","item":"https:\/\/blog.zeit.de\/zeit-der-leser\/"},{"@type":"ListItem","position":2,"name":"Beamtenstaat"}]},{"@type":"WebSite","@id":"https:\/\/blog.zeit.de\/zeit-der-leser\/#website","url":"https:\/\/blog.zeit.de\/zeit-der-leser\/","name":"ZEIT der Leser","description":"Ein Blog mit Ihren Notizen, Gedichten und Bildern f\u00fcr die gedruckte ZEIT","potentialAction":[{"@type":"SearchAction","target":{"@type":"EntryPoint","urlTemplate":"https:\/\/blog.zeit.de\/zeit-der-leser\/?s={search_term_string}"},"query-input":"required name=search_term_string"}],"inLanguage":"de"},{"@type":"Person","@id":"https:\/\/blog.zeit.de\/zeit-der-leser\/#\/schema\/person\/e248c7ff5a10552f6a3bd5e9385b3667","name":"Zeit der Leser","image":{"@type":"ImageObject","inLanguage":"de","@id":"https:\/\/blog.zeit.de\/zeit-der-leser\/#\/schema\/person\/image\/","url":"https:\/\/secure.gravatar.com\/avatar\/529bb2731085995bda6c8ba0e4da7e528ea8be4e6c7abdd217f176e2309035f6?s=96&d=mm&r=g","contentUrl":"https:\/\/secure.gravatar.com\/avatar\/529bb2731085995bda6c8ba0e4da7e528ea8be4e6c7abdd217f176e2309035f6?s=96&d=mm&r=g","caption":"Zeit der Leser"},"url":"https:\/\/blog.zeit.de\/zeit-der-leser\/author\/zeit-der-leser\/"}]}},"jetpack_featured_media_url":"","jetpack_sharing_enabled":true,"_links":{"self":[{"href":"https:\/\/blog.zeit.de\/zeit-der-leser\/wp-json\/wp\/v2\/posts\/3808","targetHints":{"allow":["GET"]}}],"collection":[{"href":"https:\/\/blog.zeit.de\/zeit-der-leser\/wp-json\/wp\/v2\/posts"}],"about":[{"href":"https:\/\/blog.zeit.de\/zeit-der-leser\/wp-json\/wp\/v2\/types\/post"}],"author":[{"embeddable":true,"href":"https:\/\/blog.zeit.de\/zeit-der-leser\/wp-json\/wp\/v2\/users\/264"}],"replies":[{"embeddable":true,"href":"https:\/\/blog.zeit.de\/zeit-der-leser\/wp-json\/wp\/v2\/comments?post=3808"}],"version-history":[{"count":1,"href":"https:\/\/blog.zeit.de\/zeit-der-leser\/wp-json\/wp\/v2\/posts\/3808\/revisions"}],"predecessor-version":[{"id":3809,"href":"https:\/\/blog.zeit.de\/zeit-der-leser\/wp-json\/wp\/v2\/posts\/3808\/revisions\/3809"}],"wp:attachment":[{"href":"https:\/\/blog.zeit.de\/zeit-der-leser\/wp-json\/wp\/v2\/media?parent=3808"}],"wp:term":[{"taxonomy":"category","embeddable":true,"href":"https:\/\/blog.zeit.de\/zeit-der-leser\/wp-json\/wp\/v2\/categories?post=3808"},{"taxonomy":"post_tag","embeddable":true,"href":"https:\/\/blog.zeit.de\/zeit-der-leser\/wp-json\/wp\/v2\/tags?post=3808"}],"curies":[{"name":"wp","href":"https:\/\/api.w.org\/{rel}","templated":true}]}}