{"id":3845,"date":"2011-01-16T15:59:26","date_gmt":"2011-01-16T14:59:26","guid":{"rendered":"http:\/\/blog.zeit.de\/zeit-der-leser\/?p=3845"},"modified":"2011-01-12T16:00:12","modified_gmt":"2011-01-12T15:00:12","slug":"unser-brieftrager","status":"publish","type":"post","link":"https:\/\/blog.zeit.de\/zeit-der-leser\/2011\/01\/16\/unser-brieftrager\/","title":{"rendered":"Unser Brieftr\u00e4ger!"},"content":{"rendered":"<p>T\u00e4glich liefert er gut gelaunt die Post an die Haust\u00fcr und hat oft noch Zeit f\u00fcr ein paar nette Worte. Wenn wir nicht im Haus sind und er bei meiner 90j\u00e4hrigen Mutter klingeln muss, wartet er geduldig, bis sie die Treppe geschafft hat. Daf\u00fcr hat sie ihm zu Weihnachten ein paar Pl\u00e4tzchen gebacken. Wenn er richtig gut drauf ist, springt er \u00fcber das Gartentor. <\/p>\n<p><em>Iris Born-Katzer, Ratingen<\/em><\/p>\n","protected":false},"excerpt":{"rendered":"<p>T\u00e4glich liefert er gut gelaunt die Post an die Haust\u00fcr und hat oft noch Zeit f\u00fcr ein paar nette Worte. Wenn wir nicht im Haus sind und er bei meiner 90j\u00e4hrigen Mutter klingeln muss, wartet er geduldig, bis sie die Treppe geschafft hat. Daf\u00fcr hat sie ihm zu Weihnachten ein paar Pl\u00e4tzchen gebacken. Wenn er [&hellip;]<\/p>\n","protected":false},"author":264,"featured_media":0,"comment_status":"open","ping_status":"open","sticky":false,"template":"","format":"standard","meta":{"_jetpack_memberships_contains_paid_content":false,"footnotes":""},"categories":[1871],"tags":[],"class_list":["post-3845","post","type-post","status-publish","format-standard","hentry","category-was-mein-leben-reicher-macht"],"yoast_head":"<!-- This site is optimized with the Yoast SEO plugin v21.0 - https:\/\/yoast.com\/wordpress\/plugins\/seo\/ -->\n<title>Unser Brieftr\u00e4ger! - ZEIT der Leser<\/title>\n<meta name=\"robots\" content=\"index, follow, max-snippet:-1, max-image-preview:large, max-video-preview:-1\" \/>\n<link rel=\"canonical\" href=\"https:\/\/blog.zeit.de\/zeit-der-leser\/2011\/01\/16\/unser-brieftrager\/\" \/>\n<meta property=\"og:locale\" content=\"de_DE\" \/>\n<meta property=\"og:type\" content=\"article\" \/>\n<meta property=\"og:title\" content=\"Unser Brieftr\u00e4ger! - ZEIT der Leser\" \/>\n<meta property=\"og:description\" content=\"T\u00e4glich liefert er gut gelaunt die Post an die Haust\u00fcr und hat oft noch Zeit f\u00fcr ein paar nette Worte. Wenn wir nicht im Haus sind und er bei meiner 90j\u00e4hrigen Mutter klingeln muss, wartet er geduldig, bis sie die Treppe geschafft hat. Daf\u00fcr hat sie ihm zu Weihnachten ein paar Pl\u00e4tzchen gebacken. Wenn er [&hellip;]\" \/>\n<meta property=\"og:url\" content=\"https:\/\/blog.zeit.de\/zeit-der-leser\/2011\/01\/16\/unser-brieftrager\/\" \/>\n<meta property=\"og:site_name\" content=\"ZEIT der Leser\" \/>\n<meta property=\"article:published_time\" content=\"2011-01-16T14:59:26+00:00\" \/>\n<meta property=\"article:modified_time\" content=\"2011-01-12T15:00:12+00:00\" \/>\n<meta name=\"author\" content=\"Zeit der Leser\" \/>\n<meta name=\"twitter:card\" content=\"summary_large_image\" \/>\n<meta name=\"twitter:label1\" content=\"Geschrieben von\" \/>\n\t<meta name=\"twitter:data1\" content=\"Zeit der Leser\" \/>\n<script type=\"application\/ld+json\" class=\"yoast-schema-graph\">{\"@context\":\"https:\/\/schema.org\",\"@graph\":[{\"@type\":\"WebPage\",\"@id\":\"https:\/\/blog.zeit.de\/zeit-der-leser\/2011\/01\/16\/unser-brieftrager\/\",\"url\":\"https:\/\/blog.zeit.de\/zeit-der-leser\/2011\/01\/16\/unser-brieftrager\/\",\"name\":\"Unser Brieftr\u00e4ger! - ZEIT der Leser\",\"isPartOf\":{\"@id\":\"https:\/\/blog.zeit.de\/zeit-der-leser\/#website\"},\"datePublished\":\"2011-01-16T14:59:26+00:00\",\"dateModified\":\"2011-01-12T15:00:12+00:00\",\"author\":{\"@id\":\"https:\/\/blog.zeit.de\/zeit-der-leser\/#\/schema\/person\/e248c7ff5a10552f6a3bd5e9385b3667\"},\"breadcrumb\":{\"@id\":\"https:\/\/blog.zeit.de\/zeit-der-leser\/2011\/01\/16\/unser-brieftrager\/#breadcrumb\"},\"inLanguage\":\"de\",\"potentialAction\":[{\"@type\":\"ReadAction\",\"target\":[\"https:\/\/blog.zeit.de\/zeit-der-leser\/2011\/01\/16\/unser-brieftrager\/\"]}]},{\"@type\":\"BreadcrumbList\",\"@id\":\"https:\/\/blog.zeit.de\/zeit-der-leser\/2011\/01\/16\/unser-brieftrager\/#breadcrumb\",\"itemListElement\":[{\"@type\":\"ListItem\",\"position\":1,\"name\":\"Startseite\",\"item\":\"https:\/\/blog.zeit.de\/zeit-der-leser\/\"},{\"@type\":\"ListItem\",\"position\":2,\"name\":\"Unser Brieftr\u00e4ger!\"}]},{\"@type\":\"WebSite\",\"@id\":\"https:\/\/blog.zeit.de\/zeit-der-leser\/#website\",\"url\":\"https:\/\/blog.zeit.de\/zeit-der-leser\/\",\"name\":\"ZEIT der Leser\",\"description\":\"Ein Blog mit Ihren Notizen, Gedichten und Bildern f\u00fcr die gedruckte ZEIT\",\"potentialAction\":[{\"@type\":\"SearchAction\",\"target\":{\"@type\":\"EntryPoint\",\"urlTemplate\":\"https:\/\/blog.zeit.de\/zeit-der-leser\/?s={search_term_string}\"},\"query-input\":\"required name=search_term_string\"}],\"inLanguage\":\"de\"},{\"@type\":\"Person\",\"@id\":\"https:\/\/blog.zeit.de\/zeit-der-leser\/#\/schema\/person\/e248c7ff5a10552f6a3bd5e9385b3667\",\"name\":\"Zeit der Leser\",\"image\":{\"@type\":\"ImageObject\",\"inLanguage\":\"de\",\"@id\":\"https:\/\/blog.zeit.de\/zeit-der-leser\/#\/schema\/person\/image\/\",\"url\":\"https:\/\/secure.gravatar.com\/avatar\/529bb2731085995bda6c8ba0e4da7e528ea8be4e6c7abdd217f176e2309035f6?s=96&d=mm&r=g\",\"contentUrl\":\"https:\/\/secure.gravatar.com\/avatar\/529bb2731085995bda6c8ba0e4da7e528ea8be4e6c7abdd217f176e2309035f6?s=96&d=mm&r=g\",\"caption\":\"Zeit der Leser\"},\"url\":\"https:\/\/blog.zeit.de\/zeit-der-leser\/author\/zeit-der-leser\/\"}]}<\/script>\n<!-- \/ Yoast SEO plugin. -->","yoast_head_json":{"title":"Unser Brieftr\u00e4ger! - ZEIT der Leser","robots":{"index":"index","follow":"follow","max-snippet":"max-snippet:-1","max-image-preview":"max-image-preview:large","max-video-preview":"max-video-preview:-1"},"canonical":"https:\/\/blog.zeit.de\/zeit-der-leser\/2011\/01\/16\/unser-brieftrager\/","og_locale":"de_DE","og_type":"article","og_title":"Unser Brieftr\u00e4ger! - ZEIT der Leser","og_description":"T\u00e4glich liefert er gut gelaunt die Post an die Haust\u00fcr und hat oft noch Zeit f\u00fcr ein paar nette Worte. Wenn wir nicht im Haus sind und er bei meiner 90j\u00e4hrigen Mutter klingeln muss, wartet er geduldig, bis sie die Treppe geschafft hat. Daf\u00fcr hat sie ihm zu Weihnachten ein paar Pl\u00e4tzchen gebacken. Wenn er [&hellip;]","og_url":"https:\/\/blog.zeit.de\/zeit-der-leser\/2011\/01\/16\/unser-brieftrager\/","og_site_name":"ZEIT der Leser","article_published_time":"2011-01-16T14:59:26+00:00","article_modified_time":"2011-01-12T15:00:12+00:00","author":"Zeit der Leser","twitter_card":"summary_large_image","twitter_misc":{"Geschrieben von":"Zeit der Leser"},"schema":{"@context":"https:\/\/schema.org","@graph":[{"@type":"WebPage","@id":"https:\/\/blog.zeit.de\/zeit-der-leser\/2011\/01\/16\/unser-brieftrager\/","url":"https:\/\/blog.zeit.de\/zeit-der-leser\/2011\/01\/16\/unser-brieftrager\/","name":"Unser Brieftr\u00e4ger! - ZEIT der Leser","isPartOf":{"@id":"https:\/\/blog.zeit.de\/zeit-der-leser\/#website"},"datePublished":"2011-01-16T14:59:26+00:00","dateModified":"2011-01-12T15:00:12+00:00","author":{"@id":"https:\/\/blog.zeit.de\/zeit-der-leser\/#\/schema\/person\/e248c7ff5a10552f6a3bd5e9385b3667"},"breadcrumb":{"@id":"https:\/\/blog.zeit.de\/zeit-der-leser\/2011\/01\/16\/unser-brieftrager\/#breadcrumb"},"inLanguage":"de","potentialAction":[{"@type":"ReadAction","target":["https:\/\/blog.zeit.de\/zeit-der-leser\/2011\/01\/16\/unser-brieftrager\/"]}]},{"@type":"BreadcrumbList","@id":"https:\/\/blog.zeit.de\/zeit-der-leser\/2011\/01\/16\/unser-brieftrager\/#breadcrumb","itemListElement":[{"@type":"ListItem","position":1,"name":"Startseite","item":"https:\/\/blog.zeit.de\/zeit-der-leser\/"},{"@type":"ListItem","position":2,"name":"Unser Brieftr\u00e4ger!"}]},{"@type":"WebSite","@id":"https:\/\/blog.zeit.de\/zeit-der-leser\/#website","url":"https:\/\/blog.zeit.de\/zeit-der-leser\/","name":"ZEIT der Leser","description":"Ein Blog mit Ihren Notizen, Gedichten und Bildern f\u00fcr die gedruckte ZEIT","potentialAction":[{"@type":"SearchAction","target":{"@type":"EntryPoint","urlTemplate":"https:\/\/blog.zeit.de\/zeit-der-leser\/?s={search_term_string}"},"query-input":"required name=search_term_string"}],"inLanguage":"de"},{"@type":"Person","@id":"https:\/\/blog.zeit.de\/zeit-der-leser\/#\/schema\/person\/e248c7ff5a10552f6a3bd5e9385b3667","name":"Zeit der Leser","image":{"@type":"ImageObject","inLanguage":"de","@id":"https:\/\/blog.zeit.de\/zeit-der-leser\/#\/schema\/person\/image\/","url":"https:\/\/secure.gravatar.com\/avatar\/529bb2731085995bda6c8ba0e4da7e528ea8be4e6c7abdd217f176e2309035f6?s=96&d=mm&r=g","contentUrl":"https:\/\/secure.gravatar.com\/avatar\/529bb2731085995bda6c8ba0e4da7e528ea8be4e6c7abdd217f176e2309035f6?s=96&d=mm&r=g","caption":"Zeit der Leser"},"url":"https:\/\/blog.zeit.de\/zeit-der-leser\/author\/zeit-der-leser\/"}]}},"jetpack_featured_media_url":"","jetpack_sharing_enabled":true,"_links":{"self":[{"href":"https:\/\/blog.zeit.de\/zeit-der-leser\/wp-json\/wp\/v2\/posts\/3845","targetHints":{"allow":["GET"]}}],"collection":[{"href":"https:\/\/blog.zeit.de\/zeit-der-leser\/wp-json\/wp\/v2\/posts"}],"about":[{"href":"https:\/\/blog.zeit.de\/zeit-der-leser\/wp-json\/wp\/v2\/types\/post"}],"author":[{"embeddable":true,"href":"https:\/\/blog.zeit.de\/zeit-der-leser\/wp-json\/wp\/v2\/users\/264"}],"replies":[{"embeddable":true,"href":"https:\/\/blog.zeit.de\/zeit-der-leser\/wp-json\/wp\/v2\/comments?post=3845"}],"version-history":[{"count":1,"href":"https:\/\/blog.zeit.de\/zeit-der-leser\/wp-json\/wp\/v2\/posts\/3845\/revisions"}],"predecessor-version":[{"id":3846,"href":"https:\/\/blog.zeit.de\/zeit-der-leser\/wp-json\/wp\/v2\/posts\/3845\/revisions\/3846"}],"wp:attachment":[{"href":"https:\/\/blog.zeit.de\/zeit-der-leser\/wp-json\/wp\/v2\/media?parent=3845"}],"wp:term":[{"taxonomy":"category","embeddable":true,"href":"https:\/\/blog.zeit.de\/zeit-der-leser\/wp-json\/wp\/v2\/categories?post=3845"},{"taxonomy":"post_tag","embeddable":true,"href":"https:\/\/blog.zeit.de\/zeit-der-leser\/wp-json\/wp\/v2\/tags?post=3845"}],"curies":[{"name":"wp","href":"https:\/\/api.w.org\/{rel}","templated":true}]}}